{"id":61341,"date":"2023-05-31T09:30:00","date_gmt":"2023-05-31T09:30:00","guid":{"rendered":"https:\/\/fm-comunicar.com.ar\/contenido\/20277\/comenzo-el-segundo-encuentro-nacional-de-escultores-de-jesus-maria"},"modified":"2023-05-31T09:30:00","modified_gmt":"2023-05-31T09:30:00","slug":"comenzo-el-segundo-encuentro-nacional-de-escultores-de-jesus-maria","status":"publish","type":"post","link":"http:\/\/hoycordobaweb.com\/index.php\/2023\/05\/31\/comenzo-el-segundo-encuentro-nacional-de-escultores-de-jesus-maria\/","title":{"rendered":"Comenz\u00f3 el Segundo Encuentro Nacional de Escultores de Jes\u00fas Mar\u00eda"},"content":{"rendered":"<p>Los diez artistas ya se encuentran en Plaza San Mart\u00edn creando sus obras inspiradas en los 150 a\u00f1os de fundaci\u00f3n de la ciudad. La presentaci\u00f3n de las esculturas terminadas se realizar\u00e1 el s\u00e1bado 3 de junio.<img src=\"http:\/\/hoycordobaweb.com\/wp-content\/uploads\/2023\/06\/comenzo-el-segundo-encuentro-nacional-de-escultores-de-jesus-maria.jpg\"><\/p>\n","protected":false},"excerpt":{"rendered":"<p>Los diez artistas ya se encuentran en Plaza San Mart\u00edn creando sus obras inspiradas en los 150 a\u00f1os de fundaci\u00f3n de la ciudad. La presentaci\u00f3n de las esculturas terminadas se realizar\u00e1 el s\u00e1bado 3 de junio.<\/p>\n","protected":false},"author":1,"featured_media":61342,"comment_status":"closed","ping_status":"closed","sticky":false,"template":"","format":"standard","meta":[],"categories":[18],"tags":[],"_links":{"self":[{"href":"http:\/\/hoycordobaweb.com\/index.php\/wp-json\/wp\/v2\/posts\/61341"}],"collection":[{"href":"http:\/\/hoycordobaweb.com\/index.php\/wp-json\/wp\/v2\/posts"}],"about":[{"href":"http:\/\/hoycordobaweb.com\/index.php\/wp-json\/wp\/v2\/types\/post"}],"author":[{"embeddable":true,"href":"http:\/\/hoycordobaweb.com\/index.php\/wp-json\/wp\/v2\/users\/1"}],"replies":[{"embeddable":true,"href":"http:\/\/hoycordobaweb.com\/index.php\/wp-json\/wp\/v2\/comments?post=61341"}],"version-history":[{"count":0,"href":"http:\/\/hoycordobaweb.com\/index.php\/wp-json\/wp\/v2\/posts\/61341\/revisions"}],"wp:featuredmedia":[{"embeddable":true,"href":"http:\/\/hoycordobaweb.com\/index.php\/wp-json\/wp\/v2\/media\/61342"}],"wp:attachment":[{"href":"http:\/\/hoycordobaweb.com\/index.php\/wp-json\/wp\/v2\/media?parent=61341"}],"wp:term":[{"taxonomy":"category","embeddable":true,"href":"http:\/\/hoycordobaweb.com\/index.php\/wp-json\/wp\/v2\/categories?post=61341"},{"taxonomy":"post_tag","embeddable":true,"href":"http:\/\/hoycordobaweb.com\/index.php\/wp-json\/wp\/v2\/tags?post=61341"}],"curies":[{"name":"wp","href":"https:\/\/api.w.org\/{rel}","templated":true}]}}