{"id":61313,"date":"2023-06-08T01:12:20","date_gmt":"2023-06-08T01:12:20","guid":{"rendered":"https:\/\/www.ole.com.ar\/futbol-internacional\/libertadores\/video-felipe-melo-cruz-river-fluminense_0_gjX6f1BIbZ.html"},"modified":"2023-06-08T01:12:20","modified_gmt":"2023-06-08T01:12:20","slug":"video-siempre-picante-y-anti-river-el-grito-en-la-cara-de-felipe-melo-a-de-la-cruz","status":"publish","type":"post","link":"http:\/\/hoycordobaweb.com\/index.php\/2023\/06\/08\/video-siempre-picante-y-anti-river-el-grito-en-la-cara-de-felipe-melo-a-de-la-cruz\/","title":{"rendered":"Video: siempre picante y anti River, el grito en la cara de Felipe Melo a De la Cruz"},"content":{"rendered":"<p><img src=\"http:\/\/hoycordobaweb.com\/wp-content\/uploads\/2023\/06\/video-siempre-picante-y-anti-river-el-grito-en-la-cara-de-felipe-melo-a-de-la-cruz.jpg\"><\/p>\n<p><time class=\"createDate\" datetime=\"2023-06-07T22:12:20-03:00\">07\/06\/2023 22:12hs.<\/time><time class=\"modificatedDate\" datetime=\"2023\/06\/08T0:20:51-03:00\"> Actualizado al 08\/06\/2023 0:20hs.<\/time><\/p>\n<div id=\"storyBody\">\n<div class=\"custom-text \" readability=\"37\">\n<p>Felipe Melo es un personaje dentro y fuera de la cancha. Confeso hincha de Boca, no fue un partido m\u00e1s para \u00e9l en el Monumental ante River. Si bien \u00e9l le rest\u00f3 importancia en la conferencia de prensa posterior, dentro del campo de juego no se not\u00f3. El defensor de 39 a\u00f1os no s\u00f3lo tuvo un fuerte <strong>cruce con Nicol\u00e1s de la Cruz durante el primer tiempo (luego de ir por una dividida le bram\u00f3 enojado en la cara)<\/strong> sino que intent\u00f3 condicionar a Esequiel Barco al momento de la ejecuci\u00f3n del penal del 2-0. Y hubo m\u00e1s&#8230;<\/p>\n<\/div>\n<p><h2><strong>La gallinita de Melo<\/strong><\/h2>\n<\/p>\n<div class=\"custom-text \" readability=\"38\">\n<p>Para el cierre, termin\u00f3 retir\u00e1ndose del campo de juego haci\u00e9ndoles a los hinchas la \u201cgallinita\u201d, el movimiento de los brazos flexionados que en 2004 ya hab\u00eda hecho Carlos Tevez, un referente de Boca. P<strong>ara ser un partido \u201cnormal\u201d, se calent\u00f3 bastante&#8230;<\/strong><\/p>\n<\/div>\n<div class=\"custom-text \" readability=\"36\">\n<p><strong>\u00abPara m\u00ed jugar contra River no es especial. Fue un partido m\u00e1s. Especial es jugar contra Boca. En los dos partidos, River peg\u00f3 patadas y no cobr\u00f3 nada el \u00e1rbitro. Es muy dif\u00edcil cuando jug\u00e1s contra equipos as\u00ed y que no te cobren nada<\/strong>\u00ab, se quej\u00f3 en la conferencia junto a su entrenador.<\/p>\n<\/div>\n<div class=\"sc-7ce6049-0 dwIKul\">\n<div class=\"sc-7ce6049-1 bdcBBS videoText\" id=\"contentTitleundefinedsnkfuzF3\"><svg fill=\"#ffffff\"><symbol id=\"play\" viewBox=\"0 0 512 512\"><path d=\"M512 256C512 397.4 397.4 512 256 512C114.6 512 0 397.4 0 256C0 114.6 114.6 0 256 0C397.4 0 512 114.6 512 256zM176 168V344C176 352.7 180.7 360.7 188.3 364.9C195.8 369.2 205.1 369 212.5 364.5L356.5 276.5C363.6 272.1 368 264.4 368 256C368 247.6 363.6 239.9 356.5 235.5L212.5 147.5C205.1 142.1 195.8 142.8 188.3 147.1C180.7 151.3 176 159.3 176 168V168z\" \/><\/symbol><use xlink:href=\"#play\" \/><\/svg><\/p>\n<div class=\"right\">\n<p>Felipe Melo<!-- --> &#8211;<!-- --> <span>8-6-2023<\/span><\/p>\n<h2 class=\"title-vid\">As\u00ed se fue Felipe Melo del monumental<\/h2>\n<\/div>\n<\/div>\n<p><span class=\"back\" id=\"spanBackundefinedsnkfuzF3\"><\/span><\/div>\n<p><h2><strong>Su reacci\u00f3n en el primer tiempo<\/strong><\/h2>\n<\/p>\n<div class=\"custom-text \" readability=\"35\">\n<p>\u00bfQu\u00e9 le pas\u00f3? <strong>La reacci\u00f3n de Felipe Melo frente a Nicol\u00e1s de la Cruz sorprendi\u00f3 a m\u00e1s de uno en el Monumental<\/strong>: el defensor brasile\u00f1o explot\u00f3 luego de que el uruguayo fuera a pelear con \u00e9l una pelota al lateral, \u00a1y le bram\u00f3 en la cara!<\/p>\n<\/div>\n<div class=\"custom-text \" readability=\"38\">\n<p>La jugada fue a los 19 minutos del primer tiempo, cerca del \u00e1rea de Flu. <strong>De la Cruz salt\u00f3 bien alto, logr\u00f3 ganarle la posici\u00f3n a Guga y cabece\u00f3 hacia la zona del lateral buscando desactivar una potencial contra rival<\/strong>. Y viendo que el elemento todav\u00eda estaba dentro del campo, fue a pelear la dividida con <strong>Felipe Melo.<\/strong><\/p>\n<\/div>\n<div class=\"sc-7ce6049-0 dwIKul\">\n<div class=\"sc-7ce6049-1 bdcBBS videoText\" id=\"contentTitleundefineda7wVwq6R\"><svg fill=\"#ffffff\"><symbol id=\"play\" viewBox=\"0 0 512 512\"><path d=\"M512 256C512 397.4 397.4 512 256 512C114.6 512 0 397.4 0 256C0 114.6 114.6 0 256 0C397.4 0 512 114.6 512 256zM176 168V344C176 352.7 180.7 360.7 188.3 364.9C195.8 369.2 205.1 369 212.5 364.5L356.5 276.5C363.6 272.1 368 264.4 368 256C368 247.6 363.6 239.9 356.5 235.5L212.5 147.5C205.1 142.1 195.8 142.8 188.3 147.1C180.7 151.3 176 159.3 176 168V168z\" \/><\/symbol><use xlink:href=\"#play\" \/><\/svg><\/p>\n<div class=\"right\">\n<p>River Plate<!-- --> &#8211;<!-- --> <span>8-6-2023<\/span><\/p>\n<h2 class=\"title-vid\">De La Cruz estuvo cerca del primero<\/h2>\n<\/div>\n<\/div>\n<p><span class=\"back\" id=\"spanBackundefineda7wVwq6R\"><\/span><\/div>\n<div class=\"custom-text \" readability=\"35\">\n<p>Es cierto: el uruguayo no lleg\u00f3 c\u00f3modo al duelo y le dio un leve empujoncito con el cuerpo a su adversario. Sin embargo,<strong> la reacci\u00f3n de Felipe Melo fue desmesurada: pr\u00e1cticamente peche\u00f3 a De la Cruz mientras ensayaba un grito desaforado.<\/strong><\/p>\n<\/div>\n<div class=\"custom-text \" readability=\"37\">\n<p>El \u00e1rbitro Wilmar Rold\u00e1n, al observar el gesto del futbolista de Fluminense, <strong>se acerc\u00f3 a advertirlo, algo que no le cay\u00f3 para nada bien al brasile\u00f1o de 39 a\u00f1o<\/strong>s. Quien este mi\u00e9rcoles en el Monumental vivi\u00f3 un partido sin dudas especial dado su fanatismo por Boca.<\/p>\n<\/div>\n<p><h2>Un hincha de Boca confeso<\/h2>\n<\/p>\n<div class=\"sc-e7b891c4-0 jPbnQF\"><img alt=\"Felipe Melo, siempre picante (AFP).\" src=\"http:\/\/hoycordobaweb.com\/wp-content\/uploads\/2023\/06\/video-siempre-picante-y-anti-river-el-grito-en-la-cara-de-felipe-melo-a-de-la-cruz-2.jpg\" width=\"72\" height=\"10\" decoding=\"async\" data-nimg=\"future\" loading=\"lazy\"><span class=\"epigraphe\">Felipe Melo, siempre picante (AFP).<\/span><\/div>\n<div class=\"custom-text \" readability=\"37\">\n<p><strong>Felipe Melo nunca ocult\u00f3 su cari\u00f1o por Boca.<\/strong> De hecho se mostr\u00f3 en varias oportunidades en las redes sociales observando alg\u00fan partido del Xeneize o vistiendo alguna prenda aleg\u00f3rica. De hecho, en di\u00e1logo con <strong>Ol\u00e9<\/strong>, <strong>Germ\u00e1n Cano<\/strong> revel\u00f3 que no se trata de un personaje: que efectivamente lleva al CABJ en la sangre.<\/p>\n<\/div>\n<div class=\"custom-text \" readability=\"36\">\n<p><strong>\u201cEs muy hincha de Boca. Mira todos los partidos por el tel\u00e9fono. Habla muy bien espa\u00f1ol y es un lindo personaje. As\u00ed como lo ven en las historias de Instagram lo es en el d\u00eda a d\u00eda. Es un loco lindo que nos hace muy bien\u201d<\/strong>, le respond\u00eda el goleador de Fluminense a este diario hace unos meses.<\/p>\n<\/div>\n<div class=\"custom-text \" readability=\"33\">\n<p>\u201cGrita los goles y hasta canta las canciones\u201d, revel\u00f3 Cano sobre su compa\u00f1ero.<\/p>\n<\/div>\n<div class=\"sc-a7166897-0 exHLBh\" readability=\"6.5\">\n<section readability=\"3\"><picture><img alt=\"Refuerzo de efectivos y vigilancia extrema: ya rige el plan de contingencia de River en el Monumental\" src=\"http:\/\/hoycordobaweb.com\/wp-content\/uploads\/2023\/06\/video-siempre-picante-y-anti-river-el-grito-en-la-cara-de-felipe-melo-a-de-la-cruz-3.jpg\" width=\"29\" height=\"29\" decoding=\"async\" data-nimg=\"future\" loading=\"lazy\"><\/picture>\n<p><span>Mir\u00e1 tambi\u00e9n<\/span><\/p>\n<hr>\n<h3>Refuerzo de efectivos y vigilancia extrema: ya rige el plan de contingencia de River en el Monumental<\/h3>\n<\/p>\n<\/section>\n<\/div>\n<div class=\"sc-a7166897-0 exHLBh\" readability=\"6\">\n<section readability=\"2\"><picture><img alt=\"Lanzini habl\u00f3 sobre su posible regreso a River\" src=\"http:\/\/hoycordobaweb.com\/wp-content\/uploads\/2023\/06\/video-siempre-picante-y-anti-river-el-grito-en-la-cara-de-felipe-melo-a-de-la-cruz-4.jpg\" width=\"29\" height=\"29\" decoding=\"async\" data-nimg=\"future\" loading=\"lazy\"><\/picture>\n<p><span>Mir\u00e1 tambi\u00e9n<\/span><\/p>\n<hr>\n<h3>Lanzini habl\u00f3 sobre su posible regreso a River<\/h3>\n<\/p>\n<\/section>\n<\/div>\n<\/div>\n","protected":false},"excerpt":{"rendered":"<p>07\/06\/2023 22:12hs. Actualizado al 08\/06\/2023 0:20hs. Felipe Melo es un personaje dentro y fuera de la cancha. Confeso hincha de Boca, no fue un partido m\u00e1s para \u00e9l en el Monumental ante River. Si bien \u00e9l le rest\u00f3 importancia en la conferencia de prensa posterior, dentro del campo de juego no se not\u00f3. El defensor [&hellip;]<\/p>\n","protected":false},"author":1,"featured_media":61314,"comment_status":"open","ping_status":"closed","sticky":false,"template":"","format":"standard","meta":[],"categories":[16],"tags":[],"_links":{"self":[{"href":"http:\/\/hoycordobaweb.com\/index.php\/wp-json\/wp\/v2\/posts\/61313"}],"collection":[{"href":"http:\/\/hoycordobaweb.com\/index.php\/wp-json\/wp\/v2\/posts"}],"about":[{"href":"http:\/\/hoycordobaweb.com\/index.php\/wp-json\/wp\/v2\/types\/post"}],"author":[{"embeddable":true,"href":"http:\/\/hoycordobaweb.com\/index.php\/wp-json\/wp\/v2\/users\/1"}],"replies":[{"embeddable":true,"href":"http:\/\/hoycordobaweb.com\/index.php\/wp-json\/wp\/v2\/comments?post=61313"}],"version-history":[{"count":0,"href":"http:\/\/hoycordobaweb.com\/index.php\/wp-json\/wp\/v2\/posts\/61313\/revisions"}],"wp:featuredmedia":[{"embeddable":true,"href":"http:\/\/hoycordobaweb.com\/index.php\/wp-json\/wp\/v2\/media\/61314"}],"wp:attachment":[{"href":"http:\/\/hoycordobaweb.com\/index.php\/wp-json\/wp\/v2\/media?parent=61313"}],"wp:term":[{"taxonomy":"category","embeddable":true,"href":"http:\/\/hoycordobaweb.com\/index.php\/wp-json\/wp\/v2\/categories?post=61313"},{"taxonomy":"post_tag","embeddable":true,"href":"http:\/\/hoycordobaweb.com\/index.php\/wp-json\/wp\/v2\/tags?post=61313"}],"curies":[{"name":"wp","href":"https:\/\/api.w.org\/{rel}","templated":true}]}}