{"id":61297,"date":"2023-06-07T15:58:41","date_gmt":"2023-06-07T15:58:41","guid":{"rendered":"https:\/\/ladecimaweb.com\/?p=16941"},"modified":"2023-06-07T15:58:41","modified_gmt":"2023-06-07T15:58:41","slug":"los-docentes-municipales-se-capacitan-en-programacion-robotica-y-en-la-ensenanza-del-cuarteto","status":"publish","type":"post","link":"http:\/\/hoycordobaweb.com\/index.php\/2023\/06\/07\/los-docentes-municipales-se-capacitan-en-programacion-robotica-y-en-la-ensenanza-del-cuarteto\/","title":{"rendered":"Los docentes municipales se capacitan en programaci\u00f3n, rob\u00f3tica y en la ense\u00f1anza del cuarteto"},"content":{"rendered":"<div class=\"boldgrid-section\">\n<div class=\"container\">\n<div class=\"row\">\n<div class=\"col-md-12 col-xs-12 col-sm-12\">\n<p>En paralelo a la capacitaci\u00f3n de programaci\u00f3n y rob\u00f3tica, un importante grupo de docentes municipales avanza en la formaci\u00f3n de la ense\u00f1anza del Cuarteto, en la tercera instancia del a\u00f1o, con formato presencial en el espacio conocido como \u201cEcosistema de Aprendizajes\u201d.<\/p>\n<p>Esta propuesta formativa, titulada \u201cLa ense\u00f1anza del cuarteto en la Educaci\u00f3n Inicial, Primaria y Modalidades: aspectos conceptuales y pedag\u00f3gico-did\u00e1cticos (Nivel II)\u201d, alcanza a profesores de m\u00fasica de jardines y escuelas del Sistema Educativo Municipal.<\/p>\n<p>Este grupo de cerca de 30 profesores y profesoras se encuentra realizando la capacitaci\u00f3n en esta materia por segundo a\u00f1o consecutivo, mientras que otro grupo comenz\u00f3 tambi\u00e9n este a\u00f1o, con el Nivel I.<\/p>\n<p>En esta jornada, los docentes accedieron a los siguientes contenidos: \u201cAntecedentes musicales\u201d, \u201cPatrones r\u00edtmicos b\u00e1sicos\u201d, \u201cLa clave u onomatopeya como esp\u00edritu que atraviesa el g\u00e9nero\u201d, \u201cDel pasodoble al merengue\u201d, \u201cEl baile\u201d, \u201cDefinici\u00f3n, costumbres y variantes a trav\u00e9s del tiempo\u201d y \u201cEl bajo en el g\u00e9nero Cuarteto\u201d.<\/p>\n<p>La propuesta contiene un total de ocho unidades, con instancias presenciales, virtuales, conversatorios, trabajos pr\u00e1cticos y cierre con una evaluaci\u00f3n integradora.<\/p>\n<p>Otros temas que ser\u00e1n tratados durante el curso son: \u201cEl viol\u00edn y el acorde\u00f3n en el g\u00e9nero Cuarteto\u201d, \u201cLa l\u00ednea mel\u00f3dica, sus derivados y variantes, \u201cLetras: tem\u00e1ticas recurrentes\u201d, \u201cBailarines de cuarteto\u201d y \u201cCuarteto y g\u00e9nero\u201d, entre otros.<\/p>\n<p>La capacitaci\u00f3n se extender\u00e1 por los pr\u00f3ximos meses e incluye un proyecto final en el que docentes buscar\u00e1n componer obras musicales de este g\u00e9nero destinadas a sus alumnos.<\/p>\n<p><strong>La ense\u00f1anza del cuarteto en las escuelas<\/strong><\/p>\n<p>Esta formaci\u00f3n docente responde a la propuesta de la Municipalidad de C\u00f3rdoba de ense\u00f1ar sobre este g\u00e9nero popular en las escuelas y jardines municipales con el objetivo de difundir la identidad e idiosincracia cordobesa en las aulas.<\/p>\n<p><em>\u201cEl cuarteto nos atraviesa a todos como ciudadanos. Es una capacitaci\u00f3n de mucha riqueza, porque les permite a los profesores dominar y adquirir estrategias y recursos para producir este tipo de m\u00fasica pensando en nuestros estudiantes\u201d<\/em>, asegur\u00f3 Karin Marreta, miembro del equipo de trabajo municipal.<\/p>\n<p>El cuarteto fue declarado patrimonio cultural inmaterial por el Ministerio de Cultura de la Naci\u00f3n en 2021 y luego en 2022, por una decisi\u00f3n del intendente Mart\u00edn Llaryora, de inter\u00e9s educativo y ense\u00f1anza obligatoria en todas las instituciones educativas municipales.<\/p>\n<p>La ense\u00f1anza del cuarteto se desarrolla de manera transversal, abarcando distintas materias de la curr\u00edcula, con el objetivo de transmitir el patrimonio cultural de la ciudad a las infancias.<\/p>\n<p><strong>Ecosistema de Aprendizajes<\/strong><\/p>\n<p>Esta jornada tuvo lugar en Espacio \u00c9psilon, tambi\u00e9n conocido como Espacio E, un recinto ubicado dentro del \u201cEcosistema de Aprendizajes\u201d (Av. Col\u00f3n 5244), dedicado a la expresi\u00f3n art\u00edstica, comunicaci\u00f3n y movimiento.<\/p>\n<p class=\"\">Semanas atr\u00e1s, el intendente Mart\u00edn Llaryora inaugur\u00f3 el \u201cEspacio @\u201d (Espacio Arroba), dedicado a la rob\u00f3tica y digitalizaci\u00f3n, con equipamiento de \u00faltima tecnolog\u00eda.<\/p>\n<p>El \u201cEcosistema de Aprendizajes\u201d tambi\u00e9n est\u00e1 compuesto por el Espacio Pi, la Biblioteca Pedag\u00f3gica Municipal Rosarito Pe\u00f1aloza y la sede de la Direcci\u00f3n de Aprendizaje y Desarrollo Profesional.<\/p>\n<p class=\"\">All\u00ed se capacitan y se llevan a cabo proyectos, laboratorios y talleres con diversos actores educativos de la ciudad y del Ente Intermetropolitano, en un lugar dise\u00f1ado para el desarrollo de actividades de todos los niveles educativos, adem\u00e1s de los Parques Educativos, Centros de Encuentro Barrial y entidades miembros de la Red de Escuelas y Jardines que Innovan (REJI).<\/p>\n<p class=\"\">\n<div class=\"ubm_banner\"><a href=\"http:\/\/www.cba.gov.ar\/prevencion-incendios\" target=\"_blank\" rel=\"dofollow noopener noreferrer\"><img src=\"http:\/\/hoycordobaweb.com\/wp-content\/uploads\/2023\/06\/los-docentes-municipales-se-capacitan-en-programacion-robotica-y-en-la-ensenanza-del-cuarteto.gif\" alt=\"\"><\/a><\/div>\n<\/div>\n<\/div>\n<\/div>\n<\/div>\n<p>La entrada <a rel=\"nofollow\" href=\"https:\/\/ladecimaweb.com\/los-docentes-municipales-se-capacitan-en-programacion-robotica-y-en-la-ensenanza-del-cuarteto\/\">Los docentes municipales se capacitan en programaci\u00f3n, rob\u00f3tica y en la ense\u00f1anza del cuarteto<\/a> se public\u00f3 primero en <a rel=\"nofollow\" href=\"https:\/\/ladecimaweb.com\">LaDecima<\/a>.<\/p>\n","protected":false},"excerpt":{"rendered":"<p>En paralelo a la capacitaci\u00f3n de programaci\u00f3n y rob\u00f3tica, un importante grupo de docentes municipales avanza en la formaci\u00f3n de la ense\u00f1anza del Cuarteto, en la tercera instancia del a\u00f1o, con formato presencial en el espacio conocido como \u201cEcosistema de Aprendizajes\u201d. Esta propuesta formativa, titulada \u201cLa ense\u00f1anza del cuarteto en la Educaci\u00f3n Inicial, Primaria y [&hellip;]<\/p>\n","protected":false},"author":1,"featured_media":61298,"comment_status":"closed","ping_status":"closed","sticky":false,"template":"","format":"standard","meta":[],"categories":[19],"tags":[],"_links":{"self":[{"href":"http:\/\/hoycordobaweb.com\/index.php\/wp-json\/wp\/v2\/posts\/61297"}],"collection":[{"href":"http:\/\/hoycordobaweb.com\/index.php\/wp-json\/wp\/v2\/posts"}],"about":[{"href":"http:\/\/hoycordobaweb.com\/index.php\/wp-json\/wp\/v2\/types\/post"}],"author":[{"embeddable":true,"href":"http:\/\/hoycordobaweb.com\/index.php\/wp-json\/wp\/v2\/users\/1"}],"replies":[{"embeddable":true,"href":"http:\/\/hoycordobaweb.com\/index.php\/wp-json\/wp\/v2\/comments?post=61297"}],"version-history":[{"count":0,"href":"http:\/\/hoycordobaweb.com\/index.php\/wp-json\/wp\/v2\/posts\/61297\/revisions"}],"wp:featuredmedia":[{"embeddable":true,"href":"http:\/\/hoycordobaweb.com\/index.php\/wp-json\/wp\/v2\/media\/61298"}],"wp:attachment":[{"href":"http:\/\/hoycordobaweb.com\/index.php\/wp-json\/wp\/v2\/media?parent=61297"}],"wp:term":[{"taxonomy":"category","embeddable":true,"href":"http:\/\/hoycordobaweb.com\/index.php\/wp-json\/wp\/v2\/categories?post=61297"},{"taxonomy":"post_tag","embeddable":true,"href":"http:\/\/hoycordobaweb.com\/index.php\/wp-json\/wp\/v2\/tags?post=61297"}],"curies":[{"name":"wp","href":"https:\/\/api.w.org\/{rel}","templated":true}]}}