{"id":61295,"date":"2023-06-07T16:07:31","date_gmt":"2023-06-07T16:07:31","guid":{"rendered":"https:\/\/ladecimaweb.com\/?p=16945"},"modified":"2023-06-07T16:07:31","modified_gmt":"2023-06-07T16:07:31","slug":"refuerzo-de-agua-para-la-zona-sur","status":"publish","type":"post","link":"http:\/\/hoycordobaweb.com\/index.php\/2023\/06\/07\/refuerzo-de-agua-para-la-zona-sur\/","title":{"rendered":"Refuerzo de agua para la zona sur"},"content":{"rendered":"<div class=\"boldgrid-section\">\n<div class=\"container\">\n<div class=\"row\">\n<div class=\"col-md-12 col-xs-12 col-sm-12\">\n<p class=\"\"><em>El pr\u00f3ximo verano 130.000 vecinos notar\u00e1n una mejora en la presi\u00f3n y caudal de agua potable en sus domicilios.<\/em><\/p>\n<p class=\"\">La Municipalidad de C\u00f3rdoba ejecut\u00f3 el segundo y \u00faltimo empalme de la obra de refuerzo de aducci\u00f3n a la Estaci\u00f3n Elevadora de Villa El Libertador en la esquina de Chiclayo y Bogot\u00e1.<\/p>\n<p>Con la obra hidr\u00e1ulica finalizada, restan peque\u00f1os trabajos civiles, la prueba de funcionamiento del tramo recientemente anexado y la limpieza y desinfecci\u00f3n para su completa habilitaci\u00f3n.<\/p>\n<p class=\"\">El pr\u00f3ximo verano, los 130.000 vecinos que residen en los barrios Villa El Libertador, Comercial, Cabildo, Villa Angelelli, Nuestro Hogar III, Las Huertillas, Las Tablitas, Cooperativa Camoat\u00ed, Cooperativa Felipe Varela y Manantiales I y II notar\u00e1n una mejora en el suministro del servicio de agua potable.<\/p>\n<p>La obra requiri\u00f3 la instalaci\u00f3n de 3.200 metros de ca\u00f1er\u00edas de gran di\u00e1metro para potenciar la Estaci\u00f3n Elevadora de Villa El Libertador.<\/p>\n<p>La inversi\u00f3n que supera los $154 millones representa una soluci\u00f3n hist\u00f3rica para los vecinos de la zona sur.<\/p>\n<p>En paralelo se ejecuta otra obra complementaria que beneficia la misma \u00e1rea de influencia.<\/p>\n<p>Se extiende por 1.650 metros lineales desde la esquina de R\u00edo Negro y Provincias Unidas, por esta \u00faltima hasta Sobremonte y empalma a conducto existente en la intersecci\u00f3n con Guatimoz\u00edn.<\/p>\n<p class=\"\"><strong>Obras complementarias<\/strong><\/p>\n<p>La Municipalidad de C\u00f3rdoba ejecuta obras complementarias para incrementar el caudal y la presi\u00f3n a m\u00e1s a 452.923 vecinos de la ciudad.<\/p>\n<p class=\"\">Las obras requieren la ejecuci\u00f3n de nexos y empalmes que comuniquen subsistemas, la construcci\u00f3n de Estaciones Elevadora e incrementar la capacidad de las existentes en sectores donde el servicio fluct\u00faa, con el objetivo de homogeneizarlo.<\/p>\n<div class=\"ubm_banner\"><a href=\"http:\/\/www.cba.gov.ar\/prevencion-incendios\" target=\"_blank\" rel=\"dofollow noopener noreferrer\"><img src=\"http:\/\/hoycordobaweb.com\/wp-content\/uploads\/2023\/06\/refuerzo-de-agua-para-la-zona-sur.gif\" alt=\"\"><\/a><\/div>\n<p>&nbsp;<\/p>\n<\/div>\n<\/div>\n<\/div>\n<\/div>\n<p>La entrada <a rel=\"nofollow\" href=\"https:\/\/ladecimaweb.com\/refuerzo-de-agua-para-la-zona-sur\/\">Refuerzo de agua para la zona sur<\/a> se public\u00f3 primero en <a rel=\"nofollow\" href=\"https:\/\/ladecimaweb.com\">LaDecima<\/a>.<\/p>\n","protected":false},"excerpt":{"rendered":"<p>El pr\u00f3ximo verano 130.000 vecinos notar\u00e1n una mejora en la presi\u00f3n y caudal de agua potable en sus domicilios. La Municipalidad de C\u00f3rdoba ejecut\u00f3 el segundo y \u00faltimo empalme de la obra de refuerzo de aducci\u00f3n a la Estaci\u00f3n Elevadora de Villa El Libertador en la esquina de Chiclayo y Bogot\u00e1. Con la obra hidr\u00e1ulica [&hellip;]<\/p>\n","protected":false},"author":1,"featured_media":61296,"comment_status":"closed","ping_status":"closed","sticky":false,"template":"","format":"standard","meta":[],"categories":[19],"tags":[],"_links":{"self":[{"href":"http:\/\/hoycordobaweb.com\/index.php\/wp-json\/wp\/v2\/posts\/61295"}],"collection":[{"href":"http:\/\/hoycordobaweb.com\/index.php\/wp-json\/wp\/v2\/posts"}],"about":[{"href":"http:\/\/hoycordobaweb.com\/index.php\/wp-json\/wp\/v2\/types\/post"}],"author":[{"embeddable":true,"href":"http:\/\/hoycordobaweb.com\/index.php\/wp-json\/wp\/v2\/users\/1"}],"replies":[{"embeddable":true,"href":"http:\/\/hoycordobaweb.com\/index.php\/wp-json\/wp\/v2\/comments?post=61295"}],"version-history":[{"count":0,"href":"http:\/\/hoycordobaweb.com\/index.php\/wp-json\/wp\/v2\/posts\/61295\/revisions"}],"wp:featuredmedia":[{"embeddable":true,"href":"http:\/\/hoycordobaweb.com\/index.php\/wp-json\/wp\/v2\/media\/61296"}],"wp:attachment":[{"href":"http:\/\/hoycordobaweb.com\/index.php\/wp-json\/wp\/v2\/media?parent=61295"}],"wp:term":[{"taxonomy":"category","embeddable":true,"href":"http:\/\/hoycordobaweb.com\/index.php\/wp-json\/wp\/v2\/categories?post=61295"},{"taxonomy":"post_tag","embeddable":true,"href":"http:\/\/hoycordobaweb.com\/index.php\/wp-json\/wp\/v2\/tags?post=61295"}],"curies":[{"name":"wp","href":"https:\/\/api.w.org\/{rel}","templated":true}]}}