{"id":61213,"date":"2023-06-05T16:21:39","date_gmt":"2023-06-05T16:21:39","guid":{"rendered":"https:\/\/www.trendencias.com\/belleza\/tamara-falco-desvela-cual-mascarilla-antiedad-que-usa-para-tener-piel-perfecta-a-41-anos"},"modified":"2023-06-05T16:21:39","modified_gmt":"2023-06-05T16:21:39","slug":"tamara-falco-desvela-cual-es-la-mascarilla-antiedad-que-usa-para-tener-la-piel-perfecta-a-los-41-anos","status":"publish","type":"post","link":"http:\/\/hoycordobaweb.com\/index.php\/2023\/06\/05\/tamara-falco-desvela-cual-es-la-mascarilla-antiedad-que-usa-para-tener-la-piel-perfecta-a-los-41-anos\/","title":{"rendered":"Tamara Falc\u00f3 desvela cu\u00e1l es la mascarilla antiedad que usa para tener la piel perfecta a los 41 a\u00f1os"},"content":{"rendered":"<p>Tamara Falc\u00f3 tiene una piel espectacular, muy luminosa y repulpada. Algo que consigue a golpe de <a href=\"https:\/\/www.trendencias.com\/belleza\/nueva-crema-hidratante-que-ha-incluido-tamara-falco-su-rutina-belleza-para-tener-piel-bonita\">rutina de belleza facial<\/a> muy trabajada. Pero tambi\u00e9n de una mascarilla enzim\u00e1tica, que acaba de mostrar en Instagram para <strong>revelar su truco antiedad a los 41 a\u00f1os<\/strong>.<\/p>\n<p><!-- BREAK 1 --><\/p>\n<div class=\"article-asset article-asset-normal article-asset-center\">\n<div class=\"desvio-container\">\n<div class=\"desvio\">\n<div class=\"desvio-figure js-desvio-figure\"> <a href=\"https:\/\/www.trendencias.com\/belleza\/asi-manicura-primaveral-tamara-falco-que-conseguir-unas-unas-muy-elegantes-sencillas-twist\"> <img alt=\"As\u00ed es la manicura m\u00e1s primaveral de Tamara Falc\u00f3 con la que conseguir unas u\u00f1as muy elegantes y sencillas pero con un twist \" src=\"http:\/\/hoycordobaweb.com\/wp-content\/uploads\/2023\/06\/tamara-falco-desvela-cual-es-la-mascarilla-antiedad-que-usa-para-tener-la-piel-perfecta-a-los-41-anos.jpg\"> <\/a> <\/div><\/div><\/div>\n<\/div>\n<p>La <em>celeb <\/em>es muy fan de la firma francesa Sisley y siempre recurre a ella para los cuidados antienvejecimiento de su rostro. Esta vez ha repetido marca con <strong>una mascarilla enzim\u00e1tica exfoliante<\/strong>, ideal para utilizar usar despu\u00e9s de la <a href=\"https:\/\/www.trendencias.com\/belleza\/como-se-hace-rutina-facial-perfecta-seis-pasos-mejores-siete-productos-para-piel-limpia-sana\">limpieza facial<\/a> y dar una buena sesi\u00f3n detox a tu piel.&nbsp;<\/p>\n<p><!-- BREAK 2 --> <\/p>\n<p>Se trata de un <em><strong>peeling <\/strong><\/em><strong>suave que viene en formato polvos<\/strong>. Al mezclarlos con agua se crea una suave f\u00f3rmula cremosa, ideal para dar uniformidad y luz a la piel. Es al mismo tiempo exfoliante purificante y mascarilla hidratante, un 2 en 1 que ha conquistado a Tamara Falc\u00f3 y que cuesta <a class=\"js-ecommerce\" href=\"https:\/\/www.trendencias.com\/redirect?url=https%3A%2F%2Fwww.primor.eu%2Fsisley%2F86257-mascarilla-exfoliante-enzymatique.html%3Fgclid%3DCj0KCQjwj_ajBhCqARIsAA37s0zoqp7KYLjNsuYx31zjsfWwz6wjqTKTSEQ4Ll2kM-r3gyIzhsTZpicaAjqVEALw_wcB%23%2Fvolumen-40_gramos&amp;category=belleza\" data-vars-affiliate-url=\"https:\/\/www.trendencias.com\/redirect?url=https%3A%2F%2Fwww.primor.eu%2Fsisley%2F86257-mascarilla-exfoliante-enzymatique.html%3Fgclid%3DCj0KCQjwj_ajBhCqARIsAA37s0zoqp7KYLjNsuYx31zjsfWwz6wjqTKTSEQ4Ll2kM-r3gyIzhsTZpicaAjqVEALw_wcB%23%2Fvolumen-40_gramos&amp;category=belleza\">75,60 euros<\/a> en Primor.<\/p>\n<p><!-- BREAK 3 --><\/p>\n<div class=\"article-asset-image article-asset-normal article-asset-center\">\n<div class=\"asset-content\">\n<div class=\"base-wrapper-image\"> <img class=\"sf-lazy centro_sinmarco\" data-sf-srcset=\"http:\/\/hoycordobaweb.com\/wp-content\/uploads\/2023\/06\/tamara-falco-desvela-cual-es-la-mascarilla-antiedad-que-usa-para-tener-la-piel-perfecta-a-los-41-anos-1.jpg 450w, http:\/\/hoycordobaweb.com\/wp-content\/uploads\/2023\/06\/tamara-falco-desvela-cual-es-la-mascarilla-antiedad-que-usa-para-tener-la-piel-perfecta-a-los-41-anos-4.jpg 681w,http:\/\/hoycordobaweb.com\/wp-content\/uploads\/2023\/06\/tamara-falco-desvela-cual-es-la-mascarilla-antiedad-que-usa-para-tener-la-piel-perfecta-a-los-41-anos-5.jpg 1024w, http:\/\/hoycordobaweb.com\/wp-content\/uploads\/2023\/06\/tamara-falco-desvela-cual-es-la-mascarilla-antiedad-que-usa-para-tener-la-piel-perfecta-a-los-41-anos-6.jpg 1366w,\" data-sf-src=\"http:\/\/hoycordobaweb.com\/wp-content\/uploads\/2023\/06\/tamara-falco-desvela-cual-es-la-mascarilla-antiedad-que-usa-para-tener-la-piel-perfecta-a-los-41-anos-1.jpg\" alt=\"Tamara Falco Mascarilla Antiedad\"> <noscript><img alt=\"Tamara Falco Mascarilla Antiedad\" class=\"centro_sinmarco\" src=\"http:\/\/hoycordobaweb.com\/wp-content\/uploads\/2023\/06\/tamara-falco-desvela-cual-es-la-mascarilla-antiedad-que-usa-para-tener-la-piel-perfecta-a-los-41-anos-1.jpg\"><\/noscript> <\/div><\/div>\n<\/div>\n<p><!-- PIVOT START --><\/p>\n<div class=\"pivot-ecommerce-container\">\n<div class=\"pivot-ecommerce\" readability=\"2.7\">\n<div class=\"pivot-ecommerce-figure\"> <a href=\"https:\/\/www.trendencias.com\/redirect?url=https%3A%2F%2Fwww.primor.eu%2Fsisley%2F86257-mascarilla-exfoliante-enzymatique.html%3Fgclid%3DCj0KCQjwj_ajBhCqARIsAA37s0zoqp7KYLjNsuYx31zjsfWwz6wjqTKTSEQ4Ll2kM-r3gyIzhsTZpicaAjqVEALw_wcB%23%2Fvolumen-40_gramos&amp;category=belleza&amp;pivot=1\"> <img alt=\"Mascarilla enzim\u00e1tica exfoliante de Sisley\" src=\"http:\/\/hoycordobaweb.com\/wp-content\/uploads\/2023\/06\/tamara-falco-desvela-cual-es-la-mascarilla-antiedad-que-usa-para-tener-la-piel-perfecta-a-los-41-anos-2.jpg\"> <\/a> <\/div>\n<div class=\"pivot-ecommerce-summary\" readability=\"3.15\">\n<p class=\"pivot-ecommerce-desc\">Mascarilla enzim\u00e1tica exfoliante de Sisley<\/p>\n<\/p><\/div><\/div>\n<\/div>\n<p><!-- PIVOT END --><\/p>\n<p>Tomamos nota de c\u00f3mo la aplica la <em>celeb<\/em>, porque es un momento de paz muy agradable y relajante. Ella <strong>mezcla los polvos con un poco de agua<\/strong> en la palma de su mano, creando una crema uniforme con la yema de los dedos. Cuando se convierte en una f\u00f3rmula espumosa se la aplica sobre la frente y las mejillas, frot\u00e1ndola en c\u00edrculos y dej\u00e1ndola actuar durante un minuto.<\/p>\n<p><!-- BREAK 4 --><\/p>\n<p><em>Algunos de los enlaces de este art\u00edculo son afiliados y pueden reportar un beneficio a Trendencias.<\/em><\/p>\n<p><!-- BREAK 5 --><\/p>\n<p>Fotos | <a href=\"https:\/\/www.instagram.com\/p\/CpF0uz2DOUf\/?hl=en\">@tamara_falco<\/a>, <a class=\"js-ecommerce\" href=\"https:\/\/www.trendencias.com\/redirect?url=https%3A%2F%2Fwww.elcorteingles.es%2Fperfumeria%2FA44458208-mascarilla-masque-exfoliant-enzymatique-40-g-sisley%2F%3FparentCategoryId%3D999.12001749013%26gclid%3DCj0KCQjwj_ajBhCqARIsAA37s0wXoU8_3UaOV1hVi5Ow8yZP1aRdRAE4ovZoQaEI-zcMZHlHaSMO3qYaAtxtEALw_wcB%26gclsrc%3Daw.ds&amp;category=belleza\" data-vars-affiliate-url=\"https:\/\/www.trendencias.com\/redirect?url=https%3A%2F%2Fwww.elcorteingles.es%2Fperfumeria%2FA44458208-mascarilla-masque-exfoliant-enzymatique-40-g-sisley%2F%3FparentCategoryId%3D999.12001749013%26gclid%3DCj0KCQjwj_ajBhCqARIsAA37s0wXoU8_3UaOV1hVi5Ow8yZP1aRdRAE4ovZoQaEI-zcMZHlHaSMO3qYaAtxtEALw_wcB%26gclsrc%3Daw.ds&amp;category=belleza\">El Corte Ingl\u00e9s<\/a>.<\/p>\n<p><!-- BREAK 6 --><\/p>\n<p>En Trendencias | <a href=\"https:\/\/www.trendencias.com\/belleza\/acido-glicolico-que-como-funciona-piel\">\u00c1cido glic\u00f3lico: qu\u00e9 es y c\u00f3mo funciona en la piel<\/a>.<\/p>\n<p><!-- BREAK 7 --> <\/p>\n","protected":false},"excerpt":{"rendered":"<p>Tamara Falc\u00f3 tiene una piel espectacular, muy luminosa y repulpada. Algo que consigue a golpe de rutina de belleza facial muy trabajada. Pero tambi\u00e9n de una mascarilla enzim\u00e1tica, que acaba de mostrar en Instagram para revelar su truco antiedad a los 41 a\u00f1os. La celeb es muy fan de la firma francesa Sisley y siempre [&hellip;]<\/p>\n","protected":false},"author":1,"featured_media":61214,"comment_status":"closed","ping_status":"closed","sticky":false,"template":"","format":"standard","meta":[],"categories":[1],"tags":[],"_links":{"self":[{"href":"http:\/\/hoycordobaweb.com\/index.php\/wp-json\/wp\/v2\/posts\/61213"}],"collection":[{"href":"http:\/\/hoycordobaweb.com\/index.php\/wp-json\/wp\/v2\/posts"}],"about":[{"href":"http:\/\/hoycordobaweb.com\/index.php\/wp-json\/wp\/v2\/types\/post"}],"author":[{"embeddable":true,"href":"http:\/\/hoycordobaweb.com\/index.php\/wp-json\/wp\/v2\/users\/1"}],"replies":[{"embeddable":true,"href":"http:\/\/hoycordobaweb.com\/index.php\/wp-json\/wp\/v2\/comments?post=61213"}],"version-history":[{"count":0,"href":"http:\/\/hoycordobaweb.com\/index.php\/wp-json\/wp\/v2\/posts\/61213\/revisions"}],"wp:featuredmedia":[{"embeddable":true,"href":"http:\/\/hoycordobaweb.com\/index.php\/wp-json\/wp\/v2\/media\/61214"}],"wp:attachment":[{"href":"http:\/\/hoycordobaweb.com\/index.php\/wp-json\/wp\/v2\/media?parent=61213"}],"wp:term":[{"taxonomy":"category","embeddable":true,"href":"http:\/\/hoycordobaweb.com\/index.php\/wp-json\/wp\/v2\/categories?post=61213"},{"taxonomy":"post_tag","embeddable":true,"href":"http:\/\/hoycordobaweb.com\/index.php\/wp-json\/wp\/v2\/tags?post=61213"}],"curies":[{"name":"wp","href":"https:\/\/api.w.org\/{rel}","templated":true}]}}