{"id":61201,"date":"2023-06-06T00:42:04","date_gmt":"2023-06-06T00:42:04","guid":{"rendered":"https:\/\/www.ole.com.ar\/ecuador\/internacional\/ronaldo-continua-valladolid-dejar-legado-descenso-segunda_0_yshW7cJlSo.html"},"modified":"2023-06-06T00:42:04","modified_gmt":"2023-06-06T00:42:04","slug":"ronaldo-dio-la-cara-tras-el-descenso-no-me-ire-del-valladolid-hasta-dejar-un-legado","status":"publish","type":"post","link":"http:\/\/hoycordobaweb.com\/index.php\/2023\/06\/06\/ronaldo-dio-la-cara-tras-el-descenso-no-me-ire-del-valladolid-hasta-dejar-un-legado\/","title":{"rendered":"Ronaldo dio la cara tras el descenso: \u00abNo me ir\u00e9 del Valladolid hasta dejar un legado\u00bb"},"content":{"rendered":"<p><img src=\"http:\/\/hoycordobaweb.com\/wp-content\/uploads\/2023\/06\/ronaldo-dio-la-cara-tras-el-descenso-no-me-ire-del-valladolid-hasta-dejar-un-legado.jpg\"><\/p>\n<p><time class=\"createDate\" datetime=\"2023-06-05T21:42:04-03:00\">05\/06\/2023 21:42hs.<\/time><time class=\"modificatedDate\" datetime=\"2023\/06\/05T21:47:35-03:00\"> Actualizado al 05\/06\/2023 21:47hs.<\/time><\/p>\n<div id=\"storyBody\">\n<div class=\"custom-text \" readability=\"29.318987341772\">\n<p>La pelea por el descenso en la <a href=\"https:\/\/www.ole.com.ar\/tema\/liga-de-espana.html\" title=\"Liga de Espa\u00f1a\" alt=\"Liga de Espa\u00f1a\" class=\"slug\"><strong>Liga de Espa\u00f1a<\/strong><\/a> estuvo abierta hasta el \u00faltimo minuto. Seis equipos llegaron a la \u00faltima fecha con posibilidades de descender, pero finalmente fue el <a href=\"https:\/\/www.ole.com.ar\/tema\/real-valladolid.html\" title=\"Real Valladolid\" alt=\"Real Valladolid\" class=\"slug\"><strong>Real Valladolid<\/strong><\/a> de <a href=\"https:\/\/www.ole.com.ar\/tema\/ronaldo.html\" title=\"ronaldo\" alt=\"ronaldo\" class=\"slug\">Ronaldo Nazario<\/a> el que <a href=\"https:\/\/www.ole.com.ar\/ecuador\/internacional\/gonzalo-plata-titular-real-valladolid-getafe-liga_0_6ytw4sYGv4.html\" target=\"_blank\" rel=\"noopener noreferrer\"><strong>acab\u00f3 bajando a la Segunda Divisi\u00f3n<\/strong><\/a>. Pese a este duro momento, <strong>el Fen\u00f3meno confirm\u00f3 que seguir\u00e1 presidiendo el club y que sue\u00f1a con dejar huella en la instituci\u00f3n<\/strong>.<\/p>\n<\/div>\n<div class=\"custom-text \" readability=\"40\">\n<p>\u00ab<strong>No he pensado en la venta<\/strong>. Obviamente, el mercado est\u00e1 bastante caliente, pero no me ir\u00e9 de Valladolid hasta dejar un legado como el que quiero. <strong>Fallar es natural, no vamos a bajar la cabeza<\/strong>\u201d, analiz\u00f3 el propietario y presidente del club en la conferencia de prensa este lunes, posterior al partido definitorio.<\/p>\n<\/div>\n<div class=\"custom-text \" readability=\"42\">\n<p>\u00ab<strong>Hemos tenido errores. Los principales son las 20 derrotas en la Liga, el recibir goles en los minutos finales, los arbitrajes<\/strong>&#8230; Dejamos muchos puntos por el camino y tambi\u00e9n alg\u00fan error de planificaci\u00f3n habr\u00e1. Estamos muy tristes, pero, a la vez, convencidos de que hemos hecho el m\u00e1ximo esfuerzo posible para intentar la permanencia\u00bb, continu\u00f3 el brasile\u00f1o, muy reflexivo.<\/p>\n<\/div>\n<div class=\"custom-text \" readability=\"39\">\n<p>Adem\u00e1s, confes\u00f3 que est\u00e1 \u201canimado\u201d de cara a la pr\u00f3xima temporada, peor lament\u00f3 haberse sentido \u201csolo\u201d en este \u00faltimo tramo. \u201cCreamos la acci\u00f3n de que vamos contra todo y contra todos porque creemos que eso explica muchas cosas.<strong> Los directivos, jugadores y afici\u00f3n estamos solos. Ilusionados pero solos\u201d, expres\u00f3.<\/strong><\/p>\n<\/div>\n<div class=\"custom-text \" readability=\"36\">\n<p>Finalmente, agradeci\u00f3 a los hinchas por apoyarlos durante este duro momento y prometi\u00f3 trabajar para devolverlos a Primera: \u00abEl recibimiento de ayer fue espectacular. Hay unos cientos de radicales que no aceptan el cambio de escudo y la evoluci\u00f3n hacia el futuro. <strong>La afici\u00f3n del Pucela es m\u00e1s grande que ellos<\/strong>\u00ab.<\/p>\n<\/div>\n<div class=\"sc-e7b891c4-0 jPbnQF\"><img alt=\"El dolor de Ronaldo, en una conferencia en el club, este lunes (EFE)\" src=\"http:\/\/hoycordobaweb.com\/wp-content\/uploads\/2023\/06\/ronaldo-dio-la-cara-tras-el-descenso-no-me-ire-del-valladolid-hasta-dejar-un-legado-2.jpg\" width=\"72\" height=\"10\" decoding=\"async\" data-nimg=\"future\" loading=\"lazy\"><span class=\"epigraphe\">El dolor de Ronaldo, en una conferencia en el club, este lunes (EFE)<\/span><\/div>\n<p><h2><strong>As\u00ed se defini\u00f3 el descenso del Valladolid<\/strong><\/h2>\n<\/p>\n<div class=\"custom-text \" readability=\"35.485380116959\">\n<p>El Valladolid <a href=\"https:\/\/www.ole.com.ar\/ecuador\/internacional\/gonzalo-plata-titular-real-valladolid-getafe-liga_0_6ytw4sYGv4.html\" target=\"_blank\" rel=\"noopener noreferrer\"><strong>perdi\u00f3 la categor\u00eda el pasado domingo en una definici\u00f3n infartante<\/strong><\/a>: empat\u00f3 sin goles ante el Getafe y qued\u00f3 en la antepen\u00faltima posici\u00f3n de la tabla, con 40 puntos. Sin embargo, estuvo muy cerca de salvarse, ya que el Espanyol le ganaba 3 a 2 al Almer\u00eda a menos de cinco minutos para el final, resultado que los depositaba por encima de los de Andaluc\u00eda. Sin embargo, un penal para el visitante a los 88&#8242; sentenci\u00f3 a los de Ronaldo, que jugar\u00e1n la pr\u00f3xima temporada en la Liga SmartBank.<\/p>\n<\/div>\n<div class=\"sc-e7b891c4-0 jPbnQF\"><img alt=\"La desaz\u00f3n de los jugadores. Foto: EFE.\" src=\"http:\/\/hoycordobaweb.com\/wp-content\/uploads\/2023\/06\/ronaldo-dio-la-cara-tras-el-descenso-no-me-ire-del-valladolid-hasta-dejar-un-legado-3.jpg\" width=\"72\" height=\"10\" decoding=\"async\" data-nimg=\"future\" loading=\"lazy\"><span class=\"epigraphe\">La desaz\u00f3n de los jugadores. Foto: EFE.<\/span><\/div>\n<div class=\"custom-text \" readability=\"31.801488833747\">\n<p><a href=\"https:\/\/www.ole.com.ar\/ecuador\/internacional\/gonzalo-plata-valladolid-descenso-analisis-temporada_0_9oTLQuIKYd.html\" target=\"_blank\" rel=\"noopener noreferrer\"><strong>El ecuatoriano Gonzalo Plata tuvo la m\u00e1s clara<\/strong><\/a> del segundo tiempo tras una diagonal derecha hacia el centro para despu\u00e9s rematar y que el bal\u00f3n se vaya ancho por pocos cent\u00edmetros. El 0-0 se mantuvo hasta el final del encuentro y el Pucela descendi\u00f3, completando su segunda p\u00e9rdida de categor\u00eda en tres a\u00f1os. Los hinchas blanquivioletas mostraron su enojo con la dirigencia tras el pitazo final.<\/p>\n<\/div>\n<div class=\"sc-e7b891c4-0 jPbnQF\"><img alt=\"Gonzalo Plata, contra el Barcelona, partido en el que convirti\u00f3 un gol (EFE \/ archivo)\" src=\"http:\/\/hoycordobaweb.com\/wp-content\/uploads\/2023\/06\/ronaldo-dio-la-cara-tras-el-descenso-no-me-ire-del-valladolid-hasta-dejar-un-legado-4.jpg\" width=\"72\" height=\"10\" decoding=\"async\" data-nimg=\"future\" loading=\"lazy\"><span class=\"epigraphe\">Gonzalo Plata, contra el Barcelona, partido en el que convirti\u00f3 un gol (EFE \/ archivo)<\/span><\/div>\n<p><h2><strong>La llegada de Ronaldo al Valladolid<\/strong><\/h2>\n<\/p>\n<div class=\"custom-text \" readability=\"41\">\n<p>La historia de Nazario con el Valladolid comenz\u00f3 en agosto del 2018, cuando el brasile\u00f1o se transform\u00f3 en accionista mayoritario y presidente del club tras la compra del 51% de las acciones. Unos meses despu\u00e9s, ese n\u00famero que se elev\u00f3 a 72,7%, convirtiendo al ex delantero en el propietario principal de la instituci\u00f3n. <strong>Desde su llegada, gener\u00f3 impactantes crecimientos en marketing e ingresos, que se vieron directamente reflejados en el patrimonio del club<\/strong>.<\/p>\n<\/div>\n<div class=\"custom-text \" readability=\"40\">\n<p>Sin embargo, el equipo no pudo acompa\u00f1ar esas buenas noticias con resultados dentro de la cancha, y acab\u00f3 descendiendo en 2021. Tras un a\u00f1o en segunda, el club volvi\u00f3 a Primera para esta temporada, la cual cont\u00f3 con muchos altibajos, pero que finalmente acab\u00f3 igual que hace dos a\u00f1os: con la p\u00e9rdida de la categor\u00eda.<\/p>\n<\/div>\n<div class=\"sc-a7166897-0 exHLBh\" readability=\"6\">\n<section readability=\"2\"><picture><img alt=\"El Valladolid de Ronaldo perdi\u00f3 la categor\u00eda\" src=\"http:\/\/hoycordobaweb.com\/wp-content\/uploads\/2023\/06\/ronaldo-dio-la-cara-tras-el-descenso-no-me-ire-del-valladolid-hasta-dejar-un-legado-5.jpg\" width=\"29\" height=\"29\" decoding=\"async\" data-nimg=\"future\" loading=\"lazy\"><\/picture>\n<p><span>Mir\u00e1 tambi\u00e9n<\/span><\/p>\n<hr>\n<h3>El Valladolid de Ronaldo perdi\u00f3 la categor\u00eda<\/h3>\n<\/p>\n<\/section>\n<\/div>\n<div class=\"sc-a7166897-0 exHLBh\" readability=\"6.5\">\n<section readability=\"3\"><picture><img alt=\"Ins\u00f3lito: le anularon un gol al Valladolid \u00a1porque el \u00e1rbitro hab\u00eda terminado el primer tiempo!\" src=\"http:\/\/hoycordobaweb.com\/wp-content\/uploads\/2023\/06\/ronaldo-dio-la-cara-tras-el-descenso-no-me-ire-del-valladolid-hasta-dejar-un-legado-6.jpg\" width=\"29\" height=\"29\" decoding=\"async\" data-nimg=\"future\" loading=\"lazy\"><\/picture>\n<p><span>Mir\u00e1 tambi\u00e9n<\/span><\/p>\n<hr>\n<h3>Ins\u00f3lito: le anularon un gol al Valladolid \u00a1porque el \u00e1rbitro hab\u00eda terminado el primer tiempo!<\/h3>\n<\/p>\n<\/section>\n<\/div>\n<div class=\"sc-a7166897-0 exHLBh\" readability=\"6\">\n<section readability=\"2\"><picture><img alt=\"\u00bfC\u00f3mo fue la temporada de Gonzalo Plata?\" src=\"http:\/\/hoycordobaweb.com\/wp-content\/uploads\/2023\/06\/ronaldo-dio-la-cara-tras-el-descenso-no-me-ire-del-valladolid-hasta-dejar-un-legado-7.jpg\" width=\"29\" height=\"29\" decoding=\"async\" data-nimg=\"future\" loading=\"lazy\"><\/picture>\n<p><span>Mir\u00e1 tambi\u00e9n<\/span><\/p>\n<hr>\n<h3>\u00bfC\u00f3mo fue la temporada de Gonzalo Plata?<\/h3>\n<\/p>\n<\/section>\n<\/div>\n<div class=\"sc-a7166897-0 exHLBh\" readability=\"6\">\n<section readability=\"2\"><picture><img alt=\"Desde M\u00e9xico: el Mundial de Clubes tiene un nuevo clasificado\" src=\"http:\/\/hoycordobaweb.com\/wp-content\/uploads\/2023\/06\/ronaldo-dio-la-cara-tras-el-descenso-no-me-ire-del-valladolid-hasta-dejar-un-legado-8.jpg\" width=\"29\" height=\"29\" decoding=\"async\" data-nimg=\"future\" loading=\"lazy\"><\/picture>\n<p><span>Mir\u00e1 tambi\u00e9n<\/span><\/p>\n<hr>\n<h3>Desde M\u00e9xico: el Mundial de Clubes tiene un nuevo clasificado<\/h3>\n<\/p>\n<\/section>\n<\/div>\n<\/div>\n","protected":false},"excerpt":{"rendered":"<p>05\/06\/2023 21:42hs. Actualizado al 05\/06\/2023 21:47hs. La pelea por el descenso en la Liga de Espa\u00f1a estuvo abierta hasta el \u00faltimo minuto. Seis equipos llegaron a la \u00faltima fecha con posibilidades de descender, pero finalmente fue el Real Valladolid de Ronaldo Nazario el que acab\u00f3 bajando a la Segunda Divisi\u00f3n. Pese a este duro momento, [&hellip;]<\/p>\n","protected":false},"author":1,"featured_media":61202,"comment_status":"open","ping_status":"closed","sticky":false,"template":"","format":"standard","meta":[],"categories":[16],"tags":[],"_links":{"self":[{"href":"http:\/\/hoycordobaweb.com\/index.php\/wp-json\/wp\/v2\/posts\/61201"}],"collection":[{"href":"http:\/\/hoycordobaweb.com\/index.php\/wp-json\/wp\/v2\/posts"}],"about":[{"href":"http:\/\/hoycordobaweb.com\/index.php\/wp-json\/wp\/v2\/types\/post"}],"author":[{"embeddable":true,"href":"http:\/\/hoycordobaweb.com\/index.php\/wp-json\/wp\/v2\/users\/1"}],"replies":[{"embeddable":true,"href":"http:\/\/hoycordobaweb.com\/index.php\/wp-json\/wp\/v2\/comments?post=61201"}],"version-history":[{"count":0,"href":"http:\/\/hoycordobaweb.com\/index.php\/wp-json\/wp\/v2\/posts\/61201\/revisions"}],"wp:featuredmedia":[{"embeddable":true,"href":"http:\/\/hoycordobaweb.com\/index.php\/wp-json\/wp\/v2\/media\/61202"}],"wp:attachment":[{"href":"http:\/\/hoycordobaweb.com\/index.php\/wp-json\/wp\/v2\/media?parent=61201"}],"wp:term":[{"taxonomy":"category","embeddable":true,"href":"http:\/\/hoycordobaweb.com\/index.php\/wp-json\/wp\/v2\/categories?post=61201"},{"taxonomy":"post_tag","embeddable":true,"href":"http:\/\/hoycordobaweb.com\/index.php\/wp-json\/wp\/v2\/tags?post=61201"}],"curies":[{"name":"wp","href":"https:\/\/api.w.org\/{rel}","templated":true}]}}