{"id":61187,"date":"2023-06-05T11:46:57","date_gmt":"2023-06-05T11:46:57","guid":{"rendered":"https:\/\/manoamanocba.com.ar\/?p=6320"},"modified":"2023-06-05T11:46:57","modified_gmt":"2023-06-05T11:46:57","slug":"se-presenta-la-primera-edicion-de-la-noche-de-las-lecturas","status":"publish","type":"post","link":"http:\/\/hoycordobaweb.com\/index.php\/2023\/06\/05\/se-presenta-la-primera-edicion-de-la-noche-de-las-lecturas\/","title":{"rendered":"Se presenta la primera edici\u00f3n de la \u201cNoche de las Lecturas\u201d"},"content":{"rendered":"<div><img src=\"http:\/\/hoycordobaweb.com\/wp-content\/uploads\/2023\/06\/se-presenta-la-primera-edicion-de-la-noche-de-las-lecturas.jpg\" class=\"ff-og-image-inserted\"><\/div>\n<p>\u201cLa noche de las lecturas\u00bb, organizada por Agencia C\u00f3rdoba Cultura del Gobierno de la C\u00f3rdoba en articulaci\u00f3n con municipios, bibliotecas populares, universidades, instituciones y organizaciones culturales de toda la provincia de C\u00f3rdoba.<\/p>\n<p>Se realizar\u00e1 el jueves 8 de junio de 2023. Habr\u00e1 actividades abiertas al p\u00fablico centralmente en el horario de 18 a 21 pero durante todo el d\u00eda se realizar\u00e1n cientos de acciones vinculadas al fomento de la lectura en todo el territorio cordob\u00e9s.<\/p>\n<p><em>\u201cLa idea del evento, adem\u00e1s de ofrecer al p\u00fablico distintas actividades, es la de aprovechar este d\u00eda para que instituciones p\u00fablicas, privadas y del tercer sector impulsen de distintas maneras acciones que promuevan la lectura\u201d, <\/em>afirma Ra\u00fal Sansica, presidente de la Agencia C\u00f3rdoba Cultura, quien agrega que en este sentido habr\u00e1 intervenciones en v\u00eda p\u00fablica y escuelas de varias ciudades de la provincia, acciones organizadas por sindicatos, empresas, f\u00e1bricas y una importante participaci\u00f3n de las librer\u00edas, bibliotecas populares, centros culturales y municipios de toda la provincia.<\/p>\n<p>La Noche de las Lecturas propone una grilla de m\u00e1s de&nbsp;200&nbsp;actividades vinculadas en m\u00e1s de&nbsp;70&nbsp;localidades de todo el territorio provincial. Participar\u00e1n de las mismas decenas de escritores, artistas y comunicadores entre los que se destacan Eugenia Cabral, Reyna Carranza, Bel\u00e9n Funes Lastra, Milo Lockett, Rony Vargas, Fernanda P\u00e9rez, Graciela Bialet, Marcos Bainotti, Juan Cruz Taborda Varela, Guido Messina; entre otros.<\/p>\n<p>Vale la pena destacar que, entre las distintas acciones que se realizar\u00e1n en adhesi\u00f3n a la jornada, escuelas de toda la geograf\u00eda provincial tendr\u00e1n actividades a trav\u00e9s del Plan Provincial de Lectura del Ministerio de Educaci\u00f3n de la Provincia de C\u00f3rdoba que se suma al evento. Otras instituciones que participan son las Universidades Nacional de C\u00f3rdoba, de R\u00edo Cuarto y de Villa Mar\u00eda con distintas actividades, las Universidad Provincial de C\u00f3rdoba y la Universidad Empresarial Siglo 21.<\/p>\n<p>Bibliotecas Populares de toda la provincia suman sus eventos a la Noche de las Lecturas. Tambi\u00e9n lo har\u00e1n librer\u00edas, bares y caf\u00e9s, Colegios Profesionales, Asociaciones Civiles, c\u00e1maras empresariales y hasta la Sociedad B\u00edblica Argentina de C\u00f3rdoba que propondr\u00e1 la lectura de distintos autores en la jornada.<\/p>\n<p>La propuesta incluye adem\u00e1s Intervenciones en v\u00eda p\u00fablica, hospitales, c\u00e1rceles a trav\u00e9s de la participaci\u00f3n de distintos elencos oficiales de la provincia de C\u00f3rdoba como la Comedia Cordobesa, La Comedia Infanto-juvenil, El coro de C\u00e1mara de la Provincia y el Seminario de Canto del Teatro del Libertador; entre otros.<\/p>\n<p><em>\u201cPara nosotros La Noche de las Lecturas, m\u00e1s que un evento cerrado es un disparador. Un punto de partida desde el que invitamos a toda la sociedad a sumarse y realizar el pr\u00f3ximo 8 de junio actividades para promocionar este maravilloso h\u00e1bito de leer que tan bien nos hace como sociedad\u201d<\/em>; asegura Ra\u00fal Sansica.<\/p>\n<p>Cabe destacar que todas las actividades tienen entrada libre y gratuita. La grilla completa podr\u00e1 encontrarse pr\u00f3ximamente en:&nbsp;<a href=\"https:\/\/cultura.cba.gov.ar\/se-presenta-la-primera-edicion-de-la-noche-de-las-lecturas\/\" target=\"_blank\" rel=\"noreferrer noopener\">https:\/\/cultura.cba.gov.ar\/se-presenta-la-primera-edicion-de-la-noche-de-las-lecturas\/<\/a><\/p>\n","protected":false},"excerpt":{"rendered":"<p>\u201cLa noche de las lecturas\u00bb, organizada por Agencia C\u00f3rdoba Cultura del Gobierno de la C\u00f3rdoba en articulaci\u00f3n con municipios, bibliotecas populares, universidades, instituciones y organizaciones culturales de toda la provincia de C\u00f3rdoba. Se realizar\u00e1 el jueves 8 de junio de 2023. Habr\u00e1 actividades abiertas al p\u00fablico centralmente en el horario de 18 a 21 pero [&hellip;]<\/p>\n","protected":false},"author":1,"featured_media":61188,"comment_status":"closed","ping_status":"closed","sticky":false,"template":"","format":"standard","meta":[],"categories":[19],"tags":[],"_links":{"self":[{"href":"http:\/\/hoycordobaweb.com\/index.php\/wp-json\/wp\/v2\/posts\/61187"}],"collection":[{"href":"http:\/\/hoycordobaweb.com\/index.php\/wp-json\/wp\/v2\/posts"}],"about":[{"href":"http:\/\/hoycordobaweb.com\/index.php\/wp-json\/wp\/v2\/types\/post"}],"author":[{"embeddable":true,"href":"http:\/\/hoycordobaweb.com\/index.php\/wp-json\/wp\/v2\/users\/1"}],"replies":[{"embeddable":true,"href":"http:\/\/hoycordobaweb.com\/index.php\/wp-json\/wp\/v2\/comments?post=61187"}],"version-history":[{"count":0,"href":"http:\/\/hoycordobaweb.com\/index.php\/wp-json\/wp\/v2\/posts\/61187\/revisions"}],"wp:featuredmedia":[{"embeddable":true,"href":"http:\/\/hoycordobaweb.com\/index.php\/wp-json\/wp\/v2\/media\/61188"}],"wp:attachment":[{"href":"http:\/\/hoycordobaweb.com\/index.php\/wp-json\/wp\/v2\/media?parent=61187"}],"wp:term":[{"taxonomy":"category","embeddable":true,"href":"http:\/\/hoycordobaweb.com\/index.php\/wp-json\/wp\/v2\/categories?post=61187"},{"taxonomy":"post_tag","embeddable":true,"href":"http:\/\/hoycordobaweb.com\/index.php\/wp-json\/wp\/v2\/tags?post=61187"}],"curies":[{"name":"wp","href":"https:\/\/api.w.org\/{rel}","templated":true}]}}