{"id":61135,"date":"2023-06-05T02:14:52","date_gmt":"2023-06-05T02:14:52","guid":{"rendered":"https:\/\/www.ole.com.ar\/futbol-internacional\/dybala-mourinho-roma-continuidad_0_xFc6td26OD.html"},"modified":"2023-06-05T02:14:52","modified_gmt":"2023-06-05T02:14:52","slug":"mourinho-confirmo-que-se-quedara-en-la-roma-y-dybala","status":"publish","type":"post","link":"http:\/\/hoycordobaweb.com\/index.php\/2023\/06\/05\/mourinho-confirmo-que-se-quedara-en-la-roma-y-dybala\/","title":{"rendered":"Mourinho confirm\u00f3 que se quedar\u00e1 en la Roma, \u00bfy Dybala?"},"content":{"rendered":"<p><img src=\"http:\/\/hoycordobaweb.com\/wp-content\/uploads\/2023\/06\/mourinho-confirmo-que-se-quedara-en-la-roma-y-dybala.jpg\"><\/p>\n<p><time class=\"createDate\" datetime=\"2023-06-04T23:14:52-03:00\">04\/06\/2023 23:14hs.<\/time><time class=\"modificatedDate\" datetime=\"2023\/06\/04T23:14:52-03:00\"><\/time><\/p>\n<div id=\"storyBody\">\n<div class=\"custom-text \" readability=\"41\">\n<p><strong>La Roma estaba en una situaci\u00f3n l\u00edmite<\/strong>. Despu\u00e9s de perder la final de la Europa League en Budapest, ante el Sevilla de los argentinos, necesitaba ganar s\u00ed o s\u00ed para mantener las esperanzas de disputar la pr\u00f3xima edici\u00f3n. Si no lo hac\u00eda, y la Juventus ganaba su compromiso ante el Udinese, pod\u00edan caer a la Conference. Sin embargo,<strong> para la suerte de la Loba, apareci\u00f3 Paulo Dybala y sentenci\u00f3 el 2-1 ante Spezia en el Ol\u00edmpico de la capital.<\/strong><\/p>\n<\/div>\n<div class=\"custom-text \" readability=\"39\">\n<p>A\u00fan as\u00ed, a pesar de la algarab\u00eda y alegr\u00eda por alcanzar el objetivo,<strong> los hinchas presentes en el Ol\u00edmpico estaban expectantes de conocer cu\u00e1l ser\u00eda la decisi\u00f3n de Jos\u00e9 Mourinho con respecto a su futuro<\/strong>. La posibilidad de que lo sondeen desde el PSG, Napoli y la Premier League estaba latente. Y luego del triunfo, The Special One fue bueno con los all\u00ed presentes y<strong> les confirm\u00f3 que permanecer\u00e1 en Roma por un a\u00f1o m\u00e1s.<\/strong><\/p>\n<\/div>\n<div class=\"sc-a7166897-0 exHLBh\" readability=\"6\">\n<section readability=\"2\"><picture><img alt=\"As\u00ed sigue la fecha 13 de la LigaPro\" src=\"http:\/\/hoycordobaweb.com\/wp-content\/uploads\/2023\/06\/mourinho-confirmo-que-se-quedara-en-la-roma-y-dybala-2.jpg\" width=\"29\" height=\"29\" decoding=\"async\" data-nimg=\"future\" loading=\"lazy\"><\/picture>\n<p><span>Mir\u00e1 tambi\u00e9n<\/span><\/p>\n<hr>\n<h3>As\u00ed sigue la fecha 13 de la LigaPro<\/h3>\n<\/p>\n<\/section>\n<\/div>\n<div class=\"custom-text \" readability=\"40\">\n<p><strong>Luego del pitido final, Mourinho sali\u00f3 al campo de juego<\/strong> (no estuvo presente porque cumpli\u00f3 la sanci\u00f3n por una expulsi\u00f3n en la fecha pasada) y dio una vuelta por la cancha para agradecer a los hinchas por el apoyo. Y al final de la vuelta, cerca de los bancos de suplentes, <strong>el portugu\u00e9s hizo el gesto de \u00abyo, ac\u00e1\u00bb, se\u00f1al\u00e1ndose a \u00e9l mismo y luego al c\u00e9sped. La tribuna explot\u00f3.<\/strong><\/p>\n<\/div>\n<div class=\"sc-7ce6049-0 dwIKul\">\n<div class=\"sc-7ce6049-1 bdcBBS videoText\" id=\"contentTitleundefinedPmg9bKAO\" readability=\"56\"><svg fill=\"#ffffff\"><symbol id=\"play\" viewBox=\"0 0 512 512\"><path d=\"M512 256C512 397.4 397.4 512 256 512C114.6 512 0 397.4 0 256C0 114.6 114.6 0 256 0C397.4 0 512 114.6 512 256zM176 168V344C176 352.7 180.7 360.7 188.3 364.9C195.8 369.2 205.1 369 212.5 364.5L356.5 276.5C363.6 272.1 368 264.4 368 256C368 247.6 363.6 239.9 356.5 235.5L212.5 147.5C205.1 142.1 195.8 142.8 188.3 147.1C180.7 151.3 176 159.3 176 168V168z\" \/><\/symbol><use xlink:href=\"#play\" \/><\/svg><\/p>\n<div class=\"right\" readability=\"7\">\n<p>Jos\u00e9 Mourinho<!-- --> &#8211;<!-- --> <span>4-6-2023<\/span><\/p>\n<h2 class=\"title-vid\">Mourinho confirm\u00f3 que se quedar\u00e1 en la Roma<\/h2>\n<\/div>\n<\/div>\n<p><span class=\"back\" id=\"spanBackundefinedPmg9bKAO\"><\/span><\/div>\n<p><h2><strong><em>EL FUTURO DE DYBALA, UNA INC\u00d3GNITA<\/em><\/strong><\/h2>\n<\/p>\n<div class=\"custom-text \" readability=\"44\">\n<p><strong>Dybala no tard\u00f3 mucho en hacerse querer por los hinchas de la Roma<\/strong>. Desde que arrib\u00f3 a la capital, dej\u00f3 en claro su admiraci\u00f3n por los hinchas y, en especial, por Mourinho.<strong> Su primera temporada en la Loba fue tremenda, siendo la clara figura del equipo: marc\u00f3 18 a lo largo de 38 partido<\/strong>s (12 en Serie A, 5 en Europa League y 1 en Copa Italia). <strong>Su gran problema, las lesiones<\/strong>: sufri\u00f3 seis a lo largo de toda la temporada (muslo, oseo, aductores y tobillo), que lo privaron de 18 compromisos.<\/p>\n<\/div>\n<div class=\"sc-a7166897-0 exHLBh\" readability=\"6\">\n<section readability=\"2\"><picture><img alt=\"Alarma en la Selecci\u00f3n: se lesion\u00f3 Montiel\" src=\"http:\/\/hoycordobaweb.com\/wp-content\/uploads\/2023\/06\/mourinho-confirmo-que-se-quedara-en-la-roma-y-dybala-3.jpg\" width=\"29\" height=\"29\" decoding=\"async\" data-nimg=\"future\" loading=\"lazy\"><\/picture>\n<p><span>Mir\u00e1 tambi\u00e9n<\/span><\/p>\n<hr>\n<h3>Alarma en la Selecci\u00f3n: se lesion\u00f3 Montiel<\/h3>\n<\/p>\n<\/section>\n<\/div>\n<div class=\"custom-text \" readability=\"42\">\n<p>El inconveniente para la Roma no es su buen nivel, sino su baja cl\u00e1usula de recisi\u00f3n en comparaci\u00f3n a su jerarqu\u00eda.<strong> En caso de que un club de Italia quiera contratarlo, deber\u00e1 pagar 20 millones de euro<\/strong>s. No obstante, la Loba tiene la opci\u00f3n de rechazarlos, pero elevarle el salario a la Joya de 3.800.000 a 6 millones.<strong> Lo preocupante es si un club del exterior lo pretende: la cl\u00e1usula ser\u00eda s\u00f3lo de 12 millones de euros, sin opci\u00f3n de rechazarlo para la Loba<\/strong>. La decisi\u00f3n, en este caso, ser\u00e1 del jugador. Real Madrid y Manchester Unietd lo siguen. \u00bfQu\u00e9 har\u00e1?<\/p>\n<\/div>\n<div class=\"sc-7ce6049-0 dwIKul\">\n<div class=\"sc-7ce6049-1 bdcBBS videoText\" id=\"contentTitleundefinedZsxeeQFm\"><svg fill=\"#ffffff\"><symbol id=\"play\" viewBox=\"0 0 512 512\"><path d=\"M512 256C512 397.4 397.4 512 256 512C114.6 512 0 397.4 0 256C0 114.6 114.6 0 256 0C397.4 0 512 114.6 512 256zM176 168V344C176 352.7 180.7 360.7 188.3 364.9C195.8 369.2 205.1 369 212.5 364.5L356.5 276.5C363.6 272.1 368 264.4 368 256C368 247.6 363.6 239.9 356.5 235.5L212.5 147.5C205.1 142.1 195.8 142.8 188.3 147.1C180.7 151.3 176 159.3 176 168V168z\" \/><\/symbol><use xlink:href=\"#play\" \/><\/svg><\/p>\n<div class=\"right\">\n<p>Paulo Dybala<!-- --> &#8211;<!-- --> <span>4-6-2023<\/span><\/p>\n<h2 class=\"title-vid\">El gol de Dybala ante Spezia<\/h2>\n<\/div>\n<\/div>\n<p><span class=\"back\" id=\"spanBackundefinedZsxeeQFm\"><\/span><\/div>\n<\/div>\n","protected":false},"excerpt":{"rendered":"<p>04\/06\/2023 23:14hs. La Roma estaba en una situaci\u00f3n l\u00edmite. Despu\u00e9s de perder la final de la Europa League en Budapest, ante el Sevilla de los argentinos, necesitaba ganar s\u00ed o s\u00ed para mantener las esperanzas de disputar la pr\u00f3xima edici\u00f3n. Si no lo hac\u00eda, y la Juventus ganaba su compromiso ante el Udinese, pod\u00edan caer [&hellip;]<\/p>\n","protected":false},"author":1,"featured_media":61136,"comment_status":"open","ping_status":"closed","sticky":false,"template":"","format":"standard","meta":[],"categories":[16],"tags":[],"_links":{"self":[{"href":"http:\/\/hoycordobaweb.com\/index.php\/wp-json\/wp\/v2\/posts\/61135"}],"collection":[{"href":"http:\/\/hoycordobaweb.com\/index.php\/wp-json\/wp\/v2\/posts"}],"about":[{"href":"http:\/\/hoycordobaweb.com\/index.php\/wp-json\/wp\/v2\/types\/post"}],"author":[{"embeddable":true,"href":"http:\/\/hoycordobaweb.com\/index.php\/wp-json\/wp\/v2\/users\/1"}],"replies":[{"embeddable":true,"href":"http:\/\/hoycordobaweb.com\/index.php\/wp-json\/wp\/v2\/comments?post=61135"}],"version-history":[{"count":0,"href":"http:\/\/hoycordobaweb.com\/index.php\/wp-json\/wp\/v2\/posts\/61135\/revisions"}],"wp:featuredmedia":[{"embeddable":true,"href":"http:\/\/hoycordobaweb.com\/index.php\/wp-json\/wp\/v2\/media\/61136"}],"wp:attachment":[{"href":"http:\/\/hoycordobaweb.com\/index.php\/wp-json\/wp\/v2\/media?parent=61135"}],"wp:term":[{"taxonomy":"category","embeddable":true,"href":"http:\/\/hoycordobaweb.com\/index.php\/wp-json\/wp\/v2\/categories?post=61135"},{"taxonomy":"post_tag","embeddable":true,"href":"http:\/\/hoycordobaweb.com\/index.php\/wp-json\/wp\/v2\/tags?post=61135"}],"curies":[{"name":"wp","href":"https:\/\/api.w.org\/{rel}","templated":true}]}}