{"id":61125,"date":"2023-06-05T00:30:00","date_gmt":"2023-06-05T00:30:00","guid":{"rendered":"http:\/\/hoycordobaweb.com\/index.php\/2023\/06\/05\/la-agenda-electoral-internacional-de-junio\/"},"modified":"2023-06-05T00:30:00","modified_gmt":"2023-06-05T00:30:00","slug":"la-agenda-electoral-internacional-de-junio","status":"publish","type":"post","link":"http:\/\/hoycordobaweb.com\/index.php\/2023\/06\/05\/la-agenda-electoral-internacional-de-junio\/","title":{"rendered":"La agenda electoral internacional de junio"},"content":{"rendered":"<p><img src=\"http:\/\/hoycordobaweb.com\/wp-content\/uploads\/2023\/06\/la-agenda-electoral-internacional-de-junio.jpg\"><\/p>\n<p>Por orden cronol\u00f3gico, las elecciones destacadas a llevarse a cabo en el mundo durante junio de 2023 son las siguientes:<\/p>\n<p><span class=\"badge badge-primary\">Domingo4<\/span><\/p>\n<h2 class>Legislativas en GUINEA BISSAU<\/h2>\n<p>En este pa\u00eds africano se renuevan las 102 bancas de la Asamblea Nacional Popular, donde el Partido Africano para la Independencia de Guinea y Cabo Verde (PAIGC) busca retener la presidencia de la c\u00e1mara, mientras que el oficialista Madem G-15 que respalda al presidente Umaro Sissoco Embalo buscar\u00e1 conformar una nueva mayor\u00eda legislativa. Otra fuerza con expectativas de una buena eelecci\u00f3n es el Partido para la Renovaci\u00f3n Social (PRS).<\/p>\n<p><span class=\"badge badge-primary\">Martes 6<\/span><\/p>\n<h2 class>Legislativas en KUWAIT<\/h2>\n<p>Los kuwait\u00edes renovar\u00e1n 50 de las 65 bancas de la Asamblea Nacional, en el pa\u00eds no est\u00e1n permitidos los partidos pol\u00edticos por lo que todas las candidaturas se presentan como independientes.<\/p>\n<p><span class=\"badge badge-primary\">Domingo 11<\/span><\/p>\n<h2 class>Parlamentarias en MONTENEGRO<\/h2>\n<p><\/p>\n<figure class=\"mb-3\"><img loading=\"lazy\" data-src=\"http:\/\/hoycordobaweb.com\/wp-content\/uploads\/2023\/06\/la-agenda-electoral-internacional-de-junio-2.jpg\" src=\"https:\/\/www.telam.com.ar\/assets\/img\/not_image.png\" class=\" lazy \" width=\"100%\" height=\"100%\" alt=\"El presidente montenegrino Jakov Milatovic espera formar una nueva mayora legislativa Foto AFP\"><figcaption> El presidente montenegrino, Jakov Milatovic, espera formar una nueva mayor\u00eda legislativa. Foto: AFP <\/figcaption><\/figure>\n<p>Tras las elecciones presidenciales ganadas en abril por el entonces opositor Jakov Milatovic del Movimiento Ahora Europa (PES!), el Partido de los Dem\u00f3cratas Socialistas (DPS) intentar\u00e1 retener la mayor\u00eda parlamentaria donde se disputar\u00e1n 81 bancas.&nbsp;<\/p>\n<p><span class=\"badge badge-primary\">Domingo 18<\/span><\/p>\n<h2 class>Refer\u00e9ndums en SUIZA<\/h2>\n<p>En el pa\u00eds alpino se llevar\u00e1n a cabo 3 consultas a la poblaci\u00f3n, la primera se tarta de una enmienda constitucional destinada a garantizar que los grandes grupos empresariales internacionales sean gravados a una tasa de al menos el 15%; la segunda es sobre la Ley Federal sobre Objetivos de Protecci\u00f3n del Clima, Innovaci\u00f3n y Fortalecimiento de la Seguridad Energ\u00e9tica: Una propuesta parlamentaria que busca reducir gradualmente el consumo de petr\u00f3leo mineral y gas natural del pa\u00eds; y la tercera sobre una enmienda de sobre la Ley Covid-19, que extiende hasta mediados de 2024 el per\u00edodo de aplicaci\u00f3n de las disposiciones legales sobre ciertas medidas de la Ley Covid-19.<\/p>\n<h2 class>Refer\u00e9ndum constitucional en MALI<\/h2>\n<p>Las enmiendas constitucionale spor las que est\u00e1n convocados a votar los ciudadanos malienses crear\u00e1n nuevas regiones en l\u00ednea con un acuerdo de 2015 con los separatistas en el norte de Mal\u00ed; tambi\u00e9n mejorar\u00edan los poderes del Presidente permiti\u00e9ndoles nombrar a un tercio de los miembros de un Senado reci\u00e9n creado, as\u00ed como al presidente del Tribunal Constitucional.<\/p>\n<p><span class=\"badge badge-primary\">S\u00e1bado 24<\/span><\/p>\n<h2 class>Presidenciales y legislativas en SIERRA LEONA<\/h2>\n<p><\/p>\n<figure class=\"mb-3\"><img loading=\"lazy\" data-src=\"http:\/\/hoycordobaweb.com\/wp-content\/uploads\/2023\/06\/la-agenda-electoral-internacional-de-junio-3.jpg\" src=\"https:\/\/www.telam.com.ar\/assets\/img\/not_image.png\" class=\" lazy \" width=\"100%\" height=\"100%\" alt=\"Julius Maada Bio va por la reeleccin con el mismo rival al que le gan en 2018 Foto Wikimedia\"><figcaption> Julius Maada Bio va por la reelecci\u00f3n con el mismo rival al que le gan\u00f3 en 2018. Foto: Wikimedia <\/figcaption><\/figure>\n<p>El actual presidente Julius Maada Bio buscar\u00e1 la reelecci\u00f3n con el apoyo del Partido Popular (SLPP), su principal contrincante ser\u00e1 nuevamente Samura Kamara del Congreso de Todo el Pueblo (APC), reeditando la elecci\u00f3n pasada de 2018 donde Maada Bio triunf\u00f3 por escaso margen.<\/p>\n<p>En la misma fecha, las 146 bancas del Parlamento estar\u00e1n en juego, donde APC es la primera fuerza y los populares del SLPP son la segunda.&nbsp;<\/p>\n<p><span class=\"badge badge-primary\">DOMINGO 25<\/span><\/p>\n<h2 class>Presidenciales y legislativas en GUATEMALA<\/h2>\n<p><\/p>\n<figure class=\"mb-3\"><img loading=\"lazy\" data-src=\"http:\/\/hoycordobaweb.com\/wp-content\/uploads\/2023\/06\/la-agenda-electoral-internacional-de-junio-4.jpg\" src=\"https:\/\/www.telam.com.ar\/assets\/img\/not_image.png\" class=\" lazy \" width=\"100%\" height=\"100%\" alt=\"Sandra Torres intentar nuevamente llegar al gobierno guatemalteco\"><figcaption> Sandra Torres intentar\u00e1 nuevamente llegar al gobierno guatemalteco <\/figcaption><\/figure>\n<p>Los guatemaltecos van a las urnas para elegir presidente y 160 bancas para el Congreso de la Rep\u00fablica. Entre los principales candidatos y partidos se destacan: el oficialismo que buscar\u00e1 seguir en el poder tras la salida de Alejandro Giammattei postula al diputado Manuel Conde de la alianza PAN + Vamos; repite la postulaci\u00f3n la ex primera dama Sandra Torres de la Uni\u00f3n Nacional de la Esperanza (UNE) que es actualmente la primera minor\u00eda en el Congreso.<\/p>\n<p>Tambi\u00e9n se presentan la exdiputada Zury R\u00edos de la alianza Valor + Partido Unionista, el exfuncionario de la ONU Edmond Mulet del partido Cabal y Manuel Villacorta de Voluntad, Oportunidad y Solidaridad (VOS).<\/p>\n<h2 class>Parlamentarias en GRECIA<\/h2>\n<p>En territorio griego se volver\u00e1n a votar las 300 bancas del Parlamento Hel\u00e9nico, tras que en las elecciones del mes pasado ning\u00fan partido lograra la mayor\u00eda absoluta y el hasta entonces primer ministro Kyriakos Mitsotakis del partido Nueva Democracia con 146 bancas ; siendo su prinicpal oponente el ex primer ministro Alexis Tsipras de Syriza; terciando y con posibilidades se presenta tambi\u00e9n Nikos Androulakis del Pasok.<\/p>\n<figure class=\"mb-3\"><img loading=\"lazy\" data-src=\"http:\/\/hoycordobaweb.com\/wp-content\/uploads\/2023\/06\/la-agenda-electoral-internacional-de-junio-5.jpg\" src=\"https:\/\/www.telam.com.ar\/assets\/img\/not_image.png\" class=\" lazy \" width=\"100%\" height=\"100%\" alt=\"Mitsotakis y Tsipras se enfrentarn nuevamente en parlamentarias\"><figcaption> Mitsotakis y Tsipras se enfrentar\u00e1n nuevamente en parlamentarias <\/figcaption><\/figure>\n<p>Otros partidos con posibilidad de ingresar al Parlamento son el Comunista liderado por Dimitri Koutsoumpas y Soluci\u00f3n Griega encabezado por Kyriakos Velopoulos. <\/p>\n","protected":false},"excerpt":{"rendered":"<p>Por orden cronol\u00f3gico, las elecciones destacadas a llevarse a cabo en el mundo durante junio de 2023 son las siguientes: Domingo4 Legislativas en GUINEA BISSAU En este pa\u00eds africano se renuevan las 102 bancas de la Asamblea Nacional Popular, donde el Partido Africano para la Independencia de Guinea y Cabo Verde (PAIGC) busca retener la [&hellip;]<\/p>\n","protected":false},"author":1,"featured_media":61126,"comment_status":"open","ping_status":"closed","sticky":false,"template":"","format":"standard","meta":[],"categories":[24],"tags":[],"_links":{"self":[{"href":"http:\/\/hoycordobaweb.com\/index.php\/wp-json\/wp\/v2\/posts\/61125"}],"collection":[{"href":"http:\/\/hoycordobaweb.com\/index.php\/wp-json\/wp\/v2\/posts"}],"about":[{"href":"http:\/\/hoycordobaweb.com\/index.php\/wp-json\/wp\/v2\/types\/post"}],"author":[{"embeddable":true,"href":"http:\/\/hoycordobaweb.com\/index.php\/wp-json\/wp\/v2\/users\/1"}],"replies":[{"embeddable":true,"href":"http:\/\/hoycordobaweb.com\/index.php\/wp-json\/wp\/v2\/comments?post=61125"}],"version-history":[{"count":0,"href":"http:\/\/hoycordobaweb.com\/index.php\/wp-json\/wp\/v2\/posts\/61125\/revisions"}],"wp:featuredmedia":[{"embeddable":true,"href":"http:\/\/hoycordobaweb.com\/index.php\/wp-json\/wp\/v2\/media\/61126"}],"wp:attachment":[{"href":"http:\/\/hoycordobaweb.com\/index.php\/wp-json\/wp\/v2\/media?parent=61125"}],"wp:term":[{"taxonomy":"category","embeddable":true,"href":"http:\/\/hoycordobaweb.com\/index.php\/wp-json\/wp\/v2\/categories?post=61125"},{"taxonomy":"post_tag","embeddable":true,"href":"http:\/\/hoycordobaweb.com\/index.php\/wp-json\/wp\/v2\/tags?post=61125"}],"curies":[{"name":"wp","href":"https:\/\/api.w.org\/{rel}","templated":true}]}}