{"id":61104,"date":"2023-06-04T01:49:00","date_gmt":"2023-06-04T01:49:00","guid":{"rendered":"http:\/\/hoycordobaweb.com\/index.php\/2023\/06\/04\/las-principales-fuerzas-presentaron-la-lista-de-candidatos-para-la-intendencia-de-cordoba\/"},"modified":"2023-06-04T01:49:00","modified_gmt":"2023-06-04T01:49:00","slug":"las-principales-fuerzas-presentaron-la-lista-de-candidatos-para-la-intendencia-de-cordoba","status":"publish","type":"post","link":"http:\/\/hoycordobaweb.com\/index.php\/2023\/06\/04\/las-principales-fuerzas-presentaron-la-lista-de-candidatos-para-la-intendencia-de-cordoba\/","title":{"rendered":"Las principales fuerzas presentaron la lista de candidatos para la intendencia de C\u00f3rdoba"},"content":{"rendered":"<p><img src=\"http:\/\/hoycordobaweb.com\/wp-content\/uploads\/2023\/06\/las-principales-fuerzas-presentaron-la-lista-de-candidatos-para-la-intendencia-de-cordoba.jpg\"><\/p>\n<figure class=\"mb-3\"><img loading=\"lazy\" data-src=\"http:\/\/hoycordobaweb.com\/wp-content\/uploads\/2023\/06\/las-principales-fuerzas-presentaron-la-lista-de-candidatos-para-la-intendencia-de-cordoba-2.jpg\" src=\"https:\/\/www.telam.com.ar\/assets\/img\/not_image.png\" class=\" lazy \" width=\"100%\" height=\"100%\" alt=\"Foto Osvaldo Fantn archivo\"><figcaption> Foto: Osvaldo Fant\u00f3n (archivo). <\/figcaption><\/figure>\n<p>Los principales espacios pol\u00edticos presentaron las listas de candidatos para las elecciones municipales de la Ciudad de C\u00f3rdoba que, el 23 de julio, elegir\u00e1 intendente, viceintendente, 31 concejales y cinco tribunos de cuentas.<\/p>\n<p>Hasta el momento, ya cumplieron con ese tr\u00e1mite los principales sectores pol\u00edticos, como el oficialismo de \u201cHacemos Unidos por C\u00f3rdoba\u201d (HUC) que promueve para intendente al actual viceintendente peronista Daniel Passerini y como vice al ex presidente del PRO local, Javier Pretto.<\/p>\n<p>HUC es una alianza que tiene como principal socio pol\u00edtico al Partido Justicialista (PJ) que lidera el gobernador Juan Schiaretti, y el actual intendente capitalino es Mart\u00edn Llaryora que pertenece a ese espacio y es el candidato a gobernador.<\/p>\n<p>Por su parte la coalici\u00f3n de \u201cJuntos por el Cambio\u201d (JxC) promueve para intendente al diputado nacional (UCR) Rodrigo de Loredo y para vice a la tambi\u00e9n diputada nacional (PRO) Soher El Sukaria.<\/p>\n<p>Tambi\u00e9n inscribieron lista de candidatos \u201cEncuentro Vecinal\u201d y lleva la f\u00f3rmula C\u00e9sar Orgaz \u2013 Gonzalo Frontera; \u201cSomos C\u00f3rdoba\u201d impulsa al binomio Juan Pablo Quinteros \u2013 Gabriel Ratner; el \u201cFrente de Izquierda y de los Trabajadores \u2013 Unidad\u201d (FITU), va con Laura Vilches \u2013 Victoria Caldera Marsengo.<\/p>\n<p>El sector de \u201cLa Libertad Primero\u201d promueve a Ver\u00f3nica Sikora \u2013 Enrique Riraguso; el \u201cPartido Dem\u00f3crata\u201d a Jorge Scala \u2013 Paola Gonz\u00e1lez Cueva; \u201cEl Nuevo Mas\u201d impulsa a Eduardo Mulhall \u2013 Davina Maccioni; y el \u201cPartido Humanista\u201d a Eduardo Gonz\u00e1lez Olgu\u00edn \u2013 Luis Alberto Audrit.<\/p>\n<p>En tanto el espacio de \u201cCreo en C\u00f3rdoba de Todos\u201d, af\u00edn al kirchnerismo, hab\u00eda inscripto la alianza pero en las \u00faltimas horas decidi\u00f3 no participar de la contienda electoral capitalina, seg\u00fan inform\u00f3 una fuente de ese sector. <\/p>\n","protected":false},"excerpt":{"rendered":"<p>Foto: Osvaldo Fant\u00f3n (archivo). Los principales espacios pol\u00edticos presentaron las listas de candidatos para las elecciones municipales de la Ciudad de C\u00f3rdoba que, el 23 de julio, elegir\u00e1 intendente, viceintendente, 31 concejales y cinco tribunos de cuentas. Hasta el momento, ya cumplieron con ese tr\u00e1mite los principales sectores pol\u00edticos, como el oficialismo de \u201cHacemos Unidos [&hellip;]<\/p>\n","protected":false},"author":1,"featured_media":61105,"comment_status":"open","ping_status":"closed","sticky":false,"template":"","format":"standard","meta":[],"categories":[19],"tags":[],"_links":{"self":[{"href":"http:\/\/hoycordobaweb.com\/index.php\/wp-json\/wp\/v2\/posts\/61104"}],"collection":[{"href":"http:\/\/hoycordobaweb.com\/index.php\/wp-json\/wp\/v2\/posts"}],"about":[{"href":"http:\/\/hoycordobaweb.com\/index.php\/wp-json\/wp\/v2\/types\/post"}],"author":[{"embeddable":true,"href":"http:\/\/hoycordobaweb.com\/index.php\/wp-json\/wp\/v2\/users\/1"}],"replies":[{"embeddable":true,"href":"http:\/\/hoycordobaweb.com\/index.php\/wp-json\/wp\/v2\/comments?post=61104"}],"version-history":[{"count":0,"href":"http:\/\/hoycordobaweb.com\/index.php\/wp-json\/wp\/v2\/posts\/61104\/revisions"}],"wp:featuredmedia":[{"embeddable":true,"href":"http:\/\/hoycordobaweb.com\/index.php\/wp-json\/wp\/v2\/media\/61105"}],"wp:attachment":[{"href":"http:\/\/hoycordobaweb.com\/index.php\/wp-json\/wp\/v2\/media?parent=61104"}],"wp:term":[{"taxonomy":"category","embeddable":true,"href":"http:\/\/hoycordobaweb.com\/index.php\/wp-json\/wp\/v2\/categories?post=61104"},{"taxonomy":"post_tag","embeddable":true,"href":"http:\/\/hoycordobaweb.com\/index.php\/wp-json\/wp\/v2\/tags?post=61104"}],"curies":[{"name":"wp","href":"https:\/\/api.w.org\/{rel}","templated":true}]}}