{"id":61092,"date":"2023-06-03T20:21:16","date_gmt":"2023-06-03T20:21:16","guid":{"rendered":"https:\/\/www.mujerhoy.com\/moda\/novias\/sol-de-medina-look-nupcial-made-in-spain-medinaceli-20230603212301-nt.html"},"modified":"2023-06-03T20:21:16","modified_gmt":"2023-06-03T20:21:16","slug":"el-vestido-de-novia-made-in-spain-con-tiara-de-perlas-y-diamantes-de-sol-medina-hija-de-los-duques-de-segorbe-y-prima-de-rafael-medina","status":"publish","type":"post","link":"http:\/\/hoycordobaweb.com\/index.php\/2023\/06\/03\/el-vestido-de-novia-made-in-spain-con-tiara-de-perlas-y-diamantes-de-sol-medina-hija-de-los-duques-de-segorbe-y-prima-de-rafael-medina\/","title":{"rendered":"El vestido de novia made in Spain con tiara de perlas y diamantes de Sol Medina, hija de los duques de Segorbe (y prima de Rafael Medina)"},"content":{"rendered":"<p><!-- AUTHOR --><\/p>\n<div class=\"voc-author-timesocial \"><!-- AUTHOR --><\/p>\n<div class=\"voc-author-timesocial__signature\"><!-- IMAGE AUTHOR --><picture class=\"voc-image-signature\"><img class=\"voc-image-signature__img\" src=\"http:\/\/hoycordobaweb.com\/wp-content\/uploads\/2023\/06\/el-vestido-de-novia-made-in-spain-con-tiara-de-perlas-y-diamantes-de-sol-medina-hija-de-los-duques-de-segorbe-y-prima-de-rafael-medina.jpg\" alt=\"Diego Rueda\"><\/picture><!-- INFO AUTHOR --><\/div>\n<\/div>\n<p><!-- COMPONENTS --><\/p>\n<p class=\"voc-paragraph\">Sevilla se ha vestido de gala gracias a <a data-voc-vtm-id=\"in-text-traffic\" href=\"https:\/\/www.mujerhoy.com\/celebrities\/realeza\/victoria-honenlohe-duquesa-medinaceli-boda-secreta-novio-herencia-naty-abascal-muerte-padre-20230503132152-nt.html\">los Medinaceli<\/a>. <strong>Sol de Medina Orleans-Braganza<\/strong>, Condesa de Ampurias y primog\u00e9nita de los duques de Segorbe, se ha casado hoy con el empresario <strong>Pedro Dom\u00ednguez-Manj\u00f3n Toro<\/strong>. El lugar de la uni\u00f3n ha sido la iglesia de San Esteban, ubicada en el casco hist\u00f3rico sevillano, concretamente en el barrio de San Bartolom\u00e9. La celebraci\u00f3n del enlace ha tenido sitio en la hist\u00f3rica Casa de Pilatos, donde hemos podido vislumbrar<br \/>\n<strong> rostros muy conocidos<\/strong>. <\/p>\n<p class=\"voc-paragraph\">Cabe destacar que entre los invitados se encontraban <a data-voc-vtm-id=\"in-text-traffic\" href=\"https:\/\/www.mujerhoy.com\/temas\/personajes\/isabel-preysler.html\">Isabel Preysler<\/a> con un precioso estilismo rosa \u2014 <a data-voc-vtm-id=\"in-text-traffic\" href=\"https:\/\/www.mujerhoy.com\/moda\/no-te-pierdas\/reina-letizia-look-rosa-color-favorito-favorece-tendencia-20230509071716-ga.html\">el color favorito de la reina Letizia<\/a> \u2014 que realzaba su figura mediante un drapeado lateral y una falda asimetr\u00eda, un dise\u00f1o firmado por <strong>2nd Skin Co<\/strong>. Adem\u00e1s de la reina de corazones, ha destacado la presencia del <strong>Alfonso Diez<\/strong>, viudo de la duquesa de Alba, Beatriz de Orleans, <a data-voc-vtm-id=\"in-text-traffic\" href=\"https:\/\/www.mujerhoy.com\/celebrities\/realeza\/carmen-tello-tragedia-amiga-cayetana-alba-marginada-sevilla-divorcio-marques-20221203125652-nt.html\">Carmen Tello <\/a>y el torero <strong>Curro Romero<\/strong>, entre otros.\n<\/p>\n<p><h3 class=\"voc-detail__title\"> El original vestido &#8216;made in Spain&#8217; de Sol de Medina<br \/>\n<\/h3>\n<\/p>\n<p class=\"voc-paragraph\">Bajo el brazo de su padre y como padrino de la ceremonia, ha llegado a la iglesia sevillana. Sin duda alguna, Sol de Medina ha sorprendido a todos los asistentes con un estilismo nupcial muy peculiar, pero que ha causado sensaci\u00f3n en la capital castiza andaluza. La novia ha lucido un dise\u00f1o exclusivo de <strong>Victorio &amp; Lucchino<\/strong>, de color champ\u00e1n, con escote redondo y en organza de seda natural. Cabe destacar que tambi\u00e9n cuenta con un tejido de gasa que crea un efecto drapeada. Uno de los detalles m\u00e1s emotivos, ha sido el bordado del sol, en honor a su padre. <\/p>\n<div class=\"voc-detail-photo-zoom\"><picture data-toggle=\"modal\" data-target=\"#photoZoomModal-209\" target=\"modal\">\n<div class=\"voc-img-icon-link\"><img loading=\"lazy\" data-original=\"\/\/static.mujerhoy.com\/www\/multimedia\/202306\/03\/media\/cortadas\/boda-sol-dominguez-pedro-manjon-enlace-sevilla-medinaceli-k3IB--460x637@MujerHoy.jpg\" class=\"lazy\" alt=\"Sol de Medina del brazo de su padre, el duque de Segorbe, Ignacio Medina. \/ GTRES\"><noscript><img src=\"http:\/\/hoycordobaweb.com\/wp-content\/uploads\/2023\/06\/el-vestido-de-novia-made-in-spain-con-tiara-de-perlas-y-diamantes-de-sol-medina-hija-de-los-duques-de-segorbe-y-prima-de-rafael-medina-1.jpg\" alt=\"Sol de Medina del brazo de su padre, el duque de Segorbe, Ignacio Medina. \/ GTRES\"><\/noscript><i class=\"voc-icons zoom voc-multimedia-box voc-ico-l\"><\/i><\/div><figcaption class=\"figure-caption\">Sol de Medina del brazo de su padre, el duque de Segorbe, Ignacio Medina. \/ GTRES<\/figcaption><\/picture><\/div>\n<div id=\"photoZoomModal-209\" class=\"voc-lightbox modal fade voc-lightbox--photo-zoom\" role=\"dialog\" data-voc-photozoom-lightbox>\n<div class=\"voc-lightbox__dialog\" role=\"document\">\n<div class=\"voc-lightbox__content\"><!-- Modal header --><!-- Modal content --><\/p>\n<div class=\"voc-lightbox__photo-container\"><picture class><img loading=\"lazy\" data-original=\"\/\/static.mujerhoy.com\/www\/multimedia\/202306\/03\/media\/cortadas\/boda-sol-dominguez-pedro-manjon-enlace-sevilla-medinaceli-k3IB--460x637@MujerHoy.jpg\" alt=\"Sol de Medina del brazo de su padre, el duque de Segorbe, Ignacio Medina. \/ GTRES\" class=\"lazy\"><noscript><img src=\"http:\/\/hoycordobaweb.com\/wp-content\/uploads\/2023\/06\/el-vestido-de-novia-made-in-spain-con-tiara-de-perlas-y-diamantes-de-sol-medina-hija-de-los-duques-de-segorbe-y-prima-de-rafael-medina-1.jpg\" alt=\"Sol de Medina del brazo de su padre, el duque de Segorbe, Ignacio Medina. \/ GTRES\"><\/noscript><\/picture><\/div>\n<\/div>\n<\/div>\n<\/div>\n<p class=\"voc-paragraph\">El estilismo sigue fielmente una de las tendencias que m\u00e1s gustan entre las novias: <strong><i>regencycore<\/i><\/strong>. Un estilo que la serie de TV de &#8216;Los Bridgerton&#8217; puso de de nuevo en el mapa. Sobre todo, por su <strong>car\u00e1cter rom\u00e1ntico<\/strong> que nos traslada a aquellos bailes imperiales en la corte donde la b\u00fasqueda de marido era el principal objetivo. Por este motivo, no nos extra\u00f1a que Sol de Medina le haya pedido a sus dise\u00f1adores de confianza<br \/>\n<strong>, Jos\u00e9 V\u00edctor y Jose Luis. <\/strong><\/p>\n<p class=\"voc-paragraph\">Aunque m\u00e1s all\u00e1 de los vestidos de corte imperio, las plumas y las tiaras, consideradas estas \u00faltimas una de las piezas m\u00e1s especiales de las royals, como es el caso de la <a data-voc-vtm-id=\"in-text-traffic\" href=\"https:\/\/www.mujerhoy.com\/moda\/no-te-pierdas\/reina-letizia-look-cena-gala-vestido-rojo-espectacular-tiara-flores-20230503204438-nt.html\">tiara floral de do\u00f1a Letizia<\/a>. La hija de los duque de Segorbe se ha decantado por utilizar<br \/>\n<strong> la tiara de de diamantes y perlas de la familia Medinaceli<\/strong>, que tambi\u00e9n lucieron <a data-voc-vtm-id=\"in-text-traffic\" href=\"https:\/\/www.mujerhoy.com\/celebrities\/realeza\/como-fue-boda-laura-vecino-rafael-medina-escandalo-infidelidad-karolina-kurkova-pelea-naty-abascal-invitados-20220424132143-nt.html\">Laura Vecino<\/a>, duquesa de Feria con Rafa de Medina, y <a data-voc-vtm-id=\"in-text-traffic\" href=\"https:\/\/www.mujerhoy.com\/celebrities\/realeza\/quien-es-maria-prado-mujer-pablo-hohenlohe-vida-triste-cancer-mama-tragedia-reconvertida-experta-mindfulness-20220810140532-nt.html\">Mar\u00eda de Prado<\/a>, duquesa de Tarifa, en sus respectivos enlaces. <\/p>\n<div class=\"voc-detail-photo-zoom\"><picture data-toggle=\"modal\" data-target=\"#photoZoomModal-915\" target=\"modal\">\n<div class=\"voc-img-icon-link\"><img loading=\"lazy\" data-original=\"\/\/static1.mujerhoy.com\/www\/multimedia\/202306\/03\/media\/cortadas\/boda-sol-dominguez-pedro-manjon-enlace-sevilla-medinaceli-detalle-espalda-tiara-k3IB--460x637@MujerHoy.jpg\" class=\"lazy\" alt=\"Detalles del look nupcial de Sol de Medina a su entrada en la iglesia de San Esteban. \/ GTRES\"><noscript><img src=\"http:\/\/hoycordobaweb.com\/wp-content\/uploads\/2023\/06\/el-vestido-de-novia-made-in-spain-con-tiara-de-perlas-y-diamantes-de-sol-medina-hija-de-los-duques-de-segorbe-y-prima-de-rafael-medina-2.jpg\" alt=\"Detalles del look nupcial de Sol de Medina a su entrada en la iglesia de San Esteban. \/ GTRES\"><\/noscript><i class=\"voc-icons zoom voc-multimedia-box voc-ico-l\"><\/i><\/div><figcaption class=\"figure-caption\">Detalles del look nupcial de Sol de Medina a su entrada en la iglesia de San Esteban. \/ GTRES<\/figcaption><\/picture><\/div>\n<div id=\"photoZoomModal-915\" class=\"voc-lightbox modal fade voc-lightbox--photo-zoom\" role=\"dialog\" data-voc-photozoom-lightbox>\n<div class=\"voc-lightbox__dialog\" role=\"document\">\n<div class=\"voc-lightbox__content\"><!-- Modal header --><!-- Modal content --><\/p>\n<div class=\"voc-lightbox__photo-container\"><picture class><img loading=\"lazy\" data-original=\"\/\/static1.mujerhoy.com\/www\/multimedia\/202306\/03\/media\/cortadas\/boda-sol-dominguez-pedro-manjon-enlace-sevilla-medinaceli-detalle-espalda-tiara-k3IB--460x637@MujerHoy.jpg\" alt=\"Detalles del look nupcial de Sol de Medina a su entrada en la iglesia de San Esteban. \/ GTRES\" class=\"lazy\"><noscript><img src=\"http:\/\/hoycordobaweb.com\/wp-content\/uploads\/2023\/06\/el-vestido-de-novia-made-in-spain-con-tiara-de-perlas-y-diamantes-de-sol-medina-hija-de-los-duques-de-segorbe-y-prima-de-rafael-medina-2.jpg\" alt=\"Detalles del look nupcial de Sol de Medina a su entrada en la iglesia de San Esteban. \/ GTRES\"><\/noscript><\/picture><\/div>\n<\/div>\n<\/div>\n<\/div>\n<p class=\"voc-paragraph\">Otro de los detalles que han conseguido que Sol de Medina brille en su d\u00eda, ha sido<br \/>\n<strong> la gran cola de dos o tres metros<\/strong>. Incluso, ha querido complementarla con una<br \/>\n<strong> mantilla bordada a juego <\/strong>con su vestido de novia y confeccionada en puntilla antigua. Tambi\u00e9n, ha lucido con <strong>guantes de \u00f3pera<\/strong> que aportan esa elegancia cl\u00e1sica a cualquier look nupcial.\n<\/p>\n<p class=\"voc-paragraph\">Sin duda alguna, Sol de Medina ha convertido Sevilla en la espectadora principal (y radiante) del \u00abs\u00ed, quiero\u00bb con su esposo Pedro Dom\u00ednguez-Manj\u00f3n con un estilismo digno de la aristocracia espa\u00f1ola. No obstante, ha habido una <strong>gran expectaci\u00f3n sobre la aparici\u00f3n estelar<\/strong> de <a data-voc-vtm-id=\"in-text-traffic\" href=\"https:\/\/www.mujerhoy.com\/celebrities\/realeza\/rafael-medina-complicada-relacion-padre-duque-feria-escandalos-mala-reputacion-pederasta-carcel-drogas-20220507121152-nt.html\">Rafael de Medina<\/a> y su mujer que no han acudido a la celebraci\u00f3n de su prima. Un enlace que ha sido festejado en Casa Pilatos, el lugar palaciego m\u00e1s importante para los Medinaceli.\n<\/p>\n<p><!-- TOPICS --><\/p>\n","protected":false},"excerpt":{"rendered":"<p>Sevilla se ha vestido de gala gracias a los Medinaceli. Sol de Medina Orleans-Braganza, Condesa de Ampurias y primog\u00e9nita de los duques de Segorbe, se ha casado hoy con el empresario Pedro Dom\u00ednguez-Manj\u00f3n Toro. El lugar de la uni\u00f3n ha sido la iglesia de San Esteban, ubicada en el casco hist\u00f3rico sevillano, concretamente en el [&hellip;]<\/p>\n","protected":false},"author":1,"featured_media":61093,"comment_status":"closed","ping_status":"closed","sticky":false,"template":"","format":"standard","meta":[],"categories":[1],"tags":[],"_links":{"self":[{"href":"http:\/\/hoycordobaweb.com\/index.php\/wp-json\/wp\/v2\/posts\/61092"}],"collection":[{"href":"http:\/\/hoycordobaweb.com\/index.php\/wp-json\/wp\/v2\/posts"}],"about":[{"href":"http:\/\/hoycordobaweb.com\/index.php\/wp-json\/wp\/v2\/types\/post"}],"author":[{"embeddable":true,"href":"http:\/\/hoycordobaweb.com\/index.php\/wp-json\/wp\/v2\/users\/1"}],"replies":[{"embeddable":true,"href":"http:\/\/hoycordobaweb.com\/index.php\/wp-json\/wp\/v2\/comments?post=61092"}],"version-history":[{"count":0,"href":"http:\/\/hoycordobaweb.com\/index.php\/wp-json\/wp\/v2\/posts\/61092\/revisions"}],"wp:featuredmedia":[{"embeddable":true,"href":"http:\/\/hoycordobaweb.com\/index.php\/wp-json\/wp\/v2\/media\/61093"}],"wp:attachment":[{"href":"http:\/\/hoycordobaweb.com\/index.php\/wp-json\/wp\/v2\/media?parent=61092"}],"wp:term":[{"taxonomy":"category","embeddable":true,"href":"http:\/\/hoycordobaweb.com\/index.php\/wp-json\/wp\/v2\/categories?post=61092"},{"taxonomy":"post_tag","embeddable":true,"href":"http:\/\/hoycordobaweb.com\/index.php\/wp-json\/wp\/v2\/tags?post=61092"}],"curies":[{"name":"wp","href":"https:\/\/api.w.org\/{rel}","templated":true}]}}