{"id":61035,"date":"2023-06-02T11:50:02","date_gmt":"2023-06-02T11:50:02","guid":{"rendered":"https:\/\/www.mujerhoy.com\/moda\/no-te-pierdas\/vestido-zara-edicion-limitada-tendencias-va-a-agotarse-20230602084011-nt.html"},"modified":"2023-06-02T11:50:02","modified_gmt":"2023-06-02T11:50:02","slug":"el-vestido-de-zara-del-que-te-enamoraras-es-de-edicion-limitada-y-sigue-todas-las-tendencias-del-momento","status":"publish","type":"post","link":"http:\/\/hoycordobaweb.com\/index.php\/2023\/06\/02\/el-vestido-de-zara-del-que-te-enamoraras-es-de-edicion-limitada-y-sigue-todas-las-tendencias-del-momento\/","title":{"rendered":"El vestido de Zara del que te enamorar\u00e1s es de edici\u00f3n limitada y sigue todas las tendencias del momento"},"content":{"rendered":"<p><!-- AUTHOR --><\/p>\n<div class=\"voc-author-timesocial \"><!-- AUTHOR --><\/p>\n<div class=\"voc-author-timesocial__signature\"><!-- IMAGE AUTHOR --><picture class=\"voc-image-signature\"><img class=\"voc-image-signature__img\" src=\"http:\/\/hoycordobaweb.com\/wp-content\/uploads\/2023\/06\/el-vestido-de-zara-del-que-te-enamoraras-es-de-edicion-limitada-y-sigue-todas-las-tendencias-del-momento.jpg\" alt=\"Lauren Izquierdo\"><\/picture><!-- INFO AUTHOR --><\/div>\n<\/div>\n<p><!-- COMPONENTS --><\/p>\n<p class=\"voc-paragraph\">Los <strong>jueves<\/strong> ya no son lo que eran desde hace a\u00f1os. Porque, adem\u00e1s de haberse convertido en el <strong>ant\u00edtesis del fin de semana<\/strong> que empieza con cenas y copas con amigos, tambi\u00e9n es el momento en el que <a data-voc-vtm-id=\"in-text-traffic\" href=\"https:\/\/www.mujerhoy.com\/moda\/no-te-pierdas\/novedades-zara-recien-llegado-a-tienda-nueva-coleccion-primavera-20230322072245-nt.html\" title=\"www.mujerhoy.com\">Zara lanza sus novedades<\/a>. <\/p>\n<p class=\"voc-paragraph\">Y al verlas, nuestra tarjeta de cr\u00e9dito tiembla. Simplemente porque es imposible no caer ante la <strong>tentaci\u00f3n<\/strong> de muchos de los b\u00e1sicos (y no tan b\u00e1sicos) con los que la marca m\u00e1s TOP de Inditex siempre nos <strong>sorprende quincena tras quincena<\/strong>. <\/p>\n<p class=\"voc-paragraph\">Tras dejarnos asombradas con esta nueva <a data-voc-vtm-id=\"in-text-traffic\" href=\"https:\/\/www.mujerhoy.com\/moda\/no-te-pierdas\/vestido-zara-novedades-agotados-punto-lentejuelas-20230601072653-nt.html\" title=\"www.mujerhoy.com\">versi\u00f3n del vestido viral<\/a> que dio la vuelta al mundo el verano pasado, <strong>Zara<\/strong> nos cautiva con un nuevo vestido que sabemos que se agotar\u00e1 en cuesti\u00f3n de segundos. \u00bfLa raz\u00f3n? Es simple,<br \/>\n<strong> concentra todas las tendencias<\/strong> del momento. <\/p>\n<p><h3 class=\"voc-detail__title\"> El vestido de Zara que se va a agotar<br \/>\n<\/h3>\n<\/p>\n<p class=\"voc-paragraph\">No hay nada m\u00e1s que le guste a una adicta a la moda (o a una prescriptora aventajada) que una prenda actual llena de <strong>posibilidades<\/strong>. As\u00ed podr\u00edamos definir este nuevo vestido de Zara de <strong>edici\u00f3n limitada<\/strong> que a\u00fana la <strong>elegancia<\/strong> y <strong>atemporalidad<\/strong> m\u00e1s inaudita con el punto contempor\u00e1neo que resulta irresistible. <\/p>\n<p class=\"voc-paragraph\">Para empezar, esta nueva propuesta apuesta por el <a data-voc-vtm-id=\"in-text-traffic\" href=\"https:\/\/www.mujerhoy.com\/moda\/tendencias\/vestido-palabra-honor-tendencia-90-mango-drapeado-estampado-flores-influencers-20220704135949-nt.html\" title=\"www.mujerhoy.com\">escote de palabra de honor<\/a>, certificando que es el m\u00e1s escogido del verano por las invitadas m\u00e1s elegantes y por aquellas que quieren dar un giro radical a sus looks del d\u00eda a d\u00eda. <\/p>\n<div class=\"voc-detail-photo-zoom\"><picture data-toggle=\"modal\" data-target=\"#photoZoomModal-334\" target=\"modal\">\n<div class=\"voc-img-icon-link\"><img loading=\"lazy\" data-original=\"\/\/static.mujerhoy.com\/www\/multimedia\/202306\/02\/media\/cortadas\/vestido-zara-edicion-limitada-tendencias-va-a-agotarse-7567022711_1_1_1-kQiF--460x637@MujerHoy.jpeg\" class=\"lazy\" alt=\"Vestido de Zara. \"><noscript><img src=\"http:\/\/hoycordobaweb.com\/wp-content\/uploads\/2023\/06\/el-vestido-de-zara-del-que-te-enamoraras-es-de-edicion-limitada-y-sigue-todas-las-tendencias-del-momento-1.jpg\" alt=\"Vestido de Zara. \"><\/noscript><i class=\"voc-icons zoom voc-multimedia-box voc-ico-l\"><\/i><\/div><figcaption class=\"figure-caption\">Vestido de Zara. <\/figcaption><\/picture><\/div>\n<div id=\"photoZoomModal-334\" class=\"voc-lightbox modal fade voc-lightbox--photo-zoom\" role=\"dialog\" data-voc-photozoom-lightbox>\n<div class=\"voc-lightbox__dialog\" role=\"document\">\n<div class=\"voc-lightbox__content\"><!-- Modal header --><!-- Modal content --><\/p>\n<div class=\"voc-lightbox__photo-container\"><picture class><img loading=\"lazy\" data-original=\"\/\/static.mujerhoy.com\/www\/multimedia\/202306\/02\/media\/cortadas\/vestido-zara-edicion-limitada-tendencias-va-a-agotarse-7567022711_1_1_1-kQiF--460x637@MujerHoy.jpeg\" alt=\"Vestido de Zara. \" class=\"lazy\"><noscript><img src=\"http:\/\/hoycordobaweb.com\/wp-content\/uploads\/2023\/06\/el-vestido-de-zara-del-que-te-enamoraras-es-de-edicion-limitada-y-sigue-todas-las-tendencias-del-momento-1.jpg\" alt=\"Vestido de Zara. \"><\/noscript><\/picture><\/div>\n<\/div>\n<\/div>\n<\/div>\n<p class=\"voc-paragraph\">Por otro lado, es un vestido que se ajusta a la figura <strong>sin marcar demasiado<\/strong> y que juega con una de las tonalidades m\u00e1s llevadas por las n\u00f3rdicas: el <strong>cream tone<\/strong>. Eso significa que podr\u00e1s combinarlo con todo lo que tengas en el armario (y m\u00e1s). <\/p>\n<p class=\"voc-paragraph\">Sin embargo, lo que llama especialmente la atenci\u00f3n son sus <strong>bolsillos XXL<\/strong> que a\u00f1aden ese toque justo de drama que eleva esta prenda a la categor\u00eda de la alta costura. Ahora mismo est\u00e1 disponible de la <strong>talla XS a la XL<\/strong> y tiene un precio de <strong>49,95 euros<\/strong>, una cifra que nos ha sorprendido teniendo en cuenta su etiqueta de limited edition.\n<\/p>\n<p><h3 class=\"voc-detail__title\"> c\u00f3mo combinar el vestido m\u00e1s precioso del verano<br \/>\n<\/h3>\n<\/p>\n<p class=\"voc-paragraph\">Nos encanta la idea de llevarlo <strong>sobre una camisa<\/strong> para darle un toque formal y elegant\u00edsimo que reconvierta los c\u00f3digos de vestimenta para los que fue creado este vestido. Sin embargo, tambi\u00e9n puedes llevarlo solo, con unas <strong>palas<\/strong>, alpargatas o con sandalias de tac\u00f3n c\u00f3modo. <\/p>\n<div class=\"voc-detail-photo-zoom\"><picture data-toggle=\"modal\" data-target=\"#photoZoomModal-220\" target=\"modal\">\n<div class=\"voc-img-icon-link\"><img loading=\"lazy\" data-original=\"\/\/static2.mujerhoy.com\/www\/multimedia\/202306\/02\/media\/cortadas\/vestido-zara-edicion-limitada-tendencias-va-a-agotarse-7567022711_6_1_1-kQiF--460x637@MujerHoy.jpeg\" class=\"lazy\" alt=\"Vestido de Zara.\"><noscript><img src=\"http:\/\/hoycordobaweb.com\/wp-content\/uploads\/2023\/06\/el-vestido-de-zara-del-que-te-enamoraras-es-de-edicion-limitada-y-sigue-todas-las-tendencias-del-momento-2.jpg\" alt=\"Vestido de Zara.\"><\/noscript><i class=\"voc-icons zoom voc-multimedia-box voc-ico-l\"><\/i><\/div><figcaption class=\"figure-caption\">Vestido de Zara.<\/figcaption><\/picture><\/div>\n<div id=\"photoZoomModal-220\" class=\"voc-lightbox modal fade voc-lightbox--photo-zoom\" role=\"dialog\" data-voc-photozoom-lightbox>\n<div class=\"voc-lightbox__dialog\" role=\"document\">\n<div class=\"voc-lightbox__content\"><!-- Modal header --><!-- Modal content --><\/p>\n<div class=\"voc-lightbox__photo-container\"><picture class><img loading=\"lazy\" data-original=\"\/\/static2.mujerhoy.com\/www\/multimedia\/202306\/02\/media\/cortadas\/vestido-zara-edicion-limitada-tendencias-va-a-agotarse-7567022711_6_1_1-kQiF--460x637@MujerHoy.jpeg\" alt=\"Vestido de Zara.\" class=\"lazy\"><noscript><img src=\"http:\/\/hoycordobaweb.com\/wp-content\/uploads\/2023\/06\/el-vestido-de-zara-del-que-te-enamoraras-es-de-edicion-limitada-y-sigue-todas-las-tendencias-del-momento-2.jpg\" alt=\"Vestido de Zara.\"><\/noscript><\/picture><\/div>\n<\/div>\n<\/div>\n<\/div>\n<p class=\"voc-paragraph\">En cuanto a los <strong>colores<\/strong>, te recomendamos neutros si tu intenci\u00f3n es conseguir un resultado equilibrado que deje buen sabor de boca. Por el contrario, si lo que buscas es un toque juvenil y en\u00e9rgico, cualquiera de los tonos de moda como el magenta, el azul o el naranja se convertir\u00e1n en tus mejores aliados. <\/p>\n<p><!-- TOPICS --><\/p>\n","protected":false},"excerpt":{"rendered":"<p>Los jueves ya no son lo que eran desde hace a\u00f1os. Porque, adem\u00e1s de haberse convertido en el ant\u00edtesis del fin de semana que empieza con cenas y copas con amigos, tambi\u00e9n es el momento en el que Zara lanza sus novedades. Y al verlas, nuestra tarjeta de cr\u00e9dito tiembla. Simplemente porque es imposible no [&hellip;]<\/p>\n","protected":false},"author":1,"featured_media":61036,"comment_status":"closed","ping_status":"closed","sticky":false,"template":"","format":"standard","meta":[],"categories":[1],"tags":[],"_links":{"self":[{"href":"http:\/\/hoycordobaweb.com\/index.php\/wp-json\/wp\/v2\/posts\/61035"}],"collection":[{"href":"http:\/\/hoycordobaweb.com\/index.php\/wp-json\/wp\/v2\/posts"}],"about":[{"href":"http:\/\/hoycordobaweb.com\/index.php\/wp-json\/wp\/v2\/types\/post"}],"author":[{"embeddable":true,"href":"http:\/\/hoycordobaweb.com\/index.php\/wp-json\/wp\/v2\/users\/1"}],"replies":[{"embeddable":true,"href":"http:\/\/hoycordobaweb.com\/index.php\/wp-json\/wp\/v2\/comments?post=61035"}],"version-history":[{"count":0,"href":"http:\/\/hoycordobaweb.com\/index.php\/wp-json\/wp\/v2\/posts\/61035\/revisions"}],"wp:featuredmedia":[{"embeddable":true,"href":"http:\/\/hoycordobaweb.com\/index.php\/wp-json\/wp\/v2\/media\/61036"}],"wp:attachment":[{"href":"http:\/\/hoycordobaweb.com\/index.php\/wp-json\/wp\/v2\/media?parent=61035"}],"wp:term":[{"taxonomy":"category","embeddable":true,"href":"http:\/\/hoycordobaweb.com\/index.php\/wp-json\/wp\/v2\/categories?post=61035"},{"taxonomy":"post_tag","embeddable":true,"href":"http:\/\/hoycordobaweb.com\/index.php\/wp-json\/wp\/v2\/tags?post=61035"}],"curies":[{"name":"wp","href":"https:\/\/api.w.org\/{rel}","templated":true}]}}