{"id":60986,"date":"2023-06-01T19:29:07","date_gmt":"2023-06-01T19:29:07","guid":{"rendered":"https:\/\/www.trendencias.com\/marcas\/nueve-novedades-mercadona-para-junio-que-anuncian-que-llega-verano"},"modified":"2023-06-01T19:29:07","modified_gmt":"2023-06-01T19:29:07","slug":"nueve-novedades-de-mercadona-para-junio-que-anuncian-que-ya-llega-el-verano","status":"publish","type":"post","link":"http:\/\/hoycordobaweb.com\/index.php\/2023\/06\/01\/nueve-novedades-de-mercadona-para-junio-que-anuncian-que-ya-llega-el-verano\/","title":{"rendered":"Nueve novedades de Mercadona para junio que anuncian que ya llega el verano"},"content":{"rendered":"<p>En junio llega oficialmente el verano y eso se nota en el cat\u00e1logo de Mercadona, que viene cargado de productos para afrontar esta estaci\u00f3n. Sobre todo, en la secci\u00f3n de cuidado facial, corporal y maquillaje. De este modo, vuelve la l\u00ednea Mono\u00ef que tanto lo pet\u00f3 el a\u00f1o pasado y productos para protegerse del sol y ponerse a punto para los d\u00edas de playa. Con 1.633 tiendas repartidas por toda Espa\u00f1a, Mercadona es el supermercado preferido de muchos compradores a lo largo y ancho del pa\u00eds, que depositan su confianza en esta gran superficie a la hora de abastecerse. Y no solo eso sino que<strong> <\/strong>los hay que esperan con impaciencia las <strong>nuevas propuestas y productos mejorados que llegan constantemente a sus estanter\u00edas<\/strong>. Como estos.<\/p>\n<p><!-- BREAK 1 --><\/p>\n<div class=\"article-asset article-asset-normal article-asset-center\">\n<div class=\"desvio-container\">\n<div class=\"desvio\">\n<div class=\"desvio-figure js-desvio-figure\"> <a href=\"https:\/\/www.trendencias.com\/redes-sociales\/mi-sitio-feliz-australiana-alucina-estos-productos-mercadona\"> <img alt=\"&quot;Es mi sitio feliz&quot;: una australiana alucina con estos productos de Mercadona \" src=\"http:\/\/hoycordobaweb.com\/wp-content\/uploads\/2023\/06\/nueve-novedades-de-mercadona-para-junio-que-anuncian-que-ya-llega-el-verano.jpg\"> <\/a> <\/div><\/div><\/div>\n<\/div>\n<div class=\"article-asset-image article-asset-small article-asset-center\">\n<div class=\"asset-content\">\n<div class=\"base-wrapper-image\"> <img class=\"sf-lazy centro_sinmarco\" data-sf-srcset=\"http:\/\/hoycordobaweb.com\/wp-content\/uploads\/2023\/06\/nueve-novedades-de-mercadona-para-junio-que-anuncian-que-ya-llega-el-verano-1.jpg 450w, http:\/\/hoycordobaweb.com\/wp-content\/uploads\/2023\/06\/nueve-novedades-de-mercadona-para-junio-que-anuncian-que-ya-llega-el-verano-11.jpg 681w,http:\/\/hoycordobaweb.com\/wp-content\/uploads\/2023\/06\/nueve-novedades-de-mercadona-para-junio-que-anuncian-que-ya-llega-el-verano-12.jpg 1024w, http:\/\/hoycordobaweb.com\/wp-content\/uploads\/2023\/06\/nueve-novedades-de-mercadona-para-junio-que-anuncian-que-ya-llega-el-verano-13.jpg 1366w,\" data-sf-src=\"http:\/\/hoycordobaweb.com\/wp-content\/uploads\/2023\/06\/nueve-novedades-de-mercadona-para-junio-que-anuncian-que-ya-llega-el-verano-1.jpg\" alt=\"colorete\"> <noscript><img alt=\"colorete\" class=\"centro_sinmarco\" src=\"http:\/\/hoycordobaweb.com\/wp-content\/uploads\/2023\/06\/nueve-novedades-de-mercadona-para-junio-que-anuncian-que-ya-llega-el-verano-1.jpg\"><\/noscript> <\/div><\/div>\n<\/div>\n<p><strong>Polvos bronceadores compactos: <\/strong>Bronzer Summer Deliplus con acabado mate. por 7,50 \u20ac la unidad.<\/p>\n<p><!-- BREAK 2 --> <\/p>\n<div class=\"article-asset-image article-asset-small article-asset-center\">\n<div class=\"asset-content\">\n<div class=\"base-wrapper-image\"> <img class=\"sf-lazy centro_sinmarco\" data-sf-srcset=\"http:\/\/hoycordobaweb.com\/wp-content\/uploads\/2023\/06\/nueve-novedades-de-mercadona-para-junio-que-anuncian-que-ya-llega-el-verano-2.jpg 450w, http:\/\/hoycordobaweb.com\/wp-content\/uploads\/2023\/06\/nueve-novedades-de-mercadona-para-junio-que-anuncian-que-ya-llega-el-verano-14.jpg 681w,http:\/\/hoycordobaweb.com\/wp-content\/uploads\/2023\/06\/nueve-novedades-de-mercadona-para-junio-que-anuncian-que-ya-llega-el-verano-15.jpg 1024w, http:\/\/hoycordobaweb.com\/wp-content\/uploads\/2023\/06\/nueve-novedades-de-mercadona-para-junio-que-anuncian-que-ya-llega-el-verano-16.jpg 1366w,\" data-sf-src=\"http:\/\/hoycordobaweb.com\/wp-content\/uploads\/2023\/06\/nueve-novedades-de-mercadona-para-junio-que-anuncian-que-ya-llega-el-verano-2.jpg\" alt=\"colorete\"> <noscript><img alt=\"colorete\" class=\"centro_sinmarco\" src=\"http:\/\/hoycordobaweb.com\/wp-content\/uploads\/2023\/06\/nueve-novedades-de-mercadona-para-junio-que-anuncian-que-ya-llega-el-verano-2.jpg\"><\/noscript> <\/div><\/div>\n<\/div>\n<p><strong>Colorete compacto:<\/strong> Multicolor Summer Deliplus, por 6,00 \u20ac la unidad.<\/p>\n<div class=\"article-asset-image article-asset-small article-asset-center\">\n<div class=\"asset-content\">\n<div class=\"base-wrapper-image\"> <img class=\"sf-lazy centro_sinmarco\" data-sf-srcset=\"http:\/\/hoycordobaweb.com\/wp-content\/uploads\/2023\/06\/nueve-novedades-de-mercadona-para-junio-que-anuncian-que-ya-llega-el-verano-3.jpg 450w, http:\/\/hoycordobaweb.com\/wp-content\/uploads\/2023\/06\/nueve-novedades-de-mercadona-para-junio-que-anuncian-que-ya-llega-el-verano-17.jpg 681w,http:\/\/hoycordobaweb.com\/wp-content\/uploads\/2023\/06\/nueve-novedades-de-mercadona-para-junio-que-anuncian-que-ya-llega-el-verano-18.jpg 1024w, http:\/\/hoycordobaweb.com\/wp-content\/uploads\/2023\/06\/nueve-novedades-de-mercadona-para-junio-que-anuncian-que-ya-llega-el-verano-19.jpg 1366w,\" data-sf-src=\"http:\/\/hoycordobaweb.com\/wp-content\/uploads\/2023\/06\/nueve-novedades-de-mercadona-para-junio-que-anuncian-que-ya-llega-el-verano-3.jpg\" alt=\"monoi\"> <noscript><img alt=\"monoi\" class=\"centro_sinmarco\" src=\"http:\/\/hoycordobaweb.com\/wp-content\/uploads\/2023\/06\/nueve-novedades-de-mercadona-para-junio-que-anuncian-que-ya-llega-el-verano-3.jpg\"><\/noscript> <\/div><\/div>\n<\/div>\n<p><strong>Mousse hidratante:<\/strong> Body Crackling Elixir Fleur de Mono\u00ef con efecto efervescente. Bote de 150 ml, por 2,00 \u20ac la unidad.<\/p>\n<p><!-- BREAK 3 --><\/p>\n<div class=\"article-asset-image article-asset-small article-asset-center\">\n<div class=\"asset-content\">\n<div class=\"base-wrapper-image\"> <img class=\"sf-lazy centro_sinmarco\" data-sf-srcset=\"http:\/\/hoycordobaweb.com\/wp-content\/uploads\/2023\/06\/nueve-novedades-de-mercadona-para-junio-que-anuncian-que-ya-llega-el-verano-4.jpg 450w, http:\/\/hoycordobaweb.com\/wp-content\/uploads\/2023\/06\/nueve-novedades-de-mercadona-para-junio-que-anuncian-que-ya-llega-el-verano-20.jpg 681w,http:\/\/hoycordobaweb.com\/wp-content\/uploads\/2023\/06\/nueve-novedades-de-mercadona-para-junio-que-anuncian-que-ya-llega-el-verano-21.jpg 1024w, http:\/\/hoycordobaweb.com\/wp-content\/uploads\/2023\/06\/nueve-novedades-de-mercadona-para-junio-que-anuncian-que-ya-llega-el-verano-22.jpg 1366w,\" data-sf-src=\"http:\/\/hoycordobaweb.com\/wp-content\/uploads\/2023\/06\/nueve-novedades-de-mercadona-para-junio-que-anuncian-que-ya-llega-el-verano-4.jpg\" alt=\"fruta tropical\"> <noscript><img alt=\"fruta tropical\" class=\"centro_sinmarco\" src=\"http:\/\/hoycordobaweb.com\/wp-content\/uploads\/2023\/06\/nueve-novedades-de-mercadona-para-junio-que-anuncian-que-ya-llega-el-verano-4.jpg\"><\/noscript> <\/div><\/div>\n<\/div>\n<p><strong>Vela perfumada:<\/strong> Fruta Tropical Bosque. Caja de 18 velas de color verde y de tama\u00f1o peque\u00f1o. Por 1,75 \u20ac la caja.<\/p>\n<p><!-- BREAK 4 --><\/p>\n<div class=\"article-asset-image article-asset-small article-asset-center\">\n<div class=\"asset-content\">\n<div class=\"base-wrapper-image\"> <img class=\"sf-lazy centro_sinmarco\" data-sf-srcset=\"http:\/\/hoycordobaweb.com\/wp-content\/uploads\/2023\/06\/nueve-novedades-de-mercadona-para-junio-que-anuncian-que-ya-llega-el-verano-5.jpg 450w, http:\/\/hoycordobaweb.com\/wp-content\/uploads\/2023\/06\/nueve-novedades-de-mercadona-para-junio-que-anuncian-que-ya-llega-el-verano-23.jpg 681w,http:\/\/hoycordobaweb.com\/wp-content\/uploads\/2023\/06\/nueve-novedades-de-mercadona-para-junio-que-anuncian-que-ya-llega-el-verano-24.jpg 1024w, http:\/\/hoycordobaweb.com\/wp-content\/uploads\/2023\/06\/nueve-novedades-de-mercadona-para-junio-que-anuncian-que-ya-llega-el-verano-25.jpg 1366w,\" data-sf-src=\"http:\/\/hoycordobaweb.com\/wp-content\/uploads\/2023\/06\/nueve-novedades-de-mercadona-para-junio-que-anuncian-que-ya-llega-el-verano-5.jpg\" alt=\"D56d8cbede4443094439f56adcadb4bd\"> <noscript><img alt=\"D56d8cbede4443094439f56adcadb4bd\" class=\"centro_sinmarco\" src=\"http:\/\/hoycordobaweb.com\/wp-content\/uploads\/2023\/06\/nueve-novedades-de-mercadona-para-junio-que-anuncian-que-ya-llega-el-verano-5.jpg\"><\/noscript> <\/div><\/div>\n<\/div>\n<p><strong>Caprichos vegetales Hacendado:<\/strong> producto ultracongelado de zanahoria y manzana empanados. Paquete de 350 g por 2,60 \u20ac.<\/p>\n<p><!-- BREAK 5 --><\/p>\n<div class=\"article-asset-image article-asset-small article-asset-center\">\n<div class=\"asset-content\">\n<div class=\"base-wrapper-image\"> <img class=\"sf-lazy centro_sinmarco\" data-sf-srcset=\"http:\/\/hoycordobaweb.com\/wp-content\/uploads\/2023\/06\/nueve-novedades-de-mercadona-para-junio-que-anuncian-que-ya-llega-el-verano-6.jpg 450w, http:\/\/hoycordobaweb.com\/wp-content\/uploads\/2023\/06\/nueve-novedades-de-mercadona-para-junio-que-anuncian-que-ya-llega-el-verano-26.jpg 681w,http:\/\/hoycordobaweb.com\/wp-content\/uploads\/2023\/06\/nueve-novedades-de-mercadona-para-junio-que-anuncian-que-ya-llega-el-verano-27.jpg 1024w, http:\/\/hoycordobaweb.com\/wp-content\/uploads\/2023\/06\/nueve-novedades-de-mercadona-para-junio-que-anuncian-que-ya-llega-el-verano-28.jpg 1366w,\" data-sf-src=\"http:\/\/hoycordobaweb.com\/wp-content\/uploads\/2023\/06\/nueve-novedades-de-mercadona-para-junio-que-anuncian-que-ya-llega-el-verano-6.jpg\" alt=\"aceite solar\"> <noscript><img alt=\"aceite solar\" class=\"centro_sinmarco\" src=\"http:\/\/hoycordobaweb.com\/wp-content\/uploads\/2023\/06\/nueve-novedades-de-mercadona-para-junio-que-anuncian-que-ya-llega-el-verano-6.jpg\"><\/noscript> <\/div><\/div>\n<\/div>\n<p><strong>Aceite solar protector Deliplus: <\/strong>Bote de 200 ml, FPS 50 y resistente al agua. Por 7,00 \u20ac la unidad.<\/p>\n<p><!-- BREAK 6 --><\/p>\n<div class=\"article-asset-image article-asset-small article-asset-center\">\n<div class=\"asset-content\">\n<div class=\"base-wrapper-image\"> <img class=\"sf-lazy centro_sinmarco\" data-sf-srcset=\"http:\/\/hoycordobaweb.com\/wp-content\/uploads\/2023\/06\/nueve-novedades-de-mercadona-para-junio-que-anuncian-que-ya-llega-el-verano-7.jpg 450w, http:\/\/hoycordobaweb.com\/wp-content\/uploads\/2023\/06\/nueve-novedades-de-mercadona-para-junio-que-anuncian-que-ya-llega-el-verano-29.jpg 681w,http:\/\/hoycordobaweb.com\/wp-content\/uploads\/2023\/06\/nueve-novedades-de-mercadona-para-junio-que-anuncian-que-ya-llega-el-verano-30.jpg 1024w, http:\/\/hoycordobaweb.com\/wp-content\/uploads\/2023\/06\/nueve-novedades-de-mercadona-para-junio-que-anuncian-que-ya-llega-el-verano-31.jpg 1366w,\" data-sf-src=\"http:\/\/hoycordobaweb.com\/wp-content\/uploads\/2023\/06\/nueve-novedades-de-mercadona-para-junio-que-anuncian-que-ya-llega-el-verano-7.jpg\" alt=\"E1d11ae4c8ebf665cc8f77790d184b25\"> <noscript><img alt=\"E1d11ae4c8ebf665cc8f77790d184b25\" class=\"centro_sinmarco\" src=\"http:\/\/hoycordobaweb.com\/wp-content\/uploads\/2023\/06\/nueve-novedades-de-mercadona-para-junio-que-anuncian-que-ya-llega-el-verano-7.jpg\"><\/noscript> <\/div><\/div>\n<\/div>\n<p><strong>Rodillo intensivo reductor Deliplus: <\/strong>con creatina y cafe\u00edna combate la celulitis. Bote de 150 ml por 6,50 \u20ac la unidad.<\/p>\n<p><!-- BREAK 7 --><\/p>\n<div class=\"article-asset-image article-asset-small article-asset-center\">\n<div class=\"asset-content\">\n<div class=\"base-wrapper-image\"> <img class=\"sf-lazy centro_sinmarco\" data-sf-srcset=\"http:\/\/hoycordobaweb.com\/wp-content\/uploads\/2023\/06\/nueve-novedades-de-mercadona-para-junio-que-anuncian-que-ya-llega-el-verano-8.jpg 450w, http:\/\/hoycordobaweb.com\/wp-content\/uploads\/2023\/06\/nueve-novedades-de-mercadona-para-junio-que-anuncian-que-ya-llega-el-verano-32.jpg 681w,http:\/\/hoycordobaweb.com\/wp-content\/uploads\/2023\/06\/nueve-novedades-de-mercadona-para-junio-que-anuncian-que-ya-llega-el-verano-33.jpg 1024w, http:\/\/hoycordobaweb.com\/wp-content\/uploads\/2023\/06\/nueve-novedades-de-mercadona-para-junio-que-anuncian-que-ya-llega-el-verano-34.jpg 1366w,\" data-sf-src=\"http:\/\/hoycordobaweb.com\/wp-content\/uploads\/2023\/06\/nueve-novedades-de-mercadona-para-junio-que-anuncian-que-ya-llega-el-verano-8.jpg\" alt=\"brochas\"> <noscript><img alt=\"brochas\" class=\"centro_sinmarco\" src=\"http:\/\/hoycordobaweb.com\/wp-content\/uploads\/2023\/06\/nueve-novedades-de-mercadona-para-junio-que-anuncian-que-ya-llega-el-verano-8.jpg\"><\/noscript> <\/div><\/div>\n<\/div>\n<p><strong>Lote de pinceles con neceser Deliplus:<\/strong> contiene pincel de polvos, pincel de blush, pincel de sombra, pincel de cejas y pincel de sombra biselado. 10,00 \u20ac la unidad.<\/p>\n<p><!-- BREAK 8 --><\/p>\n<div class=\"article-asset-image article-asset-small article-asset-center\">\n<div class=\"asset-content\">\n<div class=\"base-wrapper-image\"> <img class=\"sf-lazy centro_sinmarco\" data-sf-srcset=\"http:\/\/hoycordobaweb.com\/wp-content\/uploads\/2023\/06\/nueve-novedades-de-mercadona-para-junio-que-anuncian-que-ya-llega-el-verano-9.jpg 450w, http:\/\/hoycordobaweb.com\/wp-content\/uploads\/2023\/06\/nueve-novedades-de-mercadona-para-junio-que-anuncian-que-ya-llega-el-verano-35.jpg 681w,http:\/\/hoycordobaweb.com\/wp-content\/uploads\/2023\/06\/nueve-novedades-de-mercadona-para-junio-que-anuncian-que-ya-llega-el-verano-36.jpg 1024w, http:\/\/hoycordobaweb.com\/wp-content\/uploads\/2023\/06\/nueve-novedades-de-mercadona-para-junio-que-anuncian-que-ya-llega-el-verano-37.jpg 1366w,\" data-sf-src=\"http:\/\/hoycordobaweb.com\/wp-content\/uploads\/2023\/06\/nueve-novedades-de-mercadona-para-junio-que-anuncian-que-ya-llega-el-verano-9.jpg\" alt=\"monoi\"> <noscript><img alt=\"monoi\" class=\"centro_sinmarco\" src=\"http:\/\/hoycordobaweb.com\/wp-content\/uploads\/2023\/06\/nueve-novedades-de-mercadona-para-junio-que-anuncian-que-ya-llega-el-verano-9.jpg\"><\/noscript> <\/div><\/div>\n<\/div>\n<p><strong>Gel corporal perfumado:<\/strong> Glitter Elixir Fleur de Mono\u00ef, ilumina y decora la piel del cuerpo. Bote de 155 ml, por 4,00 \u20ac la unidad.<\/p>\n<p><!-- BREAK 9 --><\/p>\n<p>Foto de portada | Gtres<\/p>\n<p>En Trendencias | <a href=\"https:\/\/www.trendencias.com\/belleza\/estos-perfumes-mercadona-que-se-inspiran-firma-lujo-que-todo-mundo-habla\">Estos son los perfumes de Mercadona que se inspiran en los de una firma de lujo (y de los que todo el mundo habla)<\/a><\/p>\n<p><!-- BREAK 10 --><\/p>\n<p>En Trendencias | <a href=\"https:\/\/www.trendencias.com\/belleza\/nuevo-serum-retinol-mercadona-cuesta-6-euros-esta-llamado-a-convertirse-su-nuevo-cosmetico-estrella\">El s\u00e9rum de retinol de Mercadona cuesta menos de 6 euros y ya es uno de sus cosm\u00e9ticos estrella<\/a><\/p>\n<p><!-- BREAK 11 --> <\/p>\n","protected":false},"excerpt":{"rendered":"<p>En junio llega oficialmente el verano y eso se nota en el cat\u00e1logo de Mercadona, que viene cargado de productos para afrontar esta estaci\u00f3n. Sobre todo, en la secci\u00f3n de cuidado facial, corporal y maquillaje. De este modo, vuelve la l\u00ednea Mono\u00ef que tanto lo pet\u00f3 el a\u00f1o pasado y productos para protegerse del sol [&hellip;]<\/p>\n","protected":false},"author":1,"featured_media":60987,"comment_status":"closed","ping_status":"closed","sticky":false,"template":"","format":"standard","meta":[],"categories":[1],"tags":[],"_links":{"self":[{"href":"http:\/\/hoycordobaweb.com\/index.php\/wp-json\/wp\/v2\/posts\/60986"}],"collection":[{"href":"http:\/\/hoycordobaweb.com\/index.php\/wp-json\/wp\/v2\/posts"}],"about":[{"href":"http:\/\/hoycordobaweb.com\/index.php\/wp-json\/wp\/v2\/types\/post"}],"author":[{"embeddable":true,"href":"http:\/\/hoycordobaweb.com\/index.php\/wp-json\/wp\/v2\/users\/1"}],"replies":[{"embeddable":true,"href":"http:\/\/hoycordobaweb.com\/index.php\/wp-json\/wp\/v2\/comments?post=60986"}],"version-history":[{"count":0,"href":"http:\/\/hoycordobaweb.com\/index.php\/wp-json\/wp\/v2\/posts\/60986\/revisions"}],"wp:featuredmedia":[{"embeddable":true,"href":"http:\/\/hoycordobaweb.com\/index.php\/wp-json\/wp\/v2\/media\/60987"}],"wp:attachment":[{"href":"http:\/\/hoycordobaweb.com\/index.php\/wp-json\/wp\/v2\/media?parent=60986"}],"wp:term":[{"taxonomy":"category","embeddable":true,"href":"http:\/\/hoycordobaweb.com\/index.php\/wp-json\/wp\/v2\/categories?post=60986"},{"taxonomy":"post_tag","embeddable":true,"href":"http:\/\/hoycordobaweb.com\/index.php\/wp-json\/wp\/v2\/tags?post=60986"}],"curies":[{"name":"wp","href":"https:\/\/api.w.org\/{rel}","templated":true}]}}