{"id":60927,"date":"2023-05-31T22:52:27","date_gmt":"2023-05-31T22:52:27","guid":{"rendered":"https:\/\/www.ole.com.ar\/river-plate\/river-sevilla-aporte-europa-league-lamela-ocampos-montiel-bono_0_CS71bl3bgR.html"},"modified":"2023-05-31T22:52:27","modified_gmt":"2023-05-31T22:52:27","slug":"el-aporte-clave-de-river-en-el-sevilla-campeon-de-europa-league","status":"publish","type":"post","link":"http:\/\/hoycordobaweb.com\/index.php\/2023\/05\/31\/el-aporte-clave-de-river-en-el-sevilla-campeon-de-europa-league\/","title":{"rendered":"El aporte clave de River en el Sevilla campe\u00f3n de Europa League"},"content":{"rendered":"<p><img src=\"http:\/\/hoycordobaweb.com\/wp-content\/uploads\/2023\/06\/el-aporte-clave-de-river-en-el-sevilla-campeon-de-europa-league.jpg\"><\/p>\n<p><time class=\"createDate\" datetime=\"2023-05-31T19:52:27-03:00\">31\/05\/2023 19:52hs.<\/time><time class=\"modificatedDate\" datetime=\"2023\/05\/31T22:16:39-03:00\"> Actualizado al 31\/05\/2023 22:16hs.<\/time><\/p>\n<div id=\"storyBody\">\n<div class=\"sc-e7b891c4-0 jPbnQF\"><img alt=\"Bono, Montiel, Ocampos y Lamela. \" src=\"http:\/\/hoycordobaweb.com\/wp-content\/uploads\/2023\/06\/el-aporte-clave-de-river-en-el-sevilla-campeon-de-europa-league-2.jpg\" width=\"72\" height=\"10\" decoding=\"async\" data-nimg=\"future\" loading=\"lazy\"><span class=\"epigraphe\">Bono, Montiel, Ocampos y Lamela. <\/span><\/div>\n<div class=\"sc-a7166897-0 exHLBh\" readability=\"6.5\">\n<section readability=\"3\"><picture><img alt=\"\u00a1Otra vez Montiel! De penal, le dio la Europa League al Sevilla\" src=\"http:\/\/hoycordobaweb.com\/wp-content\/uploads\/2023\/06\/el-aporte-clave-de-river-en-el-sevilla-campeon-de-europa-league-3.jpg\" width=\"29\" height=\"29\" decoding=\"async\" data-nimg=\"future\" loading=\"lazy\"><\/picture>\n<p><span>Mir\u00e1 tambi\u00e9n<\/span><\/p>\n<hr>\n<h3>\u00a1Otra vez Montiel! De penal, le dio la Europa League al Sevilla<\/h3>\n<\/p>\n<\/section>\n<\/div>\n<div class=\"custom-text \" readability=\"14\">\n<p>Tras la igualdad 1-1 en los 120 minutos de juego, el trofeo se defini\u00f3 por penales. <strong>Y el primero en patear fue Lucas Ocampos (jug\u00f3 todo el partido)<\/strong>, que le toc\u00f3 debutar en River en una \u00e9poca brava: la B Nacional, a mediados de 2011. Con una clase b\u00e1rbara, hizo un no look al ejecutar su disparo. <\/p>\n<\/div>\n<div class=\"sc-e7b891c4-0 jPbnQF\"><img alt=\"Ocampos y su remate (AFP). \" src=\"http:\/\/hoycordobaweb.com\/wp-content\/uploads\/2023\/06\/el-aporte-clave-de-river-en-el-sevilla-campeon-de-europa-league-4.jpg\" width=\"72\" height=\"10\" decoding=\"async\" data-nimg=\"future\" loading=\"lazy\"><span class=\"epigraphe\">Ocampos y su remate (AFP). <\/span><\/div>\n<div class=\"sc-a7166897-0 exHLBh\" readability=\"7\">\n<section readability=\"4\"><picture><img alt=\"Montiel, con un penal id\u00e9ntico al del Mundial, fue el h\u00e9roe del Sevilla\" src=\"http:\/\/hoycordobaweb.com\/wp-content\/uploads\/2023\/06\/el-aporte-clave-de-river-en-el-sevilla-campeon-de-europa-league-5.jpg\" width=\"29\" height=\"29\" decoding=\"async\" data-nimg=\"future\" loading=\"lazy\"><\/picture>\n<p><span>Mir\u00e1 tambi\u00e9n<\/span><\/p>\n<hr>\n<h3>Montiel, con un penal id\u00e9ntico al del Mundial, fue el h\u00e9roe del Sevilla<\/h3>\n<\/p>\n<\/section>\n<\/div>\n<p><h2><strong>LOS PENALES<\/strong><\/h2>\n<\/p>\n<div class=\"sc-7ce6049-0 dwIKul\">\n<div class=\"sc-7ce6049-1 bdcBBS videoText\" id=\"contentTitleundefined4EU3mWYP\" readability=\"6\"><svg fill=\"#ffffff\"><symbol id=\"play\" viewBox=\"0 0 512 512\"><path d=\"M512 256C512 397.4 397.4 512 256 512C114.6 512 0 397.4 0 256C0 114.6 114.6 0 256 0C397.4 0 512 114.6 512 256zM176 168V344C176 352.7 180.7 360.7 188.3 364.9C195.8 369.2 205.1 369 212.5 364.5L356.5 276.5C363.6 272.1 368 264.4 368 256C368 247.6 363.6 239.9 356.5 235.5L212.5 147.5C205.1 142.1 195.8 142.8 188.3 147.1C180.7 151.3 176 159.3 176 168V168z\" \/><\/symbol><use xlink:href=\"#play\" \/><\/svg><\/p>\n<div class=\"right\" readability=\"7\">\n<p>UEFA Europa League<!-- --> &#8211;<!-- --> <span>31-5-2023<\/span><\/p>\n<h2 class=\"title-vid\">Sevilla se consagr\u00f3 en los penales<\/h2>\n<\/div>\n<\/div>\n<p><span class=\"back\" id=\"spanBackundefined4EU3mWYP\"><\/span><\/div>\n<div class=\"sc-a7166897-0 exHLBh\" readability=\"6\">\n<section readability=\"2\"><picture><img alt=\"A Mourinho se le rompi\u00f3 una racha y tir\u00f3 la medalla a la tribuna... \" src=\"http:\/\/hoycordobaweb.com\/wp-content\/uploads\/2023\/06\/el-aporte-clave-de-river-en-el-sevilla-campeon-de-europa-league-6.jpg\" width=\"29\" height=\"29\" decoding=\"async\" data-nimg=\"future\" loading=\"lazy\"><\/picture>\n<p><span>Mir\u00e1 tambi\u00e9n<\/span><\/p>\n<hr>\n<h3>A Mourinho se le rompi\u00f3 una racha y tir\u00f3 la medalla a la tribuna&#8230; <\/h3>\n<\/p>\n<\/section>\n<\/div>\n<div class=\"custom-text \" readability=\"14\">\n<p><strong>El segundo en tirar para el equipo espa\u00f1ol fue Erik Lamela (ingres\u00f3 en el ST),<\/strong> que tambi\u00e9n hizo sus primeras armas en un River ya complicado con el promedio y que, por esas cosas del f\u00fatbol, le toc\u00f3 descender en el citado 2011. <strong>Coco la cruz\u00f3 de zurda a un palo, sin que el arquero Rui Patr\u00edcio pudiera sacarla.<\/strong><\/p>\n<\/div>\n<div class=\"sc-e7b891c4-0 jPbnQF\"><img alt=\"El gol de Lamela (AP).\" src=\"http:\/\/hoycordobaweb.com\/wp-content\/uploads\/2023\/06\/el-aporte-clave-de-river-en-el-sevilla-campeon-de-europa-league-7.jpg\" width=\"72\" height=\"10\" decoding=\"async\" data-nimg=\"future\" loading=\"lazy\"><span class=\"epigraphe\">El gol de Lamela (AP).<\/span><\/div>\n<div class=\"custom-text \" readability=\"10\">\n<p><strong>El tercero en entrar en acci\u00f3n fue el mencionado Bono<\/strong>, quien semanas atr\u00e1s cont\u00f3 que le gustar\u00eda jugar en el Millo.<strong> El arquero le ataj\u00f3 con sus pies el penal a Gianluca Mancini y roz\u00f3 la pelota en el tiro de Roger da Silva que dio en el palo. Determinante.<\/strong><\/p>\n<\/div>\n<div class=\"sc-e7b891c4-0 jPbnQF\"><img alt=\"Bono y Montiel (REUTER). \" src=\"http:\/\/hoycordobaweb.com\/wp-content\/uploads\/2023\/06\/el-aporte-clave-de-river-en-el-sevilla-campeon-de-europa-league-8.jpg\" width=\"72\" height=\"10\" decoding=\"async\" data-nimg=\"future\" loading=\"lazy\"><span class=\"epigraphe\">Bono y Montiel (REUTER). <\/span><\/div>\n<div class=\"custom-text \" readability=\"15\">\n<p>Por \u00faltimo, <strong>el que anot\u00f3 el penal final (como en Qatar 2022 con la Selecci\u00f3n) fue Gonzalo Montiel. <\/strong>Hecho para las paradas bravas (multicampe\u00f3n en el River de Marcelo Gallardo), tom\u00f3 el cuarto disparo de Sevilla<strong>. Se lo atajaron en una primera instancia, pero el VAR oblig\u00f3 a que se pateara de nuevo por adelantamiento del arquero de Roma. <\/strong>Esta vez, sin fallar, la cruz\u00f3 al palo derecho y termin\u00f3 celebrando con sus compa\u00f1eros.<\/p>\n<\/div>\n<div class=\"sc-a7166897-0 exHLBh\" readability=\"6\">\n<section readability=\"2\"><picture><img alt=\"Los campeones del mundo que volvieron a consagrarse en este 2023\" src=\"http:\/\/hoycordobaweb.com\/wp-content\/uploads\/2023\/06\/el-aporte-clave-de-river-en-el-sevilla-campeon-de-europa-league-9.jpg\" width=\"29\" height=\"29\" decoding=\"async\" data-nimg=\"future\" loading=\"lazy\"><\/picture>\n<p><span>Mir\u00e1 tambi\u00e9n<\/span><\/p>\n<hr>\n<h3>Los campeones del mundo que volvieron a consagrarse en este 2023<\/h3>\n<\/p>\n<\/section>\n<\/div>\n<div class=\"sc-7ce6049-0 dwIKul\">\n<div class=\"sc-7ce6049-1 bdcBBS videoText\" id=\"contentTitleundefinedge9QJ9K7\" readability=\"6\"><svg fill=\"#ffffff\"><symbol id=\"play\" viewBox=\"0 0 512 512\"><path d=\"M512 256C512 397.4 397.4 512 256 512C114.6 512 0 397.4 0 256C0 114.6 114.6 0 256 0C397.4 0 512 114.6 512 256zM176 168V344C176 352.7 180.7 360.7 188.3 364.9C195.8 369.2 205.1 369 212.5 364.5L356.5 276.5C363.6 272.1 368 264.4 368 256C368 247.6 363.6 239.9 356.5 235.5L212.5 147.5C205.1 142.1 195.8 142.8 188.3 147.1C180.7 151.3 176 159.3 176 168V168z\" \/><\/symbol><use xlink:href=\"#play\" \/><\/svg><\/p>\n<div class=\"right\" readability=\"7\">\n<p>Gonzalo Montiel<!-- --> &#8211;<!-- --> <span>31-5-2023<\/span><\/p>\n<h2 class=\"title-vid\">La comparaci\u00f3n del penal de Montiel ante Francia y Roma<\/h2>\n<\/div>\n<\/div>\n<p><span class=\"back\" id=\"spanBackundefinedge9QJ9K7\"><\/span><\/div>\n<\/div>\n","protected":false},"excerpt":{"rendered":"<p>31\/05\/2023 19:52hs. Actualizado al 31\/05\/2023 22:16hs. Bono, Montiel, Ocampos y Lamela. Mir\u00e1 tambi\u00e9n \u00a1Otra vez Montiel! De penal, le dio la Europa League al Sevilla Tras la igualdad 1-1 en los 120 minutos de juego, el trofeo se defini\u00f3 por penales. Y el primero en patear fue Lucas Ocampos (jug\u00f3 todo el partido), que le [&hellip;]<\/p>\n","protected":false},"author":1,"featured_media":60928,"comment_status":"open","ping_status":"closed","sticky":false,"template":"","format":"standard","meta":[],"categories":[16],"tags":[],"_links":{"self":[{"href":"http:\/\/hoycordobaweb.com\/index.php\/wp-json\/wp\/v2\/posts\/60927"}],"collection":[{"href":"http:\/\/hoycordobaweb.com\/index.php\/wp-json\/wp\/v2\/posts"}],"about":[{"href":"http:\/\/hoycordobaweb.com\/index.php\/wp-json\/wp\/v2\/types\/post"}],"author":[{"embeddable":true,"href":"http:\/\/hoycordobaweb.com\/index.php\/wp-json\/wp\/v2\/users\/1"}],"replies":[{"embeddable":true,"href":"http:\/\/hoycordobaweb.com\/index.php\/wp-json\/wp\/v2\/comments?post=60927"}],"version-history":[{"count":0,"href":"http:\/\/hoycordobaweb.com\/index.php\/wp-json\/wp\/v2\/posts\/60927\/revisions"}],"wp:featuredmedia":[{"embeddable":true,"href":"http:\/\/hoycordobaweb.com\/index.php\/wp-json\/wp\/v2\/media\/60928"}],"wp:attachment":[{"href":"http:\/\/hoycordobaweb.com\/index.php\/wp-json\/wp\/v2\/media?parent=60927"}],"wp:term":[{"taxonomy":"category","embeddable":true,"href":"http:\/\/hoycordobaweb.com\/index.php\/wp-json\/wp\/v2\/categories?post=60927"},{"taxonomy":"post_tag","embeddable":true,"href":"http:\/\/hoycordobaweb.com\/index.php\/wp-json\/wp\/v2\/tags?post=60927"}],"curies":[{"name":"wp","href":"https:\/\/api.w.org\/{rel}","templated":true}]}}