{"id":60923,"date":"2023-06-01T01:25:59","date_gmt":"2023-06-01T01:25:59","guid":{"rendered":"https:\/\/www.ole.com.ar\/boca-juniors\/boca-vuelta-marcos-rojo-lesion_0_NWSsHvxfbl.html"},"modified":"2023-06-01T01:25:59","modified_gmt":"2023-06-01T01:25:59","slug":"video-las-emocionantes-palabras-de-marcos-rojo-por-su-vuelta-despues-de-231-dias","status":"publish","type":"post","link":"http:\/\/hoycordobaweb.com\/index.php\/2023\/06\/01\/video-las-emocionantes-palabras-de-marcos-rojo-por-su-vuelta-despues-de-231-dias\/","title":{"rendered":"Video: las emocionantes palabras de Marcos Rojo por su vuelta despu\u00e9s de 231 d\u00edas"},"content":{"rendered":"<p><img src=\"http:\/\/hoycordobaweb.com\/wp-content\/uploads\/2023\/06\/video-las-emocionantes-palabras-de-marcos-rojo-por-su-vuelta-despues-de-231-dias.jpg\"><\/p>\n<p><time class=\"createDate\" datetime=\"2023-05-31T22:25:59-03:00\">31\/05\/2023 22:25hs.<\/time><time class=\"modificatedDate\" datetime=\"2023\/05\/31T22:37:55-03:00\"> Actualizado al 31\/05\/2023 22:37hs.<\/time><\/p>\n<div id=\"storyBody\">\n<div class=\"custom-text \" readability=\"30.227272727273\">\n<p><a href=\"https:\/\/www.ole.com.ar\/tema\/marcos-rojo.html\" title=\"Marcos Rojo\" alt=\"Marcos Rojo\" class=\"slug\"><strong>Marcos Rojo<\/strong><\/a> estuvo 231 d\u00edas afuera de las canchas, despu\u00e9s de la dur\u00edsma rotura de ligamentos sufrida el 12 de octubre ante Sarmiento de Jun\u00edn. Mucho sacrificio, entren\u00e1ndose tantas veces solo, mirando por una ventana como sus compa\u00f1eros segu\u00edan adelante y \u00e9l sin poder ayudarlos. Sin poder ponerse el brazalete de capit\u00e1n que tan bien le calza. Pero <a href=\"https:\/\/www.ole.com.ar\/boca-juniors\/marcos-rojo-vuelve-jugar-boca-lesion-rodilla_0_BeNIu27g\" target=\"_blank\" rel=\"noopener noreferrer\">este mi\u00e9rcoles por la noche por fin pudo volver y recuperar viejas sensaciones<\/a>.<\/p>\n<\/div>\n<div class=\"sc-7ce6049-0 dwIKul\">\n<div class=\"sc-7ce6049-1 bdcBBS videoText\" id=\"contentTitleundefinedA1IDUGFY\"><svg fill=\"#ffffff\"><symbol id=\"play\" viewBox=\"0 0 512 512\"><path d=\"M512 256C512 397.4 397.4 512 256 512C114.6 512 0 397.4 0 256C0 114.6 114.6 0 256 0C397.4 0 512 114.6 512 256zM176 168V344C176 352.7 180.7 360.7 188.3 364.9C195.8 369.2 205.1 369 212.5 364.5L356.5 276.5C363.6 272.1 368 264.4 368 256C368 247.6 363.6 239.9 356.5 235.5L212.5 147.5C205.1 142.1 195.8 142.8 188.3 147.1C180.7 151.3 176 159.3 176 168V168z\" \/><\/symbol><use xlink:href=\"#play\" \/><\/svg><\/p>\n<div class=\"right\">\n<p>Boca Juniors<!-- --> &#8211;<!-- --> <span>31-5-2023<\/span><\/p>\n<h2 class=\"title-vid\">Marcos Rojo habl\u00f3 en su vuelta en la Reserva de Boca tras la lesi\u00f3n<\/h2>\n<\/div>\n<\/div>\n<p><span class=\"back\" id=\"spanBackundefinedA1IDUGFY\"><\/span><\/div>\n<div class=\"custom-text \" readability=\"42\">\n<p>\u00abEstoy <strong>muy contento de volver a jugar, sentirme jugador de nuevo<\/strong>, muy feliz y agradecido a toda la gente del club. Lo m\u00e1s dif\u00edcil es estar afuera, si bien entren\u00e1s, es que est\u00e1s en el d\u00eda a d\u00eda, pero no jugar te saca eso lindo que te da el f\u00fatbol, y ahora contento que haber vuelto a jugar\u00bb, dijo Rojo a la tranmisi\u00f3n oficial de la Liga Profesional.<\/p>\n<\/div>\n<div class=\"custom-text \" readability=\"36.1\">\n<p>Rojo reapareci\u00f3 en el ag\u00f3nico triunfo 2-1 de la Reserva de Boca sobre la de Arsenal en el predio de Ezeiza, donde<strong> estuvieron <\/strong><a href=\"https:\/\/www.ole.com.ar\/tema\/juan-roman-riquelme.html\" title=\"Juan Rom\u00e1n Riquelme\" alt=\"Juan Rom\u00e1n Riquelme\" class=\"slug\"><strong>Juan Rom\u00e1n Riquelme<\/strong><\/a><strong> y la mayor\u00eda de sus compa\u00f1eros detr\u00e1s de un arco, siguiendo sus primeros movimientos oficiales<\/strong> despu\u00e9s de casi ocho meses. Y en una cancha que estuvo repleta de hinchas que quer\u00edan verlo, e incluso colgaron alguna bandera para celebrar su regreso.<\/p>\n<\/div>\n<div class=\"sc-a7166897-0 exHLBh\" readability=\"6\">\n<section readability=\"2\"><picture><img alt=\"Se desgarr\u00f3 Payero: out tres semanas\" src=\"http:\/\/hoycordobaweb.com\/wp-content\/uploads\/2023\/06\/video-las-emocionantes-palabras-de-marcos-rojo-por-su-vuelta-despues-de-231-dias-2.jpg\" width=\"29\" height=\"29\" decoding=\"async\" data-nimg=\"future\" loading=\"lazy\"><\/picture>\n<p><span>Mir\u00e1 tambi\u00e9n<\/span><\/p>\n<hr>\n<h3>Se desgarr\u00f3 Payero: out tres semanas<\/h3>\n<\/p>\n<\/section>\n<\/div>\n<div class=\"sc-a7166897-0 exHLBh\" readability=\"6\">\n<section readability=\"2\"><picture><img alt=\"La vuelta de Marcos Rojo: c\u00f3mo jug\u00f3 y el gesto que hizo al dejar la cancha\" src=\"http:\/\/hoycordobaweb.com\/wp-content\/uploads\/2023\/06\/video-las-emocionantes-palabras-de-marcos-rojo-por-su-vuelta-despues-de-231-dias-3.jpg\" width=\"29\" height=\"29\" decoding=\"async\" data-nimg=\"future\" loading=\"lazy\"><\/picture>\n<p><span>Mir\u00e1 tambi\u00e9n<\/span><\/p>\n<hr>\n<h3>La vuelta de Marcos Rojo: c\u00f3mo jug\u00f3 y el gesto que hizo al dejar la cancha<\/h3>\n<\/p>\n<\/section>\n<\/div>\n<div class=\"custom-text \" readability=\"36\">\n<p>\u00abHoy <strong>me pasaban mil cosas por la cabeza<\/strong> y trataba de recordar mi \u00faltimo&nbsp;partido en Reserva. Es muy lindo que la gente acompa\u00f1e y lo pasen por televisi\u00f3n, espero que los chicos lo aprovechen\u00bb, coment\u00f3 <\/p>\n<\/div>\n<div class=\"custom-text \" readability=\"42\">\n<p>El marcador central de 33 a\u00f1os disput\u00f3 los primeros 45 minutos y luego se qued\u00f3 en el banco, porque el objetivo es ir volviendo de a poco. <strong>Se o vio aplomado, due\u00f1o de la situaci\u00f3n, con el don de mando de siempre<\/strong>, sobre todo, claro, porque si es referente para la Primera, ni hablar en un partido de chicos.<\/p>\n<\/div>\n<div class=\"sc-e7b891c4-0 jPbnQF\"><img alt=\"Rojo en el partido de la Reserva de Boca.\" src=\"http:\/\/hoycordobaweb.com\/wp-content\/uploads\/2023\/06\/video-las-emocionantes-palabras-de-marcos-rojo-por-su-vuelta-despues-de-231-dias-4.jpg\" width=\"72\" height=\"10\" decoding=\"async\" data-nimg=\"future\" loading=\"lazy\"><span class=\"epigraphe\">Rojo en el partido de la Reserva de Boca.<\/span><\/div>\n<div class=\"custom-text \" readability=\"36\">\n<p>\u00abHay que seguir trabajando,<strong> todav\u00eda me falta, pero esto es un gran paso. <\/strong>Seguir sumando minutos y estar lo m\u00e1s pronto posible a disposici\u00f3n del t\u00e9cnico\u00bb, complet\u00f3.<\/p>\n<\/div>\n<div class=\"custom-text \" readability=\"33\">\n<p>Ahora habr\u00e1 que ver si Almir\u00f3n lo convoca para <strong>el pr\u00f3ximo martes ante Colo Colo por la Copa Libertadores<\/strong>. Al menos para empezar a sentarse en el banco y ser alternativa<\/p>\n<\/div>\n<div class=\"sc-7ce6049-0 dwIKul\">\n<div class=\"sc-7ce6049-1 bdcBBS videoText\" id=\"contentTitleundefinedxwfHQVxb\"><svg fill=\"#ffffff\"><symbol id=\"play\" viewBox=\"0 0 512 512\"><path d=\"M512 256C512 397.4 397.4 512 256 512C114.6 512 0 397.4 0 256C0 114.6 114.6 0 256 0C397.4 0 512 114.6 512 256zM176 168V344C176 352.7 180.7 360.7 188.3 364.9C195.8 369.2 205.1 369 212.5 364.5L356.5 276.5C363.6 272.1 368 264.4 368 256C368 247.6 363.6 239.9 356.5 235.5L212.5 147.5C205.1 142.1 195.8 142.8 188.3 147.1C180.7 151.3 176 159.3 176 168V168z\" \/><\/symbol><use xlink:href=\"#play\" \/><\/svg><\/p>\n<div class=\"right\">\n<p>Boca Juniors<!-- --> &#8211;<!-- --> <span>31-5-2023<\/span><\/p>\n<h2 class=\"title-vid\">Brandon Cort\u00e9s puso el 2-1 para Boca<\/h2>\n<\/div>\n<\/div>\n<p><span class=\"back\" id=\"spanBackundefinedxwfHQVxb\"><\/span><\/div>\n<\/div>\n","protected":false},"excerpt":{"rendered":"<p>31\/05\/2023 22:25hs. Actualizado al 31\/05\/2023 22:37hs. Marcos Rojo estuvo 231 d\u00edas afuera de las canchas, despu\u00e9s de la dur\u00edsma rotura de ligamentos sufrida el 12 de octubre ante Sarmiento de Jun\u00edn. Mucho sacrificio, entren\u00e1ndose tantas veces solo, mirando por una ventana como sus compa\u00f1eros segu\u00edan adelante y \u00e9l sin poder ayudarlos. Sin poder ponerse el [&hellip;]<\/p>\n","protected":false},"author":1,"featured_media":60924,"comment_status":"open","ping_status":"closed","sticky":false,"template":"","format":"standard","meta":[],"categories":[16],"tags":[],"_links":{"self":[{"href":"http:\/\/hoycordobaweb.com\/index.php\/wp-json\/wp\/v2\/posts\/60923"}],"collection":[{"href":"http:\/\/hoycordobaweb.com\/index.php\/wp-json\/wp\/v2\/posts"}],"about":[{"href":"http:\/\/hoycordobaweb.com\/index.php\/wp-json\/wp\/v2\/types\/post"}],"author":[{"embeddable":true,"href":"http:\/\/hoycordobaweb.com\/index.php\/wp-json\/wp\/v2\/users\/1"}],"replies":[{"embeddable":true,"href":"http:\/\/hoycordobaweb.com\/index.php\/wp-json\/wp\/v2\/comments?post=60923"}],"version-history":[{"count":0,"href":"http:\/\/hoycordobaweb.com\/index.php\/wp-json\/wp\/v2\/posts\/60923\/revisions"}],"wp:featuredmedia":[{"embeddable":true,"href":"http:\/\/hoycordobaweb.com\/index.php\/wp-json\/wp\/v2\/media\/60924"}],"wp:attachment":[{"href":"http:\/\/hoycordobaweb.com\/index.php\/wp-json\/wp\/v2\/media?parent=60923"}],"wp:term":[{"taxonomy":"category","embeddable":true,"href":"http:\/\/hoycordobaweb.com\/index.php\/wp-json\/wp\/v2\/categories?post=60923"},{"taxonomy":"post_tag","embeddable":true,"href":"http:\/\/hoycordobaweb.com\/index.php\/wp-json\/wp\/v2\/tags?post=60923"}],"curies":[{"name":"wp","href":"https:\/\/api.w.org\/{rel}","templated":true}]}}