{"id":60921,"date":"2023-06-01T01:35:10","date_gmt":"2023-06-01T01:35:10","guid":{"rendered":"https:\/\/www.ole.com.ar\/futbol-internacional\/europa-league\/papu-gomez-sevilla-mensaje-instagram-europa-league_0_Xdpxc7NrqK.html"},"modified":"2023-06-01T01:35:10","modified_gmt":"2023-06-01T01:35:10","slug":"el-mensaje-de-papu-gomez-tras-la-consagracion-de-sevilla","status":"publish","type":"post","link":"http:\/\/hoycordobaweb.com\/index.php\/2023\/06\/01\/el-mensaje-de-papu-gomez-tras-la-consagracion-de-sevilla\/","title":{"rendered":"El mensaje de Papu G\u00f3mez tras la consagraci\u00f3n de Sevilla"},"content":{"rendered":"<p><img src=\"http:\/\/hoycordobaweb.com\/wp-content\/uploads\/2023\/06\/el-mensaje-de-papu-gomez-tras-la-consagracion-de-sevilla.jpg\"><\/p>\n<div><img src=\"http:\/\/hoycordobaweb.com\/wp-content\/uploads\/2023\/06\/el-mensaje-de-papu-gomez-tras-la-consagracion-de-sevilla.jpg\" class=\"ff-og-image-inserted\"><\/div>\n<div readability=\"33.971830985915\">\n<p>El David Beckham argentino, tal como lo bautizaron sus compa\u00f1eros de Selecci\u00f3n en Qatar, volvi\u00f3 a celebrar en este final de temporada. Dif\u00edcil semestre para \u00e9l, producto del poco rodaje que tuvo por la lesi\u00f3n e intervenci\u00f3n sufrida en su tobillo derecho.<a href=\"https:\/\/www.ole.com.ar\/futbol-internacional\/europa-league\/europa-league-final-sevilla-roma_0_JMJogf7v9D.html\" target=\"_blank\" rel=\"noopener noreferrer\"><strong>No obstante, finaliz\u00f3 con una sonrisa por la consagraci\u00f3n junto a Sevilla en la Europa League<\/strong><\/a><strong>.<\/strong> Hablamos de Alejandro G\u00f3mez, uno de los cinco argentinos del equipo andaluz (Gonzalo Montiel, Erik Lamela, Lucas Ocampos y Marcos Acu\u00f1a).<\/p>\n<\/div>\n<div readability=\"40\">\n<p>Acompa\u00f1ado por su esposa e hijos, G\u00f3mez, que se qued\u00f3 en el banco de suplentes en la final jugada en Budapest, festej\u00f3 con sus compa\u00f1eros e hinchas. Alz\u00f3 la Europa y se colg\u00f3 la medalla de campe\u00f3n. Otra nueva vuelta ol\u00edmpica para \u00e9l. Adem\u00e1s de subir fotos a su cuenta de Instagram, escribi\u00f3 una frase: <strong>\u00abMis cicatrices cuentan una historia, son recordatorios de cuando la vida trato de romperme pero fracas\u00f3! Somos Campeones! Gracias @sevillafc \ud83c\udfc6\u00bb.<\/strong><\/p>\n<\/div>\n<div readability=\"44\">\n<p><strong>El Papu, de 35 a\u00f1os, jug\u00f3 en total nueve partidos en este semestre (estuvo parado desde fines de enero hasta los primeros d\u00edas de abril),<\/strong> perdi\u00e9ndose la convocatoria de la Selecci\u00f3n para los amistosos ante Panam\u00e1 y Curazao, en marzo pasado, ya que su club no lo dej\u00f3 venir para que as\u00ed continuara su recuperaci\u00f3n en Espa\u00f1a. Si bien fue sumando minutos en las \u00faltimas semanas, en medio de la doble competencia de Sevilla (Europa y Liga), <strong>no ha sido llamado por Lionel Scaloni para los amistosos de junio ante Australia y Singapur, el 15 y 19, respectivamente.<\/strong><\/p>\n<\/div>\n<div readability=\"34\">\n<p>Habr\u00e1 que ver qu\u00e9 pasa a partir de la pr\u00f3xima temporada. Tiene contrato por un a\u00f1o m\u00e1s con los sevillanos. \u00bf<strong>Sumar\u00e1 m\u00e1s cantidad de minutos para recuperar el nivel mostrado y retornar al Seleccionado?<\/strong> <\/p>\n<\/div>\n","protected":false},"excerpt":{"rendered":"<p>El David Beckham argentino, tal como lo bautizaron sus compa\u00f1eros de Selecci\u00f3n en Qatar, volvi\u00f3 a celebrar en este final de temporada. Dif\u00edcil semestre para \u00e9l, producto del poco rodaje que tuvo por la lesi\u00f3n e intervenci\u00f3n sufrida en su tobillo derecho.No obstante, finaliz\u00f3 con una sonrisa por la consagraci\u00f3n junto a Sevilla en la [&hellip;]<\/p>\n","protected":false},"author":1,"featured_media":60922,"comment_status":"open","ping_status":"closed","sticky":false,"template":"","format":"standard","meta":[],"categories":[16],"tags":[],"_links":{"self":[{"href":"http:\/\/hoycordobaweb.com\/index.php\/wp-json\/wp\/v2\/posts\/60921"}],"collection":[{"href":"http:\/\/hoycordobaweb.com\/index.php\/wp-json\/wp\/v2\/posts"}],"about":[{"href":"http:\/\/hoycordobaweb.com\/index.php\/wp-json\/wp\/v2\/types\/post"}],"author":[{"embeddable":true,"href":"http:\/\/hoycordobaweb.com\/index.php\/wp-json\/wp\/v2\/users\/1"}],"replies":[{"embeddable":true,"href":"http:\/\/hoycordobaweb.com\/index.php\/wp-json\/wp\/v2\/comments?post=60921"}],"version-history":[{"count":0,"href":"http:\/\/hoycordobaweb.com\/index.php\/wp-json\/wp\/v2\/posts\/60921\/revisions"}],"wp:featuredmedia":[{"embeddable":true,"href":"http:\/\/hoycordobaweb.com\/index.php\/wp-json\/wp\/v2\/media\/60922"}],"wp:attachment":[{"href":"http:\/\/hoycordobaweb.com\/index.php\/wp-json\/wp\/v2\/media?parent=60921"}],"wp:term":[{"taxonomy":"category","embeddable":true,"href":"http:\/\/hoycordobaweb.com\/index.php\/wp-json\/wp\/v2\/categories?post=60921"},{"taxonomy":"post_tag","embeddable":true,"href":"http:\/\/hoycordobaweb.com\/index.php\/wp-json\/wp\/v2\/tags?post=60921"}],"curies":[{"name":"wp","href":"https:\/\/api.w.org\/{rel}","templated":true}]}}