{"id":60917,"date":"2023-06-01T01:59:11","date_gmt":"2023-06-01T01:59:11","guid":{"rendered":"https:\/\/www.ole.com.ar\/seleccion\/seleccion-incognita-mascherano-preolimpico-2024_0_1DZYklykUc.html"},"modified":"2023-06-01T01:59:11","modified_gmt":"2023-06-01T01:59:11","slug":"la-seleccion-y-una-incognita-a-resolver-mascherano-dirige-el-preolimpico","status":"publish","type":"post","link":"http:\/\/hoycordobaweb.com\/index.php\/2023\/06\/01\/la-seleccion-y-una-incognita-a-resolver-mascherano-dirige-el-preolimpico\/","title":{"rendered":"La Selecci\u00f3n y una inc\u00f3gnita a resolver: \u00bfMascherano dirige el Preol\u00edmpico?"},"content":{"rendered":"<p><img src=\"http:\/\/hoycordobaweb.com\/wp-content\/uploads\/2023\/06\/la-seleccion-y-una-incognita-a-resolver-mascherano-dirige-el-preolimpico.jpg\"><\/p>\n<p><time class=\"createDate\" datetime=\"2023-05-31T22:59:11-03:00\">31\/05\/2023 22:59hs.<\/time><time class=\"modificatedDate\" datetime=\"2023\/05\/31T22:59:11-03:00\"><\/time><\/p>\n<div id=\"storyBody\">\n<div class=\"custom-text \" readability=\"36\">\n<p>El <strong>Mundial <\/strong>ya ha quedado en la historia y la desilusi\u00f3n todav\u00eda pesa en los pibes que lo jugaron. Sin embargo, algunos de los juveniles que estuvieron presentes en el torneo Sub 20 podr\u00e1n tener a la brevedad una revancha:<strong> el pr\u00f3ximo torneo de las divisiones formativas ser\u00e1 el Preol\u00edmpico<\/strong> que se desarrollar\u00e1 en Venezuela y el cual otorgar\u00e1 dos plazas para Par\u00eds 2024.<\/p>\n<\/div>\n<div class=\"custom-text \" readability=\"41\">\n<p>Este certamen, dur\u00edsimo por la enorme competitividad que genera p<strong>roducto de la escasa cantidad de plazas disponibles para los Juegos Ol\u00edmpicos<\/strong>, se jugar\u00e1 con futbolistas<strong> Sub 23<\/strong>. Y, aunque todav\u00eda no se oficializ\u00f3 la fecha, probablemente se desarrolle en enero. Es decir, seis meses antes del inicio de la ceremonia inaugural en la capital francesa, pautada para fines de julio.<\/p>\n<\/div>\n<div class=\"sc-e7b891c4-0 jPbnQF\"><img alt=\"Mascherano, retir\u00e1ndose del campo en San Juan (AP).\" src=\"http:\/\/hoycordobaweb.com\/wp-content\/uploads\/2023\/06\/la-seleccion-y-una-incognita-a-resolver-mascherano-dirige-el-preolimpico-2.jpg\" width=\"72\" height=\"10\" decoding=\"async\" data-nimg=\"future\" loading=\"lazy\"><span class=\"epigraphe\">Mascherano, retir\u00e1ndose del campo en San Juan (AP).<\/span><\/div>\n<div class=\"custom-text \" readability=\"36\">\n<p>Para este torneo, <strong>la AFA deber\u00e1 entonces comenzar a definir qui\u00e9n ser\u00e1 el t\u00e9cnico encargado de empezar a formar el grupo<\/strong> que ir\u00e1 prepar\u00e1ndose para ir en busca de un slot ol\u00edmpico, trabajando en las fechas FIFA y aprovechando cada ventana para ir amalgamando una Selecci\u00f3n Sub 23.<\/p>\n<\/div>\n<div class=\"custom-text \" readability=\"40\">\n<p>A priori, <strong>una posibilidad era que Javier Mascherano se hiciera cargo del equipo. <\/strong>Sin embargo, ante este nuevo traspi\u00e9, habr\u00e1 que ver en qu\u00e9 lugar de la estructura contin\u00faa el Jefecito: si estar\u00e1 \u00fanicamente enfocado en el desarrollo de la pr\u00f3xima camada Sub 20, o bien, <strong>si tambi\u00e9n se le dar\u00e1 la responsabilidad de formar la Sub 23.<\/strong><\/p>\n<\/div>\n<p><h2>Si no es Mascherano, \u00bfqui\u00e9n ser\u00e1?<\/h2>\n<\/p>\n<div class=\"sc-e7b891c4-0 jPbnQF\"><img alt=\"Tapia, presente en San Juan (AP).\" src=\"http:\/\/hoycordobaweb.com\/wp-content\/uploads\/2023\/06\/la-seleccion-y-una-incognita-a-resolver-mascherano-dirige-el-preolimpico-3.jpg\" width=\"72\" height=\"10\" decoding=\"async\" data-nimg=\"future\" loading=\"lazy\"><span class=\"epigraphe\">Tapia, presente en San Juan (AP).<\/span><\/div>\n<div class=\"custom-text \" readability=\"38\">\n<p>En el caso de que <strong>Mascherano <\/strong>no sea el elegido, entonces el equipo de Selecciones deber\u00e1 definir al entrenador que, est\u00e1 claro, <strong>no s\u00f3lo podr\u00e1 contemplar para sus convocatorias a los menores de 20 sino que tendr\u00e1 a disposici\u00f3n a quienes hoy tienen 21 y 22 a\u00f1os<\/strong>. Camadas que no tuvieron la posibilidad de competir oficialmente pues los torneos de sus categor\u00edas coincidieron con los a\u00f1os de pandemia.<\/p>\n<\/div>\n<div class=\"custom-text \" readability=\"41\">\n<p>Se trata de un torneo tan importante que, por ejemplo,<strong> podr\u00eda tener a Marcelo Bielsa en el banco de Uruguay<\/strong>: el Loco se lo solicit\u00f3 a la AUF, y desde la Asociaci\u00f3n lo est\u00e1n analizando. De ser as\u00ed, se repetir\u00eda la experiencia de 2004, cuando comand\u00f3 a la Selecci\u00f3n que se clasificar\u00eda a Atenas, donde ganar\u00eda el Oro.<\/p>\n<\/div>\n<div class=\"custom-text \" readability=\"34\">\n<p>Del Preol\u00edmpico de Venezuela participar\u00e1n las diez selecciones de la Comebol. <strong>Entre ellas, Argentina<\/strong>. \u00bfY con qu\u00e9 entrenador?<\/p>\n<\/div>\n<div class=\"sc-a7166897-0 exHLBh\" readability=\"6\">\n<section readability=\"2\"><picture><img alt=\"El uno por uno de Argentina vs. Nigeria\" src=\"http:\/\/hoycordobaweb.com\/wp-content\/uploads\/2023\/06\/la-seleccion-y-una-incognita-a-resolver-mascherano-dirige-el-preolimpico-4.jpg\" width=\"29\" height=\"29\" decoding=\"async\" data-nimg=\"future\" loading=\"lazy\"><\/picture>\n<p><span>Mir\u00e1 tambi\u00e9n<\/span><\/p>\n<hr>\n<h3>El uno por uno de Argentina vs. Nigeria<\/h3>\n<\/p>\n<\/section>\n<\/div>\n<div class=\"sc-a7166897-0 exHLBh\" readability=\"6.5\">\n<section readability=\"3\"><picture><img alt=\"Golpe letal: Argentina, afuera del Mundial Sub 20\" src=\"http:\/\/hoycordobaweb.com\/wp-content\/uploads\/2023\/06\/la-seleccion-y-una-incognita-a-resolver-mascherano-dirige-el-preolimpico-5.jpg\" width=\"29\" height=\"29\" decoding=\"async\" data-nimg=\"future\" loading=\"lazy\"><\/picture>\n<p><span>Mir\u00e1 tambi\u00e9n<\/span><\/p>\n<hr>\n<h3>Golpe letal: Argentina, afuera del Mundial Sub 20<\/h3>\n<\/p>\n<\/section>\n<\/div>\n<\/div>\n","protected":false},"excerpt":{"rendered":"<p>31\/05\/2023 22:59hs. El Mundial ya ha quedado en la historia y la desilusi\u00f3n todav\u00eda pesa en los pibes que lo jugaron. Sin embargo, algunos de los juveniles que estuvieron presentes en el torneo Sub 20 podr\u00e1n tener a la brevedad una revancha: el pr\u00f3ximo torneo de las divisiones formativas ser\u00e1 el Preol\u00edmpico que se desarrollar\u00e1 [&hellip;]<\/p>\n","protected":false},"author":1,"featured_media":60918,"comment_status":"open","ping_status":"closed","sticky":false,"template":"","format":"standard","meta":[],"categories":[16],"tags":[],"_links":{"self":[{"href":"http:\/\/hoycordobaweb.com\/index.php\/wp-json\/wp\/v2\/posts\/60917"}],"collection":[{"href":"http:\/\/hoycordobaweb.com\/index.php\/wp-json\/wp\/v2\/posts"}],"about":[{"href":"http:\/\/hoycordobaweb.com\/index.php\/wp-json\/wp\/v2\/types\/post"}],"author":[{"embeddable":true,"href":"http:\/\/hoycordobaweb.com\/index.php\/wp-json\/wp\/v2\/users\/1"}],"replies":[{"embeddable":true,"href":"http:\/\/hoycordobaweb.com\/index.php\/wp-json\/wp\/v2\/comments?post=60917"}],"version-history":[{"count":0,"href":"http:\/\/hoycordobaweb.com\/index.php\/wp-json\/wp\/v2\/posts\/60917\/revisions"}],"wp:featuredmedia":[{"embeddable":true,"href":"http:\/\/hoycordobaweb.com\/index.php\/wp-json\/wp\/v2\/media\/60918"}],"wp:attachment":[{"href":"http:\/\/hoycordobaweb.com\/index.php\/wp-json\/wp\/v2\/media?parent=60917"}],"wp:term":[{"taxonomy":"category","embeddable":true,"href":"http:\/\/hoycordobaweb.com\/index.php\/wp-json\/wp\/v2\/categories?post=60917"},{"taxonomy":"post_tag","embeddable":true,"href":"http:\/\/hoycordobaweb.com\/index.php\/wp-json\/wp\/v2\/tags?post=60917"}],"curies":[{"name":"wp","href":"https:\/\/api.w.org\/{rel}","templated":true}]}}