{"id":60911,"date":"2023-05-31T14:35:15","date_gmt":"2023-05-31T14:35:15","guid":{"rendered":"https:\/\/ladecimaweb.com\/?p=16878"},"modified":"2023-05-31T14:35:15","modified_gmt":"2023-05-31T14:35:15","slug":"comienza-el-pago-de-haberes-a-la-administracion-publica","status":"publish","type":"post","link":"http:\/\/hoycordobaweb.com\/index.php\/2023\/05\/31\/comienza-el-pago-de-haberes-a-la-administracion-publica\/","title":{"rendered":"Comienza el pago de haberes a la Administraci\u00f3n P\u00fablica"},"content":{"rendered":"<div class=\"boldgrid-section\">\n<div class=\"container\">\n<div class=\"row\">\n<div class=\"col-md-12 col-xs-12 col-sm-12\">\n<p>El&nbsp;<strong>Gobierno de C\u00f3rdoba<\/strong>, a trav\u00e9s de la Secretar\u00eda General de la Gobernaci\u00f3n, informa que este mi\u00e9rcoles inicia el&nbsp;pago&nbsp;de&nbsp;haberes&nbsp;correspondientes a mayo para&nbsp;los agentes de la&nbsp;Administraci\u00f3n P\u00fablica Provincial.<\/p>\n<p>Tambi\u00e9n hoy perciben sus haberes jubilados y pensionados provinciales.<\/p>\n<p><strong>Mi\u00e9rcoles 31 de mayo<\/strong><\/p>\n<ul>\n<li>Polic\u00eda Provincia de C\u00f3rdoba<\/li>\n<li>Fuerza Policial Antinarcotr\u00e1fico<\/li>\n<li>Servicio Penitenciario<\/li>\n<\/ul>\n<p><strong>Jueves 1 de junio<\/strong><\/p>\n<ul>\n<li>Ministerio de Salud<\/li>\n<li>APROSS: Adm. Prov. del Seg. de Salud<\/li>\n<li>Ministerio de Educaci\u00f3n: \u00c1rea Central, Nivel Inicial y Nivel Primario<\/li>\n<li>Ministerio de Educaci\u00f3n: Nivel Secundario y Resto de Niveles<\/li>\n<li>Personal Docente Universidad Provincial de C\u00f3rdoba<\/li>\n<\/ul>\n<p><strong>Viernes 2 de junio<\/strong><\/p>\n<ul class=\"\">\n<li>Ministerio de Educaci\u00f3n: DIPE<\/li>\n<li>Escalaf\u00f3n General Tramo Ejecuci\u00f3n<\/li>\n<li>Contratados Servicio\/Nivel<\/li>\n<li>Contratados Tribunal de Cuentas<\/li>\n<li>Escalaf\u00f3n Salud (no pertenecientes al Ministerio de Salud)<\/li>\n<li>Escalaf\u00f3n Docente (no pertenecientes al Ministerio de Educaci\u00f3n)<\/li>\n<li>Personal Poder Judicial<\/li>\n<li>Personal Poder Legislativo<\/li>\n<li>Personal Defensor\u00eda del Pueblo<\/li>\n<li>Personal Defensor\u00eda de los Derechos de los Ni\u00f1as, Ni\u00f1os y Adolescentes<\/li>\n<li>Caja de Jubilaciones<\/li>\n<li>Escalaf\u00f3n General Tramo Superior<\/li>\n<li>Escalaf\u00f3n Vialidad<\/li>\n<li>Escalaf\u00f3n M\u00fasicos<\/li>\n<li>Escalaf\u00f3n Cuerpos Art\u00edsticos<\/li>\n<li>Escalaf\u00f3n Gr\u00e1ficos<\/li>\n<li>Escalaf\u00f3n Cient\u00edfico y Tecnol\u00f3gico<\/li>\n<li>Escalaf\u00f3n Bancarios<\/li>\n<li>Escalaf\u00f3n Aeron\u00e1uticos<\/li>\n<li>Inteligencia Fiscal<\/li>\n<\/ul>\n<p><strong>Lunes 5 de junio<\/strong><\/p>\n<ul>\n<li>Autoridades Superiores y Personal de Gabinete del Poder Ejecutivo<\/li>\n<li>Autoridades Poder Legislativo<\/li>\n<li>Autoridades Defensor\u00eda del Pueblo<\/li>\n<li>Autoridades Defensor\u00eda de los Derechos de los Ni\u00f1as, Ni\u00f1os y Adolescentes<\/li>\n<li>Autoridades Tribunal de Cuentas<\/li>\n<li>Magistrados y Funcionarios Judiciales<\/li>\n<li>Autoridades Universidad Provincial<\/li>\n<\/ul>\n<p><strong>Pago a jubilados y pensionados<\/strong><\/p>\n<p>Mi\u00e9rcoles 31 de mayo<\/p>\n<p>&nbsp;<\/p>\n<div class=\"ubm_banner\"><a href=\"https:\/\/www.hacemosunidosporcordoba.com\/\" target=\"_blank\" rel=\"dofollow noopener noreferrer\"><img src=\"http:\/\/hoycordobaweb.com\/wp-content\/uploads\/2023\/06\/comienza-el-pago-de-haberes-a-la-administracion-publica.gif\" alt=\"\"><\/a><\/div>\n<\/div>\n<\/div>\n<\/div>\n<\/div>\n<p>La entrada <a rel=\"nofollow\" href=\"https:\/\/ladecimaweb.com\/comienza-el-pago-de-haberes-a-la-administracion-publica\/\">Comienza el pago de haberes a la Administraci\u00f3n P\u00fablica<\/a> se public\u00f3 primero en <a rel=\"nofollow\" href=\"https:\/\/ladecimaweb.com\">LaDecima<\/a>.<\/p>\n","protected":false},"excerpt":{"rendered":"<p>El&nbsp;Gobierno de C\u00f3rdoba, a trav\u00e9s de la Secretar\u00eda General de la Gobernaci\u00f3n, informa que este mi\u00e9rcoles inicia el&nbsp;pago&nbsp;de&nbsp;haberes&nbsp;correspondientes a mayo para&nbsp;los agentes de la&nbsp;Administraci\u00f3n P\u00fablica Provincial. Tambi\u00e9n hoy perciben sus haberes jubilados y pensionados provinciales. Mi\u00e9rcoles 31 de mayo Polic\u00eda Provincia de C\u00f3rdoba Fuerza Policial Antinarcotr\u00e1fico Servicio Penitenciario Jueves 1 de junio Ministerio de Salud [&hellip;]<\/p>\n","protected":false},"author":1,"featured_media":60912,"comment_status":"closed","ping_status":"closed","sticky":false,"template":"","format":"standard","meta":[],"categories":[19],"tags":[],"_links":{"self":[{"href":"http:\/\/hoycordobaweb.com\/index.php\/wp-json\/wp\/v2\/posts\/60911"}],"collection":[{"href":"http:\/\/hoycordobaweb.com\/index.php\/wp-json\/wp\/v2\/posts"}],"about":[{"href":"http:\/\/hoycordobaweb.com\/index.php\/wp-json\/wp\/v2\/types\/post"}],"author":[{"embeddable":true,"href":"http:\/\/hoycordobaweb.com\/index.php\/wp-json\/wp\/v2\/users\/1"}],"replies":[{"embeddable":true,"href":"http:\/\/hoycordobaweb.com\/index.php\/wp-json\/wp\/v2\/comments?post=60911"}],"version-history":[{"count":0,"href":"http:\/\/hoycordobaweb.com\/index.php\/wp-json\/wp\/v2\/posts\/60911\/revisions"}],"wp:featuredmedia":[{"embeddable":true,"href":"http:\/\/hoycordobaweb.com\/index.php\/wp-json\/wp\/v2\/media\/60912"}],"wp:attachment":[{"href":"http:\/\/hoycordobaweb.com\/index.php\/wp-json\/wp\/v2\/media?parent=60911"}],"wp:term":[{"taxonomy":"category","embeddable":true,"href":"http:\/\/hoycordobaweb.com\/index.php\/wp-json\/wp\/v2\/categories?post=60911"},{"taxonomy":"post_tag","embeddable":true,"href":"http:\/\/hoycordobaweb.com\/index.php\/wp-json\/wp\/v2\/tags?post=60911"}],"curies":[{"name":"wp","href":"https:\/\/api.w.org\/{rel}","templated":true}]}}