{"id":60894,"date":"2023-05-31T16:27:00","date_gmt":"2023-05-31T16:27:00","guid":{"rendered":"http:\/\/hoycordobaweb.com\/index.php\/2023\/05\/31\/boca-busca-prolongar-su-racha-ganadora-ante-arsenal\/"},"modified":"2023-05-31T16:27:00","modified_gmt":"2023-05-31T16:27:00","slug":"boca-busca-prolongar-su-racha-ganadora-ante-arsenal","status":"publish","type":"post","link":"http:\/\/hoycordobaweb.com\/index.php\/2023\/05\/31\/boca-busca-prolongar-su-racha-ganadora-ante-arsenal\/","title":{"rendered":"Boca busca prolongar su racha ganadora ante Arsenal"},"content":{"rendered":"<p><img src=\"http:\/\/hoycordobaweb.com\/wp-content\/uploads\/2023\/05\/boca-busca-prolongar-su-racha-ganadora-ante-arsenal.jpg\"><\/p>\n<figure class=\"mb-3\"><img loading=\"lazy\" data-src=\"http:\/\/hoycordobaweb.com\/wp-content\/uploads\/2023\/05\/boca-busca-prolongar-su-racha-ganadora-ante-arsenal-2.jpg\" src=\"https:\/\/www.telam.com.ar\/assets\/img\/not_image.png\" class=\" lazy \" width=\"100%\" height=\"100%\" alt=\"Foto Maximiliano Luna\"><figcaption> Foto: Maximiliano Luna. <\/figcaption><\/figure>\n<p><strong>Boca Juniors, que cant\u00f3 victoria en sus tres \u00faltimos partidos<\/strong> de la Liga Profesional de F\u00fatbol (LPF), visitar\u00e1 este jueves a <strong>Arsenal de Sarand\u00ed, que corre serio riesgo de perder la categor\u00eda<\/strong>, en el encuentro saliente de los dos que dar\u00e1n inicio a la fecha 19.<\/p>\n<p>El partido se jugar\u00e1 a partir de las 21.30 en el estadio Julio Humberto Grondona, de Arsenal de Sarand\u00ed, ser\u00e1 arbitrado por Leandro Rey Hilfer y televisado por TNT Sports.<\/p>\n<p>El equipo \u00abXeneize\u00bb que dirige Jorge Almir\u00f3n tiene 27 puntos e hilvan\u00f3 tres victorias consecutivas en el torneo dom\u00e9stico, ante Belgrano de C\u00f3rdoba (2-0), Argentinos Juniors (1-0) y Tigre (1-0), que mejoraron su ubicaci\u00f3n luego de un flojo comienzo.<\/p>\n<p>De todas maneras, est\u00e1 demasiado lejos del l\u00edder River (41) y por esa raz\u00f3n <strong>Almir\u00f3n cuidar\u00e1 a varios jugadores que arrastran molestias f\u00edsicas<\/strong>, para preservarlos con miras al partido del martes que viene en La Bombonera por la Copa Libertadores.<\/p>\n<p><a href=\"https:\/\/www.telam.com.ar\/notas\/202305\/629169-futbol-boca-deportivo-pereira-copa-libertadores.html\" target=\"_blank\" rel=\"noopener noreferrer\">Boca lidera el Grupo F junto a Deportivo Pereira<\/a> (ambos con 7 puntos) y el encuentro del martes ante Colo Colo (5) podr\u00eda darle el pase a octavos de final en el caso de ganarlo.<\/p>\n<blockquote class=\"twitter-tweet\" readability=\"5.6254416961131\">\n<p lang=\"es\" dir=\"ltr\">\ud83d\udd1c \u00a1\ud835\udde3\ud835\udde5\ud835\udde2\u0301\ud835\uddeb\ud835\udddc\ud835\udde0\ud835\udde2 \ud835\udde3\ud835\uddd4\ud835\udde5\ud835\udde7\ud835\udddc\ud835\uddd7\ud835\udde2!<\/p>\n<p>\u26bd <a href=\"https:\/\/twitter.com\/hashtag\/TorneoBinance?src=hash&amp;ref_src=twsrc%5Etfw\">#TorneoBinance<\/a><br \/>\ud83c\udd9a Arsenal<br \/>\ud83d\uddd3 Jueves 1\/06<br \/>\ud83d\udd59 21:30<br \/>\ud83c\udfdf Estadio Julio Humberto Grondona<br \/>\ud83d\udcbb <a href=\"https:\/\/t.co\/MxPeQREH4R\">https:\/\/t.co\/MxPeQREH4R<\/a><a href=\"https:\/\/twitter.com\/hashtag\/DaleBoca?src=hash&amp;ref_src=twsrc%5Etfw\">#DaleBoca<\/a> \ud83d\udd35\ud83d\udfe1\ud83d\udd35 <a href=\"https:\/\/t.co\/yWosb5wYOi\">pic.twitter.com\/yWosb5wYOi<\/a><\/p>\n<p>\u2014 Boca Juniors (@BocaJrsOficial) <a href=\"https:\/\/twitter.com\/BocaJrsOficial\/status\/1663701776871088128?ref_src=twsrc%5Etfw\">May 31, 2023<\/a><\/p><\/blockquote>\n<p><strong>Su rival, Arsenal, est\u00e1 \u00faltimo en las dos tablas, la de la Liga en la que apenas sum\u00f3 14 puntos y la de promedios, siendo el gran candidato a perder la categor\u00eda.<\/strong><\/p>\n<p>El momento que atraviesa el equipo de Sarand\u00ed es otro de los motivos que llev\u00f3 a Almir\u00f3n a considerar la posibilidad de presentar un equipo muy distinto al que venci\u00f3 a Tigre el domingo en La Boca.<\/p>\n<p>En ese contexto, Almir\u00f3n tiene decidido poner lo mejor disponible pero cuidar\u00e1 a los que est\u00e1n con molestias, mientras que qued\u00f3 descartado Mart\u00edn Payero con un desgarro en el isquiotibial izquierdo.<\/p>\n<p>As\u00ed, los que est\u00e1n con molestias son Alan Varela (fuerte dolor en el tobillo derecho por un posible esquince), Marcelo Weigandt (molestia en la zona de la ingle), el peruano Luis Adv\u00edncula (traumatismo en la pierna derecha) y Cristian Medina (fuerte golpe en la pierna izquierda).<\/p>\n<p>Todos ser\u00e1n evaluados y la decisi\u00f3n de ponerlo o no la tomar\u00e1 Almir\u00f3n siempre teniendo en consideraci\u00f3n el importante partido del martes ante Colo Colo por la Copa.<\/p>\n<p>Un tema aparte en Boca es el del colombiano Sebasti\u00e1n Villa, quien no estuvo entrenando con el grupo por haber comparecido en los tribunales de Lomas de Zamora por la causa que tiene por \u00abviolencia de genero\u00bb contra su expareja Daniela Cort\u00e9s.<\/p>\n<p>El colombiano conocer\u00e1 el veredicto el viernes pr\u00f3ximo cuando le sea comunicado por la justicia, y se sabr\u00e1 si es culpable o no de los cargos que se le imputan y, adem\u00e1s, en el caso de que lo fuera, cu\u00e1l ser\u00e1 la postura que tomar\u00e1 Boca como instituci\u00f3n con \u00e9l.<\/p>\n<p>De todas maneras, Almir\u00f3n lo incluy\u00f3 en la n\u00f3mina de jugadores que concentrar\u00e1n y resta saber si jugar\u00e1 de entrada o le dejar\u00e1 su lugar a Norberto Briasco, ya que adem\u00e1s arrastra una molestia f\u00edsica.<\/p>\n<p>Por el lado de Arsenal, el nuevo DT Federico Vilar, quien debut\u00f3 con una derrota en Tucum\u00e1n ante Atl\u00e9tico (1-0) en los minutos finales, conf\u00eda en que puede da\u00f1ar a Boca.<\/p>\n<p>\u00abTenemos que hacer un partido muy s\u00f3lido, encontrar espacios. El equipo tiene que incomodar a Boca y eso es lo que estamos trabajando\u00bb, coment\u00f3 Vilar.<\/p>\n<p>\u00abBoca es muy peligroso por donde se lo mire pero nosotros estamos trabajando muy bien\u00bb, a\u00f1adi\u00f3 el exarquero, quien casualmente se form\u00f3 en las divisiones inferiores de Boca.<\/p>\n<p>En cuanto al historial, es de 31 partidos y favorece a Boca, que se impuso en 17 ocasiones contra 7 del equipo de Sarand\u00ed, mientras que empataron otras 7 veces.<\/p>\n<h2 class>Probables Formaciones<\/h2>\n<p>&nbsp;<strong>Arsenal de Sarand\u00ed<\/strong>: Alejandro Medina; Lucas Souto, N\u00e9stor Breitenbruch, Joaqu\u00edn Pombo y Adri\u00e1n Sporle; Felipe Pe\u00f1a, Gonzalo Muscia o Tiago Banega, Lucas Brochero, Santiago Toloza y Lautaro Guzm\u00e1n; Fabi\u00e1n Londo\u00f1o o Luis Leal. DT: Federico Vilar.<\/p>\n<p><strong>Boca Juniors<\/strong>: Sergio \u00abChiquito\u00bb Romero o Javier Garc\u00eda; Marcelo Weigandt, Bruno Valdez, Nicol\u00e1s Figal y Frank Fabra; Luis Adv\u00edncula, Alan Varela, Cristian Medina y Ezequiel \u00abEqui\u00bb Fern\u00e1ndez; Miguel Merentiel y Sebasti\u00e1n Villa o Norberto Briasco. DT: Jorge Almir\u00f3n.<\/p>\n<p><strong>\u00c1rbitro<\/strong>: Leandro Rey Hilfer.<\/p>\n<p><strong>VAR<\/strong>: Hern\u00e1n Mastr\u00e1ngelo.<\/p>\n<p><strong>Cancha<\/strong>: Julio Humberto Grondona, de Arsenal de Sarand\u00ed.<\/p>\n<p><strong>Hora de inicio<\/strong>: 21.30.<\/p>\n<p><strong>TV<\/strong>: TNT Sports.<\/p>\n","protected":false},"excerpt":{"rendered":"<p>Foto: Maximiliano Luna. Boca Juniors, que cant\u00f3 victoria en sus tres \u00faltimos partidos de la Liga Profesional de F\u00fatbol (LPF), visitar\u00e1 este jueves a Arsenal de Sarand\u00ed, que corre serio riesgo de perder la categor\u00eda, en el encuentro saliente de los dos que dar\u00e1n inicio a la fecha 19. El partido se jugar\u00e1 a partir [&hellip;]<\/p>\n","protected":false},"author":1,"featured_media":60895,"comment_status":"open","ping_status":"closed","sticky":false,"template":"","format":"standard","meta":[],"categories":[16],"tags":[],"_links":{"self":[{"href":"http:\/\/hoycordobaweb.com\/index.php\/wp-json\/wp\/v2\/posts\/60894"}],"collection":[{"href":"http:\/\/hoycordobaweb.com\/index.php\/wp-json\/wp\/v2\/posts"}],"about":[{"href":"http:\/\/hoycordobaweb.com\/index.php\/wp-json\/wp\/v2\/types\/post"}],"author":[{"embeddable":true,"href":"http:\/\/hoycordobaweb.com\/index.php\/wp-json\/wp\/v2\/users\/1"}],"replies":[{"embeddable":true,"href":"http:\/\/hoycordobaweb.com\/index.php\/wp-json\/wp\/v2\/comments?post=60894"}],"version-history":[{"count":0,"href":"http:\/\/hoycordobaweb.com\/index.php\/wp-json\/wp\/v2\/posts\/60894\/revisions"}],"wp:featuredmedia":[{"embeddable":true,"href":"http:\/\/hoycordobaweb.com\/index.php\/wp-json\/wp\/v2\/media\/60895"}],"wp:attachment":[{"href":"http:\/\/hoycordobaweb.com\/index.php\/wp-json\/wp\/v2\/media?parent=60894"}],"wp:term":[{"taxonomy":"category","embeddable":true,"href":"http:\/\/hoycordobaweb.com\/index.php\/wp-json\/wp\/v2\/categories?post=60894"},{"taxonomy":"post_tag","embeddable":true,"href":"http:\/\/hoycordobaweb.com\/index.php\/wp-json\/wp\/v2\/tags?post=60894"}],"curies":[{"name":"wp","href":"https:\/\/api.w.org\/{rel}","templated":true}]}}