{"id":60858,"date":"2023-05-30T16:00:03","date_gmt":"2023-05-30T16:00:03","guid":{"rendered":"https:\/\/ladecimaweb.com\/?p=16850"},"modified":"2023-05-30T16:00:03","modified_gmt":"2023-05-30T16:00:03","slug":"hospital-asturias-estamos-en-la-epoca-habitual-de-un-pico-de-bronquiolitis","status":"publish","type":"post","link":"http:\/\/hoycordobaweb.com\/index.php\/2023\/05\/30\/hospital-asturias-estamos-en-la-epoca-habitual-de-un-pico-de-bronquiolitis\/","title":{"rendered":"Hospital Asturias: \u201cEstamos en la \u00e9poca habitual de un pico de bronquiolitis\u201d"},"content":{"rendered":"<div class=\"boldgrid-section\">\n<div class=\"container\">\n<div class=\"row\">\n<div class=\"col-md-12 col-xs-12 col-sm-12\">\n<p class=\"\">Las consultas por casos de bronquiolitis est\u00e1n en franco crecimiento en el hospital Pr\u00edncipe de Asturias de Villa El Libertador.&nbsp;<\/p>\n<p>Los profesionales no hablan de epidemia, sino de &#8220;pico de casos&#8221; propio de la \u00e9poca.&nbsp;<\/p>\n<p class=\"\"><strong>&#8220;Estamos ahora en la \u00e9poca habitual de un pico que es la segunda quincena de mayo y el comienzo de junio&#8221;, afirma la doctora<\/strong> Gabriela Piatti,&nbsp; coordinadora del servicio de pediatr\u00eda del nosocomio.<\/p>\n<p class=\"\">Los casos se monitorean semana a semana. Actualmente, el 50 por ciento de las 2200 consultas pedi\u00e1tricas atendidas por el hospital en mayo son por infecciones respiratorias. De esas infecciones, entre 70 y 80 semanales son por infecciones del tracto respiratorio. Y en menores de 2 a\u00f1os , el segundo diagn\u00f3stico m\u00e1s frecuente es la bronquiolitis.<\/p>\n<p class=\"\">El director del hospital Mario Lerda precisa a La D\u00e9cima que el hospital cuenta con pediatras en guardia y en consultorio externo, durante la ma\u00f1ana y la tarde. Los casos m\u00e1s complejos que requieren internaci\u00f3n cr\u00edtica son derivados. De todos modos, el hospital cuenta &#8220;con una disponibilidad de seis camas para estos casos&#8221;, seg\u00fan puntualiza.&nbsp;<\/p>\n<p class=\"\">La bronquiolitis (o conocida como bronco espasmo) es una afecci\u00f3n respiratoria en la peque\u00f1a v\u00eda \u00e1rea en los menores de dos a\u00f1os. <span>Puede ser causada por distintos virus; el m\u00e1s com\u00fan es el Virus Sincicial Respiratorio (VSR).<\/span><\/p>\n<p class=\"\"><img loading=\"lazy\" class=\"alignnone wp-image-16857\" src=\"http:\/\/hoycordobaweb.com\/wp-content\/uploads\/2023\/05\/hospital-asturias-estamos-en-la-epoca-habitual-de-un-pico-de-bronquiolitis.jpg\" alt=\"\" width=\"550\" height=\"310\" srcset=\"http:\/\/hoycordobaweb.com\/wp-content\/uploads\/2023\/05\/hospital-asturias-estamos-en-la-epoca-habitual-de-un-pico-de-bronquiolitis.jpg 1600w, http:\/\/hoycordobaweb.com\/wp-content\/uploads\/2023\/05\/hospital-asturias-estamos-en-la-epoca-habitual-de-un-pico-de-bronquiolitis-2.jpg 788w, http:\/\/hoycordobaweb.com\/wp-content\/uploads\/2023\/05\/hospital-asturias-estamos-en-la-epoca-habitual-de-un-pico-de-bronquiolitis-3.jpg 768w, http:\/\/hoycordobaweb.com\/wp-content\/uploads\/2023\/05\/hospital-asturias-estamos-en-la-epoca-habitual-de-un-pico-de-bronquiolitis-4.jpg 1536w\" sizes=\"(max-width: 550px) 100vw, 550px\" \/><\/p>\n<p class=\"\"><span>&#8220;El virus provoca una inflamaci\u00f3n y hay algunos que la llevan mejor que otros. Puede tener una evoluci\u00f3n leve puede ser el tratamiento en la casa y los casos complicados requieren de ox\u00edgeno e internaci\u00f3n&#8221;, aclara Piatti.&nbsp;<\/span><\/p>\n<p class=\"\">Explica que durante la pandemia de coronavirus &#8220;no vimos circular el virus porque baj\u00f3 much\u00edsimo la atenci\u00f3n&#8221;. &#8220;Pero en el 2021, despu\u00e9s del aislamiento comenzaron a aumentar los casos de afecciones respiratorias agudas&#8221;, dice.<\/p>\n<p class=\"\">No necesariamente se registra fiebre entre los s\u00edntomas. &#8220;En general comienza por un cuadro de v\u00eda a\u00e9rea superior que puede ser con fiebre o no, secreci\u00f3n nasal, estornudos, dificultad para dormir y alimentarse y despu\u00e9s de cuatro o cinco d\u00edas suele presentarse dificultad respiratoria&#8221;, detalla la doctora.<\/p>\n<p class=\"\">En el tratamiento hay que asegurarse que el ni\u00f1o est\u00e9 hidratado, que pueda alimentarse y que no requiera de ox\u00edgeno, &#8220;por eso es importante el control m\u00e9dico&#8221;. No hay tratamiento con antibi\u00f3ticos porque es viral.&nbsp;<\/p>\n<p class=\"\"><img loading=\"lazy\" class=\"alignnone wp-image-16858\" src=\"http:\/\/hoycordobaweb.com\/wp-content\/uploads\/2023\/05\/hospital-asturias-estamos-en-la-epoca-habitual-de-un-pico-de-bronquiolitis-1.jpg\" alt=\"\" width=\"534\" height=\"301\" srcset=\"http:\/\/hoycordobaweb.com\/wp-content\/uploads\/2023\/05\/hospital-asturias-estamos-en-la-epoca-habitual-de-un-pico-de-bronquiolitis-5.jpg 1600w, http:\/\/hoycordobaweb.com\/wp-content\/uploads\/2023\/05\/hospital-asturias-estamos-en-la-epoca-habitual-de-un-pico-de-bronquiolitis-6.jpg 788w, http:\/\/hoycordobaweb.com\/wp-content\/uploads\/2023\/05\/hospital-asturias-estamos-en-la-epoca-habitual-de-un-pico-de-bronquiolitis-7.jpg 768w, http:\/\/hoycordobaweb.com\/wp-content\/uploads\/2023\/05\/hospital-asturias-estamos-en-la-epoca-habitual-de-un-pico-de-bronquiolitis-8.jpg 1536w\" sizes=\"(max-width: 534px) 100vw, 534px\" \/><\/p>\n<p>Lo que se observa en la zona es que &#8220;muchos ni\u00f1os menores de dos a\u00f1os no est\u00e1n controlados, porque hay mucha consulta o demanda por guardia lo que dificulta hacer un seguimiento y valorar qu\u00e9 historia tiene&#8221;, se\u00f1ala Piatti.&nbsp;<\/p>\n<p>Los casos que requieren internaci\u00f3n pueden extenderse por hasta siete u ocho d\u00edas.<\/p>\n<p>Como el contagio es de persona a persona, lo recomendable es no tener a los peque\u00f1os en lugares con mucha gente y cerrado sin ventilaci\u00f3n. Tambi\u00e9n es importante el lavado de manos, la higiene de los menores, y, sobre todo, &#8220;no tocar a los beb\u00e9s y no besarlos en la cara&#8221;. &#8220;Todos los adultos t\u00edos, primos que quieran besar al reci\u00e9n nacido mejor no&#8221;, aconseja Piatti.<\/p>\n<p class=\"\">Si bien no hay vacuna para la bronquiolitis, es importante que los mayores de dos a\u00f1os y los adultos est\u00e9n vacunados para no ser ellos el factor de contagio. El vacunatorio del hospital funciona de lunes a viernes de 8 a 19 horas y suministra todas las vacunas del calendario.&nbsp;<\/p>\n<p>&nbsp;<\/p>\n<div class=\"ubm_banner\"><a href=\"https:\/\/www.hacemosunidosporcordoba.com\/\" target=\"_blank\" rel=\"dofollow noopener noreferrer\"><img src=\"http:\/\/hoycordobaweb.com\/wp-content\/uploads\/2023\/05\/hospital-asturias-estamos-en-la-epoca-habitual-de-un-pico-de-bronquiolitis.gif\" alt=\"\"><\/a><\/div>\n<p>&nbsp;<\/p>\n<\/div>\n<\/div>\n<\/div>\n<\/div>\n<p>La entrada <a rel=\"nofollow\" href=\"https:\/\/ladecimaweb.com\/hospital-asturias-estamos-en-la-epoca-habitual-de-un-pico-de-bronquiolitis\/\">Hospital Asturias: &#8220;Estamos en la \u00e9poca habitual de un pico de bronquiolitis&#8221;<\/a> se public\u00f3 primero en <a rel=\"nofollow\" href=\"https:\/\/ladecimaweb.com\">LaDecima<\/a>.<\/p>\n","protected":false},"excerpt":{"rendered":"<p>Las consultas por casos de bronquiolitis est\u00e1n en franco crecimiento en el hospital Pr\u00edncipe de Asturias de Villa El Libertador.&nbsp; Los profesionales no hablan de epidemia, sino de &#8220;pico de casos&#8221; propio de la \u00e9poca.&nbsp; &#8220;Estamos ahora en la \u00e9poca habitual de un pico que es la segunda quincena de mayo y el comienzo de [&hellip;]<\/p>\n","protected":false},"author":1,"featured_media":60859,"comment_status":"closed","ping_status":"closed","sticky":false,"template":"","format":"standard","meta":[],"categories":[19],"tags":[],"_links":{"self":[{"href":"http:\/\/hoycordobaweb.com\/index.php\/wp-json\/wp\/v2\/posts\/60858"}],"collection":[{"href":"http:\/\/hoycordobaweb.com\/index.php\/wp-json\/wp\/v2\/posts"}],"about":[{"href":"http:\/\/hoycordobaweb.com\/index.php\/wp-json\/wp\/v2\/types\/post"}],"author":[{"embeddable":true,"href":"http:\/\/hoycordobaweb.com\/index.php\/wp-json\/wp\/v2\/users\/1"}],"replies":[{"embeddable":true,"href":"http:\/\/hoycordobaweb.com\/index.php\/wp-json\/wp\/v2\/comments?post=60858"}],"version-history":[{"count":0,"href":"http:\/\/hoycordobaweb.com\/index.php\/wp-json\/wp\/v2\/posts\/60858\/revisions"}],"wp:featuredmedia":[{"embeddable":true,"href":"http:\/\/hoycordobaweb.com\/index.php\/wp-json\/wp\/v2\/media\/60859"}],"wp:attachment":[{"href":"http:\/\/hoycordobaweb.com\/index.php\/wp-json\/wp\/v2\/media?parent=60858"}],"wp:term":[{"taxonomy":"category","embeddable":true,"href":"http:\/\/hoycordobaweb.com\/index.php\/wp-json\/wp\/v2\/categories?post=60858"},{"taxonomy":"post_tag","embeddable":true,"href":"http:\/\/hoycordobaweb.com\/index.php\/wp-json\/wp\/v2\/tags?post=60858"}],"curies":[{"name":"wp","href":"https:\/\/api.w.org\/{rel}","templated":true}]}}