{"id":60852,"date":"2023-05-30T22:40:33","date_gmt":"2023-05-30T22:40:33","guid":{"rendered":"http:\/\/hoycordobaweb.com\/index.php\/2023\/05\/30\/gareca-y-su-etapa-en-velez-necesitamos-pastillas-para-dormir-america-tv\/"},"modified":"2023-05-30T22:40:33","modified_gmt":"2023-05-30T22:40:33","slug":"gareca-y-su-etapa-en-velez-necesitamos-pastillas-para-dormir-america-tv","status":"publish","type":"post","link":"http:\/\/hoycordobaweb.com\/index.php\/2023\/05\/30\/gareca-y-su-etapa-en-velez-necesitamos-pastillas-para-dormir-america-tv\/","title":{"rendered":"Gareca y su etapa en V\u00e9lez: &quot;Necesitamos pastillas para dormir&quot; &#8211; Am\u00e9rica TV"},"content":{"rendered":"<p>La dura confesi\u00f3n del exentrenador de la selecci\u00f3n peruana por la crisis de resultados del Fort\u00edn en la Liga Profesional del <b>f\u00fatbol argentino<\/b>. <\/p>\n","protected":false},"excerpt":{"rendered":"<p>La dura confesi\u00f3n del exentrenador de la selecci\u00f3n peruana por la crisis de resultados del Fort\u00edn en la Liga Profesional del f\u00fatbol argentino.<\/p>\n","protected":false},"author":1,"featured_media":0,"comment_status":"closed","ping_status":"closed","sticky":false,"template":"","format":"standard","meta":[],"categories":[22],"tags":[],"_links":{"self":[{"href":"http:\/\/hoycordobaweb.com\/index.php\/wp-json\/wp\/v2\/posts\/60852"}],"collection":[{"href":"http:\/\/hoycordobaweb.com\/index.php\/wp-json\/wp\/v2\/posts"}],"about":[{"href":"http:\/\/hoycordobaweb.com\/index.php\/wp-json\/wp\/v2\/types\/post"}],"author":[{"embeddable":true,"href":"http:\/\/hoycordobaweb.com\/index.php\/wp-json\/wp\/v2\/users\/1"}],"replies":[{"embeddable":true,"href":"http:\/\/hoycordobaweb.com\/index.php\/wp-json\/wp\/v2\/comments?post=60852"}],"version-history":[{"count":0,"href":"http:\/\/hoycordobaweb.com\/index.php\/wp-json\/wp\/v2\/posts\/60852\/revisions"}],"wp:attachment":[{"href":"http:\/\/hoycordobaweb.com\/index.php\/wp-json\/wp\/v2\/media?parent=60852"}],"wp:term":[{"taxonomy":"category","embeddable":true,"href":"http:\/\/hoycordobaweb.com\/index.php\/wp-json\/wp\/v2\/categories?post=60852"},{"taxonomy":"post_tag","embeddable":true,"href":"http:\/\/hoycordobaweb.com\/index.php\/wp-json\/wp\/v2\/tags?post=60852"}],"curies":[{"name":"wp","href":"https:\/\/api.w.org\/{rel}","templated":true}]}}