{"id":60847,"date":"2023-05-30T11:07:00","date_gmt":"2023-05-30T11:07:00","guid":{"rendered":"https:\/\/fm-comunicar.com.ar\/contenido\/20271\/schiaretti-inauguro-la-nueva-rotonda-del-viaducto-de-ruta-9"},"modified":"2023-05-30T11:07:00","modified_gmt":"2023-05-30T11:07:00","slug":"schiaretti-inauguro-la-nueva-rotonda-del-viaducto-de-ruta-9","status":"publish","type":"post","link":"http:\/\/hoycordobaweb.com\/index.php\/2023\/05\/30\/schiaretti-inauguro-la-nueva-rotonda-del-viaducto-de-ruta-9\/","title":{"rendered":"Schiaretti inaugur\u00f3 la nueva rotonda del viaducto de Ruta 9"},"content":{"rendered":"<p>El gobernador habilit\u00f3 la circulaci\u00f3n entre Jes\u00fas Mar\u00eda y Colonia Caroya, debajo del puente sobre elevado que se construye en la arteria nacional. Aprovech\u00f3 la visita para hablar de su precandidatura a Presidente.<img src=\"http:\/\/hoycordobaweb.com\/wp-content\/uploads\/2023\/05\/schiaretti-inauguro-la-nueva-rotonda-del-viaducto-de-ruta-9.jpg\"><\/p>\n","protected":false},"excerpt":{"rendered":"<p>El gobernador habilit\u00f3 la circulaci\u00f3n entre Jes\u00fas Mar\u00eda y Colonia Caroya, debajo del puente sobre elevado que se construye en la arteria nacional. Aprovech\u00f3 la visita para hablar de su precandidatura a Presidente.<\/p>\n","protected":false},"author":1,"featured_media":60848,"comment_status":"closed","ping_status":"closed","sticky":false,"template":"","format":"standard","meta":[],"categories":[18],"tags":[],"_links":{"self":[{"href":"http:\/\/hoycordobaweb.com\/index.php\/wp-json\/wp\/v2\/posts\/60847"}],"collection":[{"href":"http:\/\/hoycordobaweb.com\/index.php\/wp-json\/wp\/v2\/posts"}],"about":[{"href":"http:\/\/hoycordobaweb.com\/index.php\/wp-json\/wp\/v2\/types\/post"}],"author":[{"embeddable":true,"href":"http:\/\/hoycordobaweb.com\/index.php\/wp-json\/wp\/v2\/users\/1"}],"replies":[{"embeddable":true,"href":"http:\/\/hoycordobaweb.com\/index.php\/wp-json\/wp\/v2\/comments?post=60847"}],"version-history":[{"count":0,"href":"http:\/\/hoycordobaweb.com\/index.php\/wp-json\/wp\/v2\/posts\/60847\/revisions"}],"wp:featuredmedia":[{"embeddable":true,"href":"http:\/\/hoycordobaweb.com\/index.php\/wp-json\/wp\/v2\/media\/60848"}],"wp:attachment":[{"href":"http:\/\/hoycordobaweb.com\/index.php\/wp-json\/wp\/v2\/media?parent=60847"}],"wp:term":[{"taxonomy":"category","embeddable":true,"href":"http:\/\/hoycordobaweb.com\/index.php\/wp-json\/wp\/v2\/categories?post=60847"},{"taxonomy":"post_tag","embeddable":true,"href":"http:\/\/hoycordobaweb.com\/index.php\/wp-json\/wp\/v2\/tags?post=60847"}],"curies":[{"name":"wp","href":"https:\/\/api.w.org\/{rel}","templated":true}]}}