{"id":60841,"date":"2023-05-30T14:18:24","date_gmt":"2023-05-30T14:18:24","guid":{"rendered":"https:\/\/enfermeria.fcm.unc.edu.ar\/?p=4193"},"modified":"2023-05-30T14:18:24","modified_gmt":"2023-05-30T14:18:24","slug":"ingreso-para-mayores-de-25-anos-se-extiende-el-plazo-de-inscripcion","status":"publish","type":"post","link":"http:\/\/hoycordobaweb.com\/index.php\/2023\/05\/30\/ingreso-para-mayores-de-25-anos-se-extiende-el-plazo-de-inscripcion\/","title":{"rendered":"Ingreso para mayores de 25 a\u00f1os: se extiende el plazo de inscripci\u00f3n"},"content":{"rendered":"<div class=\"post-content\" readability=\"41.223823246878\">\n<p><strong>Ingreso para mayores de 25 a\u00f1os: se extiende el plazo de inscripci\u00f3n<\/strong><\/p>\n<p>La Secretar\u00eda de Asuntos Acad\u00e9micos de la UNC informa que las inscripciones para el ingreso 2024 de personas mayores de 25 a\u00f1os con secundario incompleto <strong>se extienden hasta el 09 de junio de 2023<\/strong>.<a href=\"https:\/\/enfermeria.fcm.unc.edu.ar\/wp-content\/uploads\/sites\/15\/2023\/05\/flayer-prorroga-ingreso-mayores-de-25-anos-1.pdf\">flayer prorroga ingreso mayores de 25 a\u00f1os<\/a><\/p>\n<p>Las personas interesadas en ingresar por esta modalidad podr\u00e1n estudiar todas las carreras de grado y pregrado de la<br \/>UNC.<br \/>La inscripci\u00f3n se realizar\u00e1 en cada facultad, escuela o colegio seg\u00fan los medios que disponga para tal fin. Solo se podr\u00e1 efectuar la postulaci\u00f3n a una sola unidad acad\u00e9mica y a trav\u00e9s de correo electr\u00f3nico\/formulario.<br \/>Las personas interesadas en ingresar por esta modalidad podr\u00e1n estudiar todas las carreras de grado y pregrado de la UNC<br \/>Quienes deseen recibir m\u00e1s informaci\u00f3n podr\u00e1n participar de una <strong>charla informativa el mi\u00e9rcoles 31 de mayo a las 19:30 hs <\/strong>, inscribi\u00e9ndose a trav\u00e9s del siguiente link: <strong>https:\/\/docs.google.com\/forms\/d\/1zn0WDR4BnqdIgNx-UXf8rSV-6L5NmhednwLZhPxqugY\/edit<\/strong><\/p>\n<p><img loading=\"lazy\" class=\"alignnone size-large wp-image-4196\" src=\"https:\/\/enfermeria.fcm.unc.edu.ar\/wp-content\/uploads\/sites\/15\/2023\/05\/Mayores-de-25-Flyer-576x1024.jpg\" alt width=\"576\" height=\"1024\" srcset=\"https:\/\/enfermeria.fcm.unc.edu.ar\/wp-content\/uploads\/sites\/15\/2023\/05\/Mayores-de-25-Flyer-169x300.jpg 169w, https:\/\/enfermeria.fcm.unc.edu.ar\/wp-content\/uploads\/sites\/15\/2023\/05\/Mayores-de-25-Flyer-200x355.jpg 200w, https:\/\/enfermeria.fcm.unc.edu.ar\/wp-content\/uploads\/sites\/15\/2023\/05\/Mayores-de-25-Flyer-400x711.jpg 400w, https:\/\/enfermeria.fcm.unc.edu.ar\/wp-content\/uploads\/sites\/15\/2023\/05\/Mayores-de-25-Flyer-576x1024.jpg 576w, https:\/\/enfermeria.fcm.unc.edu.ar\/wp-content\/uploads\/sites\/15\/2023\/05\/Mayores-de-25-Flyer-600x1066.jpg 600w, https:\/\/enfermeria.fcm.unc.edu.ar\/wp-content\/uploads\/sites\/15\/2023\/05\/Mayores-de-25-Flyer-768x1365.jpg 768w, https:\/\/enfermeria.fcm.unc.edu.ar\/wp-content\/uploads\/sites\/15\/2023\/05\/Mayores-de-25-Flyer-800x1422.jpg 800w, https:\/\/enfermeria.fcm.unc.edu.ar\/wp-content\/uploads\/sites\/15\/2023\/05\/Mayores-de-25-Flyer-864x1536.jpg 864w, https:\/\/enfermeria.fcm.unc.edu.ar\/wp-content\/uploads\/sites\/15\/2023\/05\/Mayores-de-25-Flyer-1153x2048.jpg 1153w, https:\/\/enfermeria.fcm.unc.edu.ar\/wp-content\/uploads\/sites\/15\/2023\/05\/Mayores-de-25-Flyer-1200x2132.jpg 1200w, https:\/\/enfermeria.fcm.unc.edu.ar\/wp-content\/uploads\/sites\/15\/2023\/05\/Mayores-de-25-Flyer-scaled.jpg 1441w\" sizes=\"(max-width: 576px) 100vw, 576px\"><\/p>\n<\/p><\/div>\n","protected":false},"excerpt":{"rendered":"<p>Ingreso para mayores de 25 a\u00f1os: se extiende el plazo de inscripci\u00f3n La Secretar\u00eda de Asuntos Acad\u00e9micos de la UNC informa que las inscripciones para el ingreso 2024 de personas mayores de 25 a\u00f1os con secundario incompleto se extienden hasta el 09 de junio de 2023.flayer prorroga ingreso mayores de 25 a\u00f1os Las personas interesadas [&hellip;]<\/p>\n","protected":false},"author":1,"featured_media":60842,"comment_status":"closed","ping_status":"closed","sticky":false,"template":"","format":"standard","meta":[],"categories":[17],"tags":[],"_links":{"self":[{"href":"http:\/\/hoycordobaweb.com\/index.php\/wp-json\/wp\/v2\/posts\/60841"}],"collection":[{"href":"http:\/\/hoycordobaweb.com\/index.php\/wp-json\/wp\/v2\/posts"}],"about":[{"href":"http:\/\/hoycordobaweb.com\/index.php\/wp-json\/wp\/v2\/types\/post"}],"author":[{"embeddable":true,"href":"http:\/\/hoycordobaweb.com\/index.php\/wp-json\/wp\/v2\/users\/1"}],"replies":[{"embeddable":true,"href":"http:\/\/hoycordobaweb.com\/index.php\/wp-json\/wp\/v2\/comments?post=60841"}],"version-history":[{"count":0,"href":"http:\/\/hoycordobaweb.com\/index.php\/wp-json\/wp\/v2\/posts\/60841\/revisions"}],"wp:featuredmedia":[{"embeddable":true,"href":"http:\/\/hoycordobaweb.com\/index.php\/wp-json\/wp\/v2\/media\/60842"}],"wp:attachment":[{"href":"http:\/\/hoycordobaweb.com\/index.php\/wp-json\/wp\/v2\/media?parent=60841"}],"wp:term":[{"taxonomy":"category","embeddable":true,"href":"http:\/\/hoycordobaweb.com\/index.php\/wp-json\/wp\/v2\/categories?post=60841"},{"taxonomy":"post_tag","embeddable":true,"href":"http:\/\/hoycordobaweb.com\/index.php\/wp-json\/wp\/v2\/tags?post=60841"}],"curies":[{"name":"wp","href":"https:\/\/api.w.org\/{rel}","templated":true}]}}