{"id":60839,"date":"2023-05-30T16:03:00","date_gmt":"2023-05-30T16:03:00","guid":{"rendered":"http:\/\/hoycordobaweb.com\/index.php\/2023\/05\/30\/sevilla-y-roma-definen-al-campeon-de-la-liga-de-europa\/"},"modified":"2023-05-30T16:03:00","modified_gmt":"2023-05-30T16:03:00","slug":"sevilla-y-roma-definen-al-campeon-de-la-liga-de-europa","status":"publish","type":"post","link":"http:\/\/hoycordobaweb.com\/index.php\/2023\/05\/30\/sevilla-y-roma-definen-al-campeon-de-la-liga-de-europa\/","title":{"rendered":"Sevilla y Roma definen al campe\u00f3n de la Liga de Europa"},"content":{"rendered":"<p><img src=\"http:\/\/hoycordobaweb.com\/wp-content\/uploads\/2023\/05\/sevilla-y-roma-definen-al-campeon-de-la-liga-de-europa.jpg\"><\/p>\n<figure class=\"mb-3\"><img loading=\"lazy\" data-src=\"http:\/\/hoycordobaweb.com\/wp-content\/uploads\/2023\/05\/sevilla-y-roma-definen-al-campeon-de-la-liga-de-europa-2.jpg\" src=\"https:\/\/www.telam.com.ar\/assets\/img\/not_image.png\" class=\" lazy \" width=\"100%\" height=\"100%\" alt=\"Fotos AFP\"><figcaption> Fotos: AFP. <\/figcaption><\/figure>\n<p><strong>Sevilla<\/strong>, de Espa\u00f1a, el equipo <strong>m\u00e1s ganador del torneo con cuatro t\u00edtulos, y con cinco argentinos en su plantel<\/strong>, jugar\u00e1 este mi\u00e9rcoles ante <strong>Roma<\/strong>, de Italia, que tiene al cordob\u00e9s <strong>Paulo Dybala<\/strong>, aunque est\u00e1 con un problema f\u00edsico, en la final de la edici\u00f3n 14 de la Liga de Europa.<\/p>\n<p>El partido se disputar\u00e1 en en el estadio Puskas Arena, en Budapest, a partir de las 16 (hora de Argentina), ser\u00e1 arbitrado por el ingl\u00e9s Anthony Taylor y televisado por ESPN y la plataforma Star +.<\/p>\n<p>En caso de empate a los 90 minutos se jugar\u00e1n 30 suplementarios y si la igualdad se mantuviera se recurrir\u00e1 a la definici\u00f3n con remates desde el punto penal para definir al nuevo campe\u00f3n, que sumar\u00e1 una estrella y se clasificar\u00e1 para la Liga de Campeones de la pr\u00f3xima temporada.<\/p>\n<p>El segundo torneo en importancia de Europa a nivel de clubes consagrar\u00e1 en Budapest a un nuevo campe\u00f3n que suceder\u00e1 al Eintracht Frankfurt alem\u00e1n, que se coron\u00f3 el a\u00f1o pasado.<\/p>\n<p>En Sevilla ser\u00e1 titular el argentino <strong>Lucas Ocampos<\/strong> y entre los suplentes estar\u00e1n sus compatriotas <strong>Gonzalo Montiel, Erik Lamela y Alejandro \u00abPapu\u00bb G\u00f3mez<\/strong>, mientras que el neuquino <strong>Marcos Acu\u00f1a<\/strong> se perder\u00e1 la final por estar suspendido por acumulaci\u00f3n de amonestaciones.<\/p>\n<blockquote class=\"twitter-tweet\" readability=\"2.6923076923077\">\n<p lang=\"en\" dir=\"ltr\">Who&#8217;ll win this award? \ud83e\udd37<a href=\"https:\/\/twitter.com\/hashtag\/UELPOTM?src=hash&amp;ref_src=twsrc%5Etfw\">#UELPOTM<\/a> | <a href=\"https:\/\/twitter.com\/hankookreifen?ref_src=twsrc%5Etfw\">@hankookreifen<\/a> <a href=\"https:\/\/t.co\/CujEaP1k6d\">pic.twitter.com\/CujEaP1k6d<\/a><\/p>\n<p>\u2014 UEFA Europa League (@EuropaLeague) <a href=\"https:\/\/twitter.com\/EuropaLeague\/status\/1663561149969842177?ref_src=twsrc%5Etfw\">May 30, 2023<\/a><\/p><\/blockquote>\n<p>En la Roma est\u00e1 en duda Dybala a causa de una lesi\u00f3n en el tobillo, aunque por tratarse de una final y de que es uno de los jugadores preferidos del entrenador del equipo, el portugu\u00e9s Jos\u00e9 Mourinho, es probable que ocupe un lugar entre los suplentes.<\/p>\n<p><strong>Sevilla y Roma no tienen una buena temporada y atraviesan un pobre desempe\u00f1o en la liga local.<\/strong><\/p>\n<p>El equipo sevillano esta 11mo. en la Liga con 49 unidades a 39 del campe\u00f3n Barcelona a una fecha del final, mientras que la Roma en la Serie A est\u00e1 sexta con 60 a 27 del campe\u00f3n Napoli, restando una jornada.<\/p>\n<p>Por eso esta Liga de Europa toma tanta importancia para ambos ya que clasificar\u00e1 al ganador a la Liga de Campeones, m\u00e1s all\u00e1 de la gloria que representa la segunda Copa en importancia en el continente europeo organizada por la UEFA.<\/p>\n<p>Sevilla pretende seguir con el idilio que mantiene con esta competici\u00f3n, que ya la gan\u00f3 en seis ocasiones, dos de ellas (2006 y 2007) como Copa de la UEFA y cuatro (2014, 2015, 2016 y 2020) siendo al Liga de Europa que comenz\u00f3 como tal en 2009.<\/p>\n<blockquote class=\"twitter-tweet\" readability=\"4.5079365079365\">\n<p lang=\"es\" dir=\"ltr\">\ud83d\udde3\ufe0f Jos\u00e9 Castro: \u00abPara nosotros la <a href=\"https:\/\/twitter.com\/EuropaLeague?ref_src=twsrc%5Etfw\">@EuropaLeague<\/a> es religi\u00f3n y vamos con much\u00edsima ilusi\u00f3n\u00bb. \ud83c\udded\ud83c\uddfa\u26aa\ud83d\udd34<a href=\"https:\/\/twitter.com\/hashtag\/WeareSevilla?src=hash&amp;ref_src=twsrc%5Etfw\">#WeareSevilla<\/a> <a href=\"https:\/\/twitter.com\/hashtag\/UELfinal?src=hash&amp;ref_src=twsrc%5Etfw\">#UELfinal<\/a><\/p>\n<p>\u2014 Sevilla F\u00fatbol Club (@SevillaFC) <a href=\"https:\/\/twitter.com\/SevillaFC\/status\/1663533044496490496?ref_src=twsrc%5Etfw\">May 30, 2023<\/a><\/p><\/blockquote>\n<p>El equipo sevillano ten\u00eda como entrenador al argentino Jorge Sampaoli pero tras su despido la llegada de Jos\u00e9 Luis Mendilibar revitaliz\u00f3 al equipo cuando est\u00e1 cerca del descenso, con solo dos derrotas en los 15 partidos.<\/p>\n<p>Roma perdi\u00f3 la final de la Copa UEFA en 1991 ante Inter de Milan y cay\u00f3 en la final de la Copa de Campeones (hoy Champions) de 1983 ante Liverpool de Inglaterra, rompiendo el maleficio al a\u00f1o pasado al ganar, baj\u00f3 la conducci\u00f3n del portugu\u00e9s Jos\u00e9 Mourinho, la Liga de Conferencias al vencer en la final al Feyenoord de Pa\u00edses Bajos.<\/p>\n<p>Una victoria en Budapest podr\u00eda colocar a la Roma en el mapa del f\u00fatbol europeo y permitir\u00eda a Mourinho, adem\u00e1s, ser el primer entrenador en ganar esta competici\u00f3n con tres equipos diferentes, despu\u00e9s de hacerlo con el Porto de Portugal (2003) y el Manchester United ingl\u00e9s (2017).<\/p>\n<figure class=\"mb-3\"><img loading=\"lazy\" data-src=\"http:\/\/hoycordobaweb.com\/wp-content\/uploads\/2023\/05\/sevilla-y-roma-definen-al-campeon-de-la-liga-de-europa-3.jpg\" src=\"https:\/\/www.telam.com.ar\/assets\/img\/not_image.png\" class=\" lazy \" width=\"100%\" height=\"100%\" alt=\"Foto AFP\"><figcaption> Foto: AFP. <\/figcaption><\/figure>\n<p>En la Roma hay un tema que preocupa y es la evoluci\u00f3n de la lesi\u00f3n de tobillo de Dybala, pieza b\u00e1sica en su esquema 3-4-2-1 como nexo de uni\u00f3n entre la medular y el \u00fanico punta, el ingl\u00e9s Tammy Abraham.<\/p>\n<p>Sevilla lleg\u00f3 a la Liga de Europa al ser tercero en un grupo de Liga de Campeones y luego elimin\u00f3 a PESV Eindhoven (Pa\u00edses Bajos), Fenerbahce (Turqu\u00eda), Manchester United (Inglaterra) y Juventus (Italia). Jug\u00f3 8 cotejos, con 4 triunfos, 2 empates y dos reveses.<\/p>\n<p>Roma fue segundo en el Grupo C y luego elimin\u00f3 a Salzburgo (Austria), Real Sociedad (Espa\u00f1a), Feyenoord (Pa\u00edses Bajos) y Bayer Leverkusen (Alemania). Jug\u00f3 14 partidos, con 7 victorias, tres empates y cuatro reveses.<\/p>\n<h2 class>Probables formaciones<\/h2>\n<p>&nbsp;<strong>Sevilla<\/strong>: Bono; Jes\u00fas Navas, Lo\u00efc Bad\u00e9, Nemanja Gudelj y Alex T\u00e9llez; Fernando, Ivan Rakitic; Lucas Ocampos, \u00d3liver Torres y Bryan Gil; Youssef En-Nesyri. DT: Jos\u00e9 Luis Mendilibar.<\/p>\n<p><strong>Roma<\/strong>: Rui Patr\u00edcio; Gianluca Mancini, Bryan Cristante y Roger Ib\u00e1\u00f1ez; Zeki \u00c7elik, Nemenja Matic, Edoardo Bove y Paulo Dybala o Leonardo Spinazzola ; Lorenzo Pellegrini; Andrea Belotti y Tammy Abraham. DT: Jos\u00e9 Mourinho.<\/p>\n<p><strong>\u00c1rbitro<\/strong>: Anthony Taylor (Inglaterra).<\/p>\n<p><strong>Cancha<\/strong>: Puskas Arena de Budapest<\/p>\n<p><strong>Hora de inicio<\/strong>: 16 (de Argentina)<\/p>\n<p><strong>Televisa<\/strong>: ESPN y Star +.<\/p>\n","protected":false},"excerpt":{"rendered":"<p>Fotos: AFP. Sevilla, de Espa\u00f1a, el equipo m\u00e1s ganador del torneo con cuatro t\u00edtulos, y con cinco argentinos en su plantel, jugar\u00e1 este mi\u00e9rcoles ante Roma, de Italia, que tiene al cordob\u00e9s Paulo Dybala, aunque est\u00e1 con un problema f\u00edsico, en la final de la edici\u00f3n 14 de la Liga de Europa. El partido se [&hellip;]<\/p>\n","protected":false},"author":1,"featured_media":60840,"comment_status":"open","ping_status":"closed","sticky":false,"template":"","format":"standard","meta":[],"categories":[16],"tags":[],"_links":{"self":[{"href":"http:\/\/hoycordobaweb.com\/index.php\/wp-json\/wp\/v2\/posts\/60839"}],"collection":[{"href":"http:\/\/hoycordobaweb.com\/index.php\/wp-json\/wp\/v2\/posts"}],"about":[{"href":"http:\/\/hoycordobaweb.com\/index.php\/wp-json\/wp\/v2\/types\/post"}],"author":[{"embeddable":true,"href":"http:\/\/hoycordobaweb.com\/index.php\/wp-json\/wp\/v2\/users\/1"}],"replies":[{"embeddable":true,"href":"http:\/\/hoycordobaweb.com\/index.php\/wp-json\/wp\/v2\/comments?post=60839"}],"version-history":[{"count":0,"href":"http:\/\/hoycordobaweb.com\/index.php\/wp-json\/wp\/v2\/posts\/60839\/revisions"}],"wp:featuredmedia":[{"embeddable":true,"href":"http:\/\/hoycordobaweb.com\/index.php\/wp-json\/wp\/v2\/media\/60840"}],"wp:attachment":[{"href":"http:\/\/hoycordobaweb.com\/index.php\/wp-json\/wp\/v2\/media?parent=60839"}],"wp:term":[{"taxonomy":"category","embeddable":true,"href":"http:\/\/hoycordobaweb.com\/index.php\/wp-json\/wp\/v2\/categories?post=60839"},{"taxonomy":"post_tag","embeddable":true,"href":"http:\/\/hoycordobaweb.com\/index.php\/wp-json\/wp\/v2\/tags?post=60839"}],"curies":[{"name":"wp","href":"https:\/\/api.w.org\/{rel}","templated":true}]}}