{"id":60811,"date":"2023-05-30T01:11:36","date_gmt":"2023-05-30T01:11:36","guid":{"rendered":"https:\/\/www.ole.com.ar\/velez\/velez-homenaje-hernan-palito-manrique-minuto-silencio-jose-amalfitani_0_ZnPTQdn7Ph.html"},"modified":"2023-05-30T01:11:36","modified_gmt":"2023-05-30T01:11:36","slug":"sentido-homenaje-de-velez-para-palito-manrique","status":"publish","type":"post","link":"http:\/\/hoycordobaweb.com\/index.php\/2023\/05\/30\/sentido-homenaje-de-velez-para-palito-manrique\/","title":{"rendered":"Sentido homenaje de V\u00e9lez para Palito Manrique"},"content":{"rendered":"<p><img src=\"http:\/\/hoycordobaweb.com\/wp-content\/uploads\/2023\/05\/sentido-homenaje-de-velez-para-palito-manrique.jpg\"><\/p>\n<div><img src=\"http:\/\/hoycordobaweb.com\/wp-content\/uploads\/2023\/05\/sentido-homenaje-de-velez-para-palito-manrique.jpg\" class=\"ff-og-image-inserted\"><\/div>\n<div readability=\"32.818181818182\">\n<p>En la previa del partido ante <a href=\"https:\/\/www.ole.com.ar\/tema\/river-plate.html\" title=\"River Plate\" alt=\"River Plate\" class=\"slug\">River<\/a> por la fecha 18 de la <a href=\"https:\/\/www.ole.com.ar\/tema\/liga-profesional-de-futbol.html\" title=\"Liga Profesional de F\u00fatbol\" alt=\"Liga Profesional de F\u00fatbol\" class=\"slug\">Liga Profesional de F\u00fatbol<\/a>, <strong>el conjunto de Liniers realiz\u00f3 un respetuoso minuto de silencio por Palito Manrique<\/strong>. La voz del estadio anunci\u00f3 el homenaje y el <a href=\"https:\/\/www.ole.com.ar\/tema\/jose-amalfitani.html\" title=\"Jos\u00e9 Amalfitani\" alt=\"Jos\u00e9 Amalfitani\" class=\"slug\">Jos\u00e9 Amalfitani<\/a>, por un instante, se qued\u00f3 en total silencio en se\u00f1al de respeto a la imagen de una persona muy querida en el club.<\/p>\n<\/div>\n<div readability=\"37\">\n<p>A la par, <strong>la pantalla gigante del Jos\u00e9 Amalfitani proyect\u00f3 una imagen de Palito que vali\u00f3 aplausos<\/strong> desde las cuatro tribunas de un estadio pr\u00e1cticamente colmado. \u00ab\u00a1Siempre en casa, Palito!\u00bb, escribi\u00f3 la cuenta oficial de V\u00e9lez en Twitter.<\/p>\n<\/div>\n<div readability=\"40\">\n<p>Manrique, de 49 a\u00f1os, se desempe\u00f1aba como entrenador en la reserva de V\u00e9lez desde el 2022, pero antes atraves\u00f3 una extensa carrera como futbolista, principalmente en la Primera B Nacional, con pasos por la m\u00e1xima categor\u00eda, la B Metropolitana y el torneo Argentino A.<\/p>\n<\/div>\n","protected":false},"excerpt":{"rendered":"<p>En la previa del partido ante River por la fecha 18 de la Liga Profesional de F\u00fatbol, el conjunto de Liniers realiz\u00f3 un respetuoso minuto de silencio por Palito Manrique. La voz del estadio anunci\u00f3 el homenaje y el Jos\u00e9 Amalfitani, por un instante, se qued\u00f3 en total silencio en se\u00f1al de respeto a la [&hellip;]<\/p>\n","protected":false},"author":1,"featured_media":60812,"comment_status":"open","ping_status":"closed","sticky":false,"template":"","format":"standard","meta":[],"categories":[16],"tags":[],"_links":{"self":[{"href":"http:\/\/hoycordobaweb.com\/index.php\/wp-json\/wp\/v2\/posts\/60811"}],"collection":[{"href":"http:\/\/hoycordobaweb.com\/index.php\/wp-json\/wp\/v2\/posts"}],"about":[{"href":"http:\/\/hoycordobaweb.com\/index.php\/wp-json\/wp\/v2\/types\/post"}],"author":[{"embeddable":true,"href":"http:\/\/hoycordobaweb.com\/index.php\/wp-json\/wp\/v2\/users\/1"}],"replies":[{"embeddable":true,"href":"http:\/\/hoycordobaweb.com\/index.php\/wp-json\/wp\/v2\/comments?post=60811"}],"version-history":[{"count":0,"href":"http:\/\/hoycordobaweb.com\/index.php\/wp-json\/wp\/v2\/posts\/60811\/revisions"}],"wp:featuredmedia":[{"embeddable":true,"href":"http:\/\/hoycordobaweb.com\/index.php\/wp-json\/wp\/v2\/media\/60812"}],"wp:attachment":[{"href":"http:\/\/hoycordobaweb.com\/index.php\/wp-json\/wp\/v2\/media?parent=60811"}],"wp:term":[{"taxonomy":"category","embeddable":true,"href":"http:\/\/hoycordobaweb.com\/index.php\/wp-json\/wp\/v2\/categories?post=60811"},{"taxonomy":"post_tag","embeddable":true,"href":"http:\/\/hoycordobaweb.com\/index.php\/wp-json\/wp\/v2\/tags?post=60811"}],"curies":[{"name":"wp","href":"https:\/\/api.w.org\/{rel}","templated":true}]}}