{"id":60803,"date":"2023-05-29T22:15:34","date_gmt":"2023-05-29T22:15:34","guid":{"rendered":"https:\/\/ladecimaweb.com\/?p=16843"},"modified":"2023-05-29T22:15:34","modified_gmt":"2023-05-29T22:15:34","slug":"la-policia-caminera-recibio-20-camionetas-0km","status":"publish","type":"post","link":"http:\/\/hoycordobaweb.com\/index.php\/2023\/05\/29\/la-policia-caminera-recibio-20-camionetas-0km\/","title":{"rendered":"La Polic\u00eda Caminera recibi\u00f3 20 camionetas 0Km"},"content":{"rendered":"<div class=\"boldgrid-section\">\n<div class=\"container\">\n<div class=\"row\">\n<div class=\"col-md-12 col-xs-12 col-sm-12\">\n<p>&nbsp;<\/p>\n<p class=\"\">El ministro de Gobierno y Seguridad, Juli\u00e1n L\u00f3pez, y el secretario de Seguridad, Claudio Satampalija, entregaron 20 nuevos m\u00f3viles para la Polic\u00eda Caminera en el marco del fortalecimiento del accionar de la fuerza en su 15 aniversario.<\/p>\n<p class=\"\">El acto concretado en el Centro C\u00edvico provincial cont\u00f3 con la presencia de la Jefa de Polic\u00eda Comisario General, Liliana Zarate, Belletti y el director General de la Polic\u00eda Caminera, Carlos Barrionuevo.<\/p>\n<p>Se trata de camionetas Nissan Frontier 0Km., equipadas con burbuja sanitaria para traslado de detenidos totalmente aislada con desag\u00fce para limpieza y desinfecci\u00f3n, vidrios antivand\u00e1licos y reflector port\u00e1til.<\/p>\n<p>La Direcci\u00f3n General de Polic\u00eda Caminera cuenta con 42 puestos camineros distribuidos en el interior provincial, que se encargan de controlar el tr\u00e1nsito. Estos nuevos recursos se suman a m\u00e1s de 200 veh\u00edculos funcionando y ser\u00e1n utilizados para reforzar las acciones en dichos puestos.<\/p>\n<p><em>\u201cQuienes circulamos diariamente por las rutas de la provincia somos testigos del buen trabajo que realizan\u00bb,<span>&nbsp;<\/span><\/em>remarc\u00f3 L\u00f3pez<em>.<\/em><\/p>\n<p class=\"\">Y agreg\u00f3: \u00ab<em>Quiero felicitarlos no s\u00f3lo por la labor preventiva, sino tambi\u00e9n porque cuando hay un accidente, animales en las rutas o alg\u00fan desperfecto sabemos que la Polic\u00eda Caminera se comporta con ese esp\u00edritu de proximidad cerca de los vecinos, ayudando a resolver los problemas que se van suscitando\u201d.<\/em><\/p>\n<p>&nbsp;<\/p>\n<p class=\"\">\n<div class=\"ubm_banner\"><a href=\"https:\/\/www.hacemosunidosporcordoba.com\/\" target=\"_blank\" rel=\"dofollow noopener noreferrer\"><img src=\"http:\/\/hoycordobaweb.com\/wp-content\/uploads\/2023\/05\/la-policia-caminera-recibio-20-camionetas-0km.gif\" alt=\"\"><\/a><\/div>\n<\/div>\n<\/div>\n<\/div>\n<\/div>\n<p>La entrada <a rel=\"nofollow\" href=\"https:\/\/ladecimaweb.com\/la-policia-caminera-recibio-20-camionetas-0km\/\">La Polic\u00eda Caminera recibi\u00f3 20 camionetas 0Km<\/a> se public\u00f3 primero en <a rel=\"nofollow\" href=\"https:\/\/ladecimaweb.com\">LaDecima<\/a>.<\/p>\n","protected":false},"excerpt":{"rendered":"<p>&nbsp; El ministro de Gobierno y Seguridad, Juli\u00e1n L\u00f3pez, y el secretario de Seguridad, Claudio Satampalija, entregaron 20 nuevos m\u00f3viles para la Polic\u00eda Caminera en el marco del fortalecimiento del accionar de la fuerza en su 15 aniversario. El acto concretado en el Centro C\u00edvico provincial cont\u00f3 con la presencia de la Jefa de Polic\u00eda [&hellip;]<\/p>\n","protected":false},"author":1,"featured_media":60804,"comment_status":"closed","ping_status":"closed","sticky":false,"template":"","format":"standard","meta":[],"categories":[19],"tags":[],"_links":{"self":[{"href":"http:\/\/hoycordobaweb.com\/index.php\/wp-json\/wp\/v2\/posts\/60803"}],"collection":[{"href":"http:\/\/hoycordobaweb.com\/index.php\/wp-json\/wp\/v2\/posts"}],"about":[{"href":"http:\/\/hoycordobaweb.com\/index.php\/wp-json\/wp\/v2\/types\/post"}],"author":[{"embeddable":true,"href":"http:\/\/hoycordobaweb.com\/index.php\/wp-json\/wp\/v2\/users\/1"}],"replies":[{"embeddable":true,"href":"http:\/\/hoycordobaweb.com\/index.php\/wp-json\/wp\/v2\/comments?post=60803"}],"version-history":[{"count":0,"href":"http:\/\/hoycordobaweb.com\/index.php\/wp-json\/wp\/v2\/posts\/60803\/revisions"}],"wp:featuredmedia":[{"embeddable":true,"href":"http:\/\/hoycordobaweb.com\/index.php\/wp-json\/wp\/v2\/media\/60804"}],"wp:attachment":[{"href":"http:\/\/hoycordobaweb.com\/index.php\/wp-json\/wp\/v2\/media?parent=60803"}],"wp:term":[{"taxonomy":"category","embeddable":true,"href":"http:\/\/hoycordobaweb.com\/index.php\/wp-json\/wp\/v2\/categories?post=60803"},{"taxonomy":"post_tag","embeddable":true,"href":"http:\/\/hoycordobaweb.com\/index.php\/wp-json\/wp\/v2\/tags?post=60803"}],"curies":[{"name":"wp","href":"https:\/\/api.w.org\/{rel}","templated":true}]}}