{"id":60734,"date":"2023-05-27T22:04:00","date_gmt":"2023-05-27T22:04:00","guid":{"rendered":"https:\/\/fm-comunicar.com.ar\/contenido\/20264\/matias-roldan-hay-que-tomar-decisiones-sobre-el-transito-antes-que-colapse"},"modified":"2023-05-27T22:04:00","modified_gmt":"2023-05-27T22:04:00","slug":"matias-roldan-hay-que-tomar-decisiones-sobre-el-transito-antes-que-colapse","status":"publish","type":"post","link":"http:\/\/hoycordobaweb.com\/index.php\/2023\/05\/27\/matias-roldan-hay-que-tomar-decisiones-sobre-el-transito-antes-que-colapse\/","title":{"rendered":"Mat\u00edas Rold\u00e1n: hay que tomar decisiones sobre el tr\u00e1nsito antes que colapse"},"content":{"rendered":"<p>El candidato de Unidos Podemos se reuni\u00f3 con transportistas para planificar el paso de camiones en v\u00edas que no sean por zona urbana. Tambi\u00e9n se refiri\u00f3 a los sentidos \u00fanicos de circulaci\u00f3n.<img src=\"http:\/\/hoycordobaweb.com\/wp-content\/uploads\/2023\/05\/matias-roldan-hay-que-tomar-decisiones-sobre-el-transito-antes-que-colapse.jpg\"><\/p>\n","protected":false},"excerpt":{"rendered":"<p>El candidato de Unidos Podemos se reuni\u00f3 con transportistas para planificar el paso de camiones en v\u00edas que no sean por zona urbana. Tambi\u00e9n se refiri\u00f3 a los sentidos \u00fanicos de circulaci\u00f3n.<\/p>\n","protected":false},"author":1,"featured_media":60735,"comment_status":"closed","ping_status":"closed","sticky":false,"template":"","format":"standard","meta":[],"categories":[18],"tags":[],"_links":{"self":[{"href":"http:\/\/hoycordobaweb.com\/index.php\/wp-json\/wp\/v2\/posts\/60734"}],"collection":[{"href":"http:\/\/hoycordobaweb.com\/index.php\/wp-json\/wp\/v2\/posts"}],"about":[{"href":"http:\/\/hoycordobaweb.com\/index.php\/wp-json\/wp\/v2\/types\/post"}],"author":[{"embeddable":true,"href":"http:\/\/hoycordobaweb.com\/index.php\/wp-json\/wp\/v2\/users\/1"}],"replies":[{"embeddable":true,"href":"http:\/\/hoycordobaweb.com\/index.php\/wp-json\/wp\/v2\/comments?post=60734"}],"version-history":[{"count":0,"href":"http:\/\/hoycordobaweb.com\/index.php\/wp-json\/wp\/v2\/posts\/60734\/revisions"}],"wp:featuredmedia":[{"embeddable":true,"href":"http:\/\/hoycordobaweb.com\/index.php\/wp-json\/wp\/v2\/media\/60735"}],"wp:attachment":[{"href":"http:\/\/hoycordobaweb.com\/index.php\/wp-json\/wp\/v2\/media?parent=60734"}],"wp:term":[{"taxonomy":"category","embeddable":true,"href":"http:\/\/hoycordobaweb.com\/index.php\/wp-json\/wp\/v2\/categories?post=60734"},{"taxonomy":"post_tag","embeddable":true,"href":"http:\/\/hoycordobaweb.com\/index.php\/wp-json\/wp\/v2\/tags?post=60734"}],"curies":[{"name":"wp","href":"https:\/\/api.w.org\/{rel}","templated":true}]}}