{"id":60708,"date":"2023-05-28T00:05:56","date_gmt":"2023-05-28T00:05:56","guid":{"rendered":"https:\/\/www.ole.com.ar\/futbol-internacional\/francia\/galtier-merezco-segunda-temporada-psg_0_73O8k5zqE1.html"},"modified":"2023-05-28T00:05:56","modified_gmt":"2023-05-28T00:05:56","slug":"galtier-merezco-una-segunda-temporada-en-el-psg","status":"publish","type":"post","link":"http:\/\/hoycordobaweb.com\/index.php\/2023\/05\/28\/galtier-merezco-una-segunda-temporada-en-el-psg\/","title":{"rendered":"Galtier: \u00abMerezco una segunda temporada en el PSG\u00bb"},"content":{"rendered":"<p><img src=\"http:\/\/hoycordobaweb.com\/wp-content\/uploads\/2023\/05\/galtier-merezco-una-segunda-temporada-en-el-psg.jpg\"><\/p>\n<p><time class=\"createDate\" datetime=\"2023-05-27T21:05:56-03:00\">27\/05\/2023 21:05hs.<\/time><time class=\"modificatedDate\" datetime=\"2023\/05\/27T21:05:56-03:00\"><\/time><\/p>\n<div id=\"storyBody\">\n<div class=\"custom-text \" readability=\"33.004694835681\">\n<p><strong>Con un gol de <\/strong><a href=\"https:\/\/www.ole.com.ar\/tema\/lionel-messi.html\" title=\"Lionel Messi\" alt=\"Lionel Messi\" class=\"slug\"><strong>Lionel Messi<\/strong><\/a><strong>, el <\/strong><a href=\"https:\/\/www.ole.com.ar\/tema\/paris-saint-germain.html\" title=\"Paris Saint Germain\" alt=\"Paris Saint Germain\" class=\"slug\"><strong>Paris Saint-Germain<\/strong><\/a><strong> empat\u00f3 contra RC Strasbourg y se asegur\u00f3 el t\u00edtulo<\/strong>. En un a\u00f1o repleto de crisis internas, el conjunto parisino se coron\u00f3 campe\u00f3n de la <a href=\"https:\/\/www.ole.com.ar\/tema\/ligue-1.html\" title=\"Ligue 1\" alt=\"Ligue 1\" class=\"slug\">Ligue 1<\/a> y bati\u00f3 el record de t\u00edtulos al llegar a su und\u00e9cimo campeonato. Tras el partido, <a href=\"https:\/\/www.ole.com.ar\/tema\/christophe-galtier.html\" title=\"Christophe Galtier\" alt=\"Christophe Galtier\" class=\"slug\"><strong>Christophe Galtier<\/strong><\/a><strong> expres\u00f3 su felicidad por el t\u00edtulo y pidi\u00f3 que le dejen cumplir su contrato: \u00abMerezco una segunda temporada en el PSG\u00bb<\/strong>.<\/p>\n<\/div>\n<div class=\"sc-7ce6049-0 dwIKul\">\n<div class=\"sc-7ce6049-1 bdcBBS videoText\" id=\"contentTitleundefinedB0psjl41\"><svg fill=\"#ffffff\"><symbol id=\"play\" viewBox=\"0 0 512 512\"><path d=\"M512 256C512 397.4 397.4 512 256 512C114.6 512 0 397.4 0 256C0 114.6 114.6 0 256 0C397.4 0 512 114.6 512 256zM176 168V344C176 352.7 180.7 360.7 188.3 364.9C195.8 369.2 205.1 369 212.5 364.5L356.5 276.5C363.6 272.1 368 264.4 368 256C368 247.6 363.6 239.9 356.5 235.5L212.5 147.5C205.1 142.1 195.8 142.8 188.3 147.1C180.7 151.3 176 159.3 176 168V168z\" \/><\/symbol><use xlink:href=\"#play\" \/><\/svg><\/p>\n<div class=\"right\">\n<p>Lionel Messi<!-- --> &#8211;<!-- --> <span>27-5-2023<\/span><\/p>\n<h2 class=\"title-vid\">Golazo de Messi para abrir el marcador del PSG<\/h2>\n<\/div>\n<\/div>\n<p><span class=\"back\" id=\"spanBackundefinedB0psjl41\"><\/span><\/div>\n<div class=\"sc-a7166897-0 exHLBh\" readability=\"6\">\n<section readability=\"2\"><picture><img alt=\"Messi en los festejos: firma de camisetas y tranquilidad en el vestuario\" src=\"http:\/\/hoycordobaweb.com\/wp-content\/uploads\/2023\/05\/galtier-merezco-una-segunda-temporada-en-el-psg-2.jpg\" width=\"29\" height=\"29\" decoding=\"async\" data-nimg=\"future\" loading=\"lazy\"><\/picture>\n<p><span>Mir\u00e1 tambi\u00e9n<\/span><\/p>\n<hr>\n<h3>Messi en los festejos: firma de camisetas y tranquilidad en el vestuario<\/h3>\n<\/p>\n<\/section>\n<\/div>\n<div class=\"custom-text \" readability=\"38\">\n<p>\u00ab<strong>A nivel nacional, la temporada es un \u00e9xito: \u00a1somos campeones! Las temporadas catastr\u00f3ficas son cuando el PSG no ha sido campe\u00f3n<\/strong>. Aunque parezca obvio, \u00a1ser campe\u00f3n es una gran actuaci\u00f3n! \u00a1Dos veces el PSG no lo ha sido! Esas son temporadas dif\u00edciles\u00bb, coment\u00f3 el entrenador franc\u00e9s en conferencia de prensa.<\/p>\n<\/div>\n<div class=\"sc-e7b891c4-0 jPbnQF\"><img alt=\"El abrazo de Galtier con Verratti (REUTERS\/Pascal Rossignol).\" src=\"http:\/\/hoycordobaweb.com\/wp-content\/uploads\/2023\/05\/galtier-merezco-una-segunda-temporada-en-el-psg-3.jpg\" width=\"72\" height=\"10\" decoding=\"async\" data-nimg=\"future\" loading=\"lazy\"><span class=\"epigraphe\">El abrazo de Galtier con Verratti (REUTERS\/Pascal Rossignol).<\/span><\/div>\n<div class=\"sc-a7166897-0 exHLBh\" readability=\"6\">\n<section readability=\"2\"><picture><img alt=\"Messi en los festejos: firma de camisetas y tranquilidad en el vestuario\" src=\"http:\/\/hoycordobaweb.com\/wp-content\/uploads\/2023\/05\/galtier-merezco-una-segunda-temporada-en-el-psg-2.jpg\" width=\"29\" height=\"29\" decoding=\"async\" data-nimg=\"future\" loading=\"lazy\"><\/picture>\n<p><span>Mir\u00e1 tambi\u00e9n<\/span><\/p>\n<hr>\n<h3>Messi en los festejos: firma de camisetas y tranquilidad en el vestuario<\/h3>\n<\/p>\n<\/section>\n<\/div>\n<div class=\"custom-text \" readability=\"38\">\n<p>El conjunto parisino estuvo en el ojo de la tormenta durante toda la temporada. Los resultados del 2023 no fueron los mejores y cambiaron todo dentro del equipo. \u00ab<strong>\u00bfMi futuro? Soy el entrenador del Paris Saint-Germain<\/strong>. Leo y escucho todo lo que dicen. Pero entre lo que dicen y lo que leo, hay una gran diferencia entre lo que vivo a diario, en el club y en mi vestuario\u00bb, asegur\u00f3 Galtier.<\/p>\n<\/div>\n<div class=\"custom-text \" readability=\"37\">\n<p>Adem\u00e1s, agreg\u00f3: \u00ab<strong>Lo repito una vez m\u00e1s porque nadie quiere escucharlo, pero fue una temporada muy especial. Tuvimos que mantener el rumbo incluso cuando cre\u00edamos que todos ten\u00edan la cabeza bajo el agua<\/strong>. Rindo homenaje a mis jugadores que no se han rendido. \u00a1Estoy muy feliz y no quiero que trivialicemos este t\u00edtulo!\u00bb.<\/p>\n<\/div>\n<div class=\"sc-e7b891c4-0 jPbnQF\"><img alt=\"El abrazo de Galtier con Mbapp\u00e9 (REUTERS\/Pascal Rossignol).\" src=\"http:\/\/hoycordobaweb.com\/wp-content\/uploads\/2023\/05\/galtier-merezco-una-segunda-temporada-en-el-psg-4.jpg\" width=\"72\" height=\"10\" decoding=\"async\" data-nimg=\"future\" loading=\"lazy\"><span class=\"epigraphe\">El abrazo de Galtier con Mbapp\u00e9 (REUTERS\/Pascal Rossignol).<\/span><\/div>\n<div class=\"sc-a7166897-0 exHLBh\" readability=\"6\">\n<section readability=\"2\"><picture><img alt=\"\u00a1El PSG sali\u00f3 campe\u00f3n con gol de Messi! \" src=\"http:\/\/hoycordobaweb.com\/wp-content\/uploads\/2023\/05\/galtier-merezco-una-segunda-temporada-en-el-psg-5.jpg\" width=\"29\" height=\"29\" decoding=\"async\" data-nimg=\"future\" loading=\"lazy\"><\/picture>\n<p><span>Mir\u00e1 tambi\u00e9n<\/span><\/p>\n<hr>\n<h3>\u00a1El PSG sali\u00f3 campe\u00f3n con gol de Messi!<br \/>\n<\/h3>\n<\/p>\n<\/section>\n<\/div>\n<p><h2><strong>GALTIER PIDI\u00d3 UNA SEGUNDA OPORTUNIDAD<\/strong><\/h2>\n<\/p>\n<div class=\"custom-text \" readability=\"41\">\n<p>\u00ab<strong>Creo que merezco una segunda temporada en el PSG, lo he dado todo con mucha energ\u00eda. Fui capaz de mantener el rumbo en momentos muy dif\u00edciles. Siento, personalmente, que merezco continuar<\/strong>\u00ab, concluy\u00f3 Galtier, que tiene contrato para un a\u00f1o m\u00e1s, pero se habla que no seguir\u00e1 y suena Luis Enrique para reemplazarlo.<\/p>\n<\/div>\n<div class=\"sc-e7b891c4-0 jPbnQF\"><img alt=\"Christophe Galtier pidi\u00f3 que le dejen seguir en el PSG (REUTERS\/Pascal Rossignol).\" src=\"http:\/\/hoycordobaweb.com\/wp-content\/uploads\/2023\/05\/galtier-merezco-una-segunda-temporada-en-el-psg-6.jpg\" width=\"72\" height=\"10\" decoding=\"async\" data-nimg=\"future\" loading=\"lazy\"><span class=\"epigraphe\">Christophe Galtier pidi\u00f3 que le dejen seguir en el PSG (REUTERS\/Pascal Rossignol).<\/span><\/div>\n<div class=\"sc-a7166897-0 exHLBh\" readability=\"6\">\n<section readability=\"2\"><picture><img alt=\"Uno por uno: el r\u00e9cord de Messi con sus 43 t\u00edtulos\" src=\"http:\/\/hoycordobaweb.com\/wp-content\/uploads\/2023\/05\/galtier-merezco-una-segunda-temporada-en-el-psg-7.jpg\" width=\"29\" height=\"29\" decoding=\"async\" data-nimg=\"future\" loading=\"lazy\"><\/picture>\n<p><span>Mir\u00e1 tambi\u00e9n<\/span><\/p>\n<hr>\n<h3>Uno por uno: el r\u00e9cord de Messi con sus 43 t\u00edtulos<\/h3>\n<\/p>\n<\/section>\n<\/div>\n<div class=\"sc-a7166897-0 exHLBh\" readability=\"6\">\n<section readability=\"2\"><picture><img alt=\"Video: el lindo gol de Messi para el t\u00edtulo de PSG\" src=\"http:\/\/hoycordobaweb.com\/wp-content\/uploads\/2023\/05\/galtier-merezco-una-segunda-temporada-en-el-psg-8.jpg\" width=\"29\" height=\"29\" decoding=\"async\" data-nimg=\"future\" loading=\"lazy\"><\/picture>\n<p><span>Mir\u00e1 tambi\u00e9n<\/span><\/p>\n<hr>\n<h3>Video: el lindo gol de Messi para el t\u00edtulo de PSG<\/h3>\n<\/p>\n<\/section>\n<\/div>\n<\/div>\n","protected":false},"excerpt":{"rendered":"<p>27\/05\/2023 21:05hs. Con un gol de Lionel Messi, el Paris Saint-Germain empat\u00f3 contra RC Strasbourg y se asegur\u00f3 el t\u00edtulo. En un a\u00f1o repleto de crisis internas, el conjunto parisino se coron\u00f3 campe\u00f3n de la Ligue 1 y bati\u00f3 el record de t\u00edtulos al llegar a su und\u00e9cimo campeonato. Tras el partido, Christophe Galtier expres\u00f3 [&hellip;]<\/p>\n","protected":false},"author":1,"featured_media":60709,"comment_status":"open","ping_status":"closed","sticky":false,"template":"","format":"standard","meta":[],"categories":[16],"tags":[],"_links":{"self":[{"href":"http:\/\/hoycordobaweb.com\/index.php\/wp-json\/wp\/v2\/posts\/60708"}],"collection":[{"href":"http:\/\/hoycordobaweb.com\/index.php\/wp-json\/wp\/v2\/posts"}],"about":[{"href":"http:\/\/hoycordobaweb.com\/index.php\/wp-json\/wp\/v2\/types\/post"}],"author":[{"embeddable":true,"href":"http:\/\/hoycordobaweb.com\/index.php\/wp-json\/wp\/v2\/users\/1"}],"replies":[{"embeddable":true,"href":"http:\/\/hoycordobaweb.com\/index.php\/wp-json\/wp\/v2\/comments?post=60708"}],"version-history":[{"count":0,"href":"http:\/\/hoycordobaweb.com\/index.php\/wp-json\/wp\/v2\/posts\/60708\/revisions"}],"wp:featuredmedia":[{"embeddable":true,"href":"http:\/\/hoycordobaweb.com\/index.php\/wp-json\/wp\/v2\/media\/60709"}],"wp:attachment":[{"href":"http:\/\/hoycordobaweb.com\/index.php\/wp-json\/wp\/v2\/media?parent=60708"}],"wp:term":[{"taxonomy":"category","embeddable":true,"href":"http:\/\/hoycordobaweb.com\/index.php\/wp-json\/wp\/v2\/categories?post=60708"},{"taxonomy":"post_tag","embeddable":true,"href":"http:\/\/hoycordobaweb.com\/index.php\/wp-json\/wp\/v2\/tags?post=60708"}],"curies":[{"name":"wp","href":"https:\/\/api.w.org\/{rel}","templated":true}]}}