{"id":60706,"date":"2023-05-28T00:40:39","date_gmt":"2023-05-28T00:40:39","guid":{"rendered":"https:\/\/www.ole.com.ar\/ecuador\/internacional\/mosaico-flamengo-vinicius-racismo_0_mFG5mktgbG.html"},"modified":"2023-05-28T00:40:39","modified_gmt":"2023-05-28T00:40:39","slug":"el-imponente-mosaico-de-flamengo-a-vinicius","status":"publish","type":"post","link":"http:\/\/hoycordobaweb.com\/index.php\/2023\/05\/28\/el-imponente-mosaico-de-flamengo-a-vinicius\/","title":{"rendered":"El imponente mosaico de Flamengo a Vinicius"},"content":{"rendered":"<p><img src=\"http:\/\/hoycordobaweb.com\/wp-content\/uploads\/2023\/05\/el-imponente-mosaico-de-flamengo-a-vinicius.jpg\"><\/p>\n<p><time class=\"createDate\" datetime=\"2023-05-27T21:40:39-03:00\">27\/05\/2023 21:40hs.<\/time><time class=\"modificatedDate\" datetime=\"2023\/05\/27T21:40:39-03:00\"><\/time><\/p>\n<div id=\"storyBody\">\n<div class=\"custom-text \" readability=\"38.355371900826\">\n<p><strong>Luego de los ataques racistas que sufri\u00f3 <\/strong><a href=\"https:\/\/www.ole.com.ar\/tema\/vinicius.html\" title=\"Vinicius\" alt=\"Vinicius\" class=\"slug\"><strong>Vinicius<\/strong><\/a><strong> <\/strong>en el Estadio Mestalla por parte de los hinchas del Valencia (en un partido donde tambi\u00e9n se fue expulsado pero luego le quitaron la sanci\u00f3n), <strong>el futbolista brasile\u00f1o recibi\u00f3 m\u00faltiples muestras de apoyo<\/strong> de sus compa\u00f1eros de equipo, otros colegas, entrenadores, pol\u00edticos e incluso se apagaron las luces del Cristo Redentor en reproche a las continuas agresiones discriminatorias que suceden en Espa\u00f1a y el f\u00fatbol en general.<\/p>\n<\/div>\n<div class=\"sc-e7b891c4-0 jPbnQF\"><img alt=\"Los mensajes de apoyo a Vinicius.\" src=\"http:\/\/hoycordobaweb.com\/wp-content\/uploads\/2023\/05\/el-imponente-mosaico-de-flamengo-a-vinicius-2.jpg\" width=\"72\" height=\"10\" decoding=\"async\" data-nimg=\"future\" loading=\"lazy\"><span class=\"epigraphe\">Los mensajes de apoyo a Vinicius.<\/span><\/div>\n<div class=\"sc-a7166897-0 exHLBh\" readability=\"6.5\">\n<section readability=\"3\"><picture><img alt=\"Video: futbolista del Luton se desplom\u00f3 en la cancha y festej\u00f3 el ascenso en el hospital\" src=\"http:\/\/hoycordobaweb.com\/wp-content\/uploads\/2023\/05\/el-imponente-mosaico-de-flamengo-a-vinicius-3.jpg\" width=\"29\" height=\"29\" decoding=\"async\" data-nimg=\"future\" loading=\"lazy\"><\/picture>\n<p><span>Mir\u00e1 tambi\u00e9n<\/span><\/p>\n<hr>\n<h3>Video: futbolista del Luton se desplom\u00f3 en la cancha y festej\u00f3 el ascenso en el hospital<\/h3>\n<\/p>\n<\/section>\n<\/div>\n<div class=\"custom-text \" readability=\"40\">\n<p><strong>La \u00faltima muestra de respaldo la dio Flamengo<\/strong>, ex equipo de Vini Jr. <strong>En la previa del partido contra Cruzeiro por la fecha 8 del Brasileirao, el club carioca arm\u00f3 un mosaico en el Estadio Maracan\u00e1 con la ayuda de sus hinchas, con los colores del Mengao y el mensaje: \u00abTodos con Vini Jr\u00bb<\/strong>. Adem\u00e1s, otros simpatizantes llevaron pancartas, los futbolistas salieron a la cancha con camisetas negras con la insignia \u00abCon racismo no hay juego\u00bb y se sentaron en el piso antes del comienzo como otra forma de manifestaci\u00f3n.<\/p>\n<\/div>\n<div class=\"sc-a7166897-0 exHLBh\" readability=\"6.5\">\n<section readability=\"3\"><picture><img alt=\"Mientras Messi se consagr\u00f3 en Francia, Cristiano Ronaldo termin\u00f3 segundo\" src=\"http:\/\/hoycordobaweb.com\/wp-content\/uploads\/2023\/05\/el-imponente-mosaico-de-flamengo-a-vinicius-4.jpg\" width=\"29\" height=\"29\" decoding=\"async\" data-nimg=\"future\" loading=\"lazy\"><\/picture>\n<p><span>Mir\u00e1 tambi\u00e9n<\/span><\/p>\n<hr>\n<h3>Mientras Messi se consagr\u00f3 en Francia, Cristiano Ronaldo termin\u00f3 segundo<\/h3>\n<\/p>\n<\/section>\n<\/div>\n<div class=\"custom-text \" readability=\"39\">\n<p><strong>\u00abEl Maracan\u00e1 es tuyo, Vini. El mundo es tuyo. Sin retroceso. Cuenta con nosotros\u00bb<\/strong>, escribi\u00f3 el Fla en sus redes sociales. El jugador no tard\u00f3 en responder: <strong>\u00ab\u00a1\u00a1\u00a1Gracias por todo!!! Nac\u00ed FLAMENGO y siempre te querr\u00e9!!!<\/strong>\u00ab. Vinicius jug\u00f3 en Flamengo entre 2017 y 2018, disput\u00f3 49 partidos y marc\u00f3 diez goles. Luego, fue vendido al Real Madrid por 45 millones de euros.<\/p>\n<\/div>\n<div class=\"sc-e7b891c4-0 jPbnQF\"><img alt=\"El mensaje de los jugadores en la previa del partido.\" src=\"http:\/\/hoycordobaweb.com\/wp-content\/uploads\/2023\/05\/el-imponente-mosaico-de-flamengo-a-vinicius-5.jpg\" width=\"72\" height=\"10\" decoding=\"async\" data-nimg=\"future\" loading=\"lazy\"><span class=\"epigraphe\">El mensaje de los jugadores en la previa del partido.<\/span><\/div>\n<div class=\"sc-e7b891c4-0 jPbnQF\"><img alt=\"El apoyo a Vinicius en el partido de Flamengo.\" src=\"http:\/\/hoycordobaweb.com\/wp-content\/uploads\/2023\/05\/el-imponente-mosaico-de-flamengo-a-vinicius-6.jpg\" width=\"72\" height=\"10\" decoding=\"async\" data-nimg=\"future\" loading=\"lazy\"><span class=\"epigraphe\">El apoyo a Vinicius en el partido de Flamengo.<\/span><\/div>\n<div class=\"custom-text \" readability=\"37\">\n<p>Desafortunadamente,<strong> los dirigidos por Jorge Sampaoli no pudieron regalarle un victoria<\/strong>. Fue 1 a 1 entre Flamengo y Cruzeiro y los locales, que ven\u00edan de perder con \u00d1ublense por Copa Libertadores, est\u00e1n s\u00e9ptimos con 13 puntos.<\/p>\n<\/div>\n<div class=\"sc-e7b891c4-0 jPbnQF\"><img alt=\"Sampaoli no le encuentra la vuelta.\" src=\"http:\/\/hoycordobaweb.com\/wp-content\/uploads\/2023\/05\/el-imponente-mosaico-de-flamengo-a-vinicius-7.jpg\" width=\"72\" height=\"10\" decoding=\"async\" data-nimg=\"future\" loading=\"lazy\"><span class=\"epigraphe\">Sampaoli no le encuentra la vuelta.<\/span><\/div>\n<div class=\"sc-a7166897-0 exHLBh\" readability=\"6\">\n<section readability=\"2\"><picture><img alt=\"Ins\u00f3lito: expulsaron al arquero y hubo que esperar una eternidad al suplente\" src=\"http:\/\/hoycordobaweb.com\/wp-content\/uploads\/2023\/05\/el-imponente-mosaico-de-flamengo-a-vinicius-8.jpg\" width=\"29\" height=\"29\" decoding=\"async\" data-nimg=\"future\" loading=\"lazy\"><\/picture>\n<p><span>Mir\u00e1 tambi\u00e9n<\/span><\/p>\n<hr>\n<h3>Ins\u00f3lito: expulsaron al arquero y hubo que esperar una eternidad al suplente<\/h3>\n<\/p>\n<\/section>\n<\/div>\n<\/div>\n","protected":false},"excerpt":{"rendered":"<p>27\/05\/2023 21:40hs. Luego de los ataques racistas que sufri\u00f3 Vinicius en el Estadio Mestalla por parte de los hinchas del Valencia (en un partido donde tambi\u00e9n se fue expulsado pero luego le quitaron la sanci\u00f3n), el futbolista brasile\u00f1o recibi\u00f3 m\u00faltiples muestras de apoyo de sus compa\u00f1eros de equipo, otros colegas, entrenadores, pol\u00edticos e incluso se [&hellip;]<\/p>\n","protected":false},"author":1,"featured_media":60707,"comment_status":"open","ping_status":"closed","sticky":false,"template":"","format":"standard","meta":[],"categories":[16],"tags":[],"_links":{"self":[{"href":"http:\/\/hoycordobaweb.com\/index.php\/wp-json\/wp\/v2\/posts\/60706"}],"collection":[{"href":"http:\/\/hoycordobaweb.com\/index.php\/wp-json\/wp\/v2\/posts"}],"about":[{"href":"http:\/\/hoycordobaweb.com\/index.php\/wp-json\/wp\/v2\/types\/post"}],"author":[{"embeddable":true,"href":"http:\/\/hoycordobaweb.com\/index.php\/wp-json\/wp\/v2\/users\/1"}],"replies":[{"embeddable":true,"href":"http:\/\/hoycordobaweb.com\/index.php\/wp-json\/wp\/v2\/comments?post=60706"}],"version-history":[{"count":0,"href":"http:\/\/hoycordobaweb.com\/index.php\/wp-json\/wp\/v2\/posts\/60706\/revisions"}],"wp:featuredmedia":[{"embeddable":true,"href":"http:\/\/hoycordobaweb.com\/index.php\/wp-json\/wp\/v2\/media\/60707"}],"wp:attachment":[{"href":"http:\/\/hoycordobaweb.com\/index.php\/wp-json\/wp\/v2\/media?parent=60706"}],"wp:term":[{"taxonomy":"category","embeddable":true,"href":"http:\/\/hoycordobaweb.com\/index.php\/wp-json\/wp\/v2\/categories?post=60706"},{"taxonomy":"post_tag","embeddable":true,"href":"http:\/\/hoycordobaweb.com\/index.php\/wp-json\/wp\/v2\/tags?post=60706"}],"curies":[{"name":"wp","href":"https:\/\/api.w.org\/{rel}","templated":true}]}}