{"id":60682,"date":"2023-05-28T00:08:53","date_gmt":"2023-05-28T00:08:53","guid":{"rendered":"http:\/\/hoycordobaweb.com\/index.php\/2023\/05\/28\/marcelo-gallardo-reclamo-una-reforma-del-futbol-argentino-telam\/"},"modified":"2023-05-28T00:08:53","modified_gmt":"2023-05-28T00:08:53","slug":"marcelo-gallardo-reclamo-una-reforma-del-futbol-argentino-telam","status":"publish","type":"post","link":"http:\/\/hoycordobaweb.com\/index.php\/2023\/05\/28\/marcelo-gallardo-reclamo-una-reforma-del-futbol-argentino-telam\/","title":{"rendered":"Marcelo Gallardo reclam\u00f3 una reforma del <b>f\u00fatbol argentino<\/b> &#8211; T\u00e9lam"},"content":{"rendered":"<p>Marcelo Gallardo reclam\u00f3 una reforma del <b>f\u00fatbol argentino<\/b>. Audio. El ex entrenador de River pidi\u00f3 volver a tener una liga competitiva, en el acto de&nbsp;&#8230; <\/p>\n","protected":false},"excerpt":{"rendered":"<p>Marcelo Gallardo reclam\u00f3 una reforma del f\u00fatbol argentino. Audio. El ex entrenador de River pidi\u00f3 volver a tener una liga competitiva, en el acto de&nbsp;&#8230;<\/p>\n","protected":false},"author":1,"featured_media":0,"comment_status":"closed","ping_status":"closed","sticky":false,"template":"","format":"standard","meta":[],"categories":[22],"tags":[],"_links":{"self":[{"href":"http:\/\/hoycordobaweb.com\/index.php\/wp-json\/wp\/v2\/posts\/60682"}],"collection":[{"href":"http:\/\/hoycordobaweb.com\/index.php\/wp-json\/wp\/v2\/posts"}],"about":[{"href":"http:\/\/hoycordobaweb.com\/index.php\/wp-json\/wp\/v2\/types\/post"}],"author":[{"embeddable":true,"href":"http:\/\/hoycordobaweb.com\/index.php\/wp-json\/wp\/v2\/users\/1"}],"replies":[{"embeddable":true,"href":"http:\/\/hoycordobaweb.com\/index.php\/wp-json\/wp\/v2\/comments?post=60682"}],"version-history":[{"count":0,"href":"http:\/\/hoycordobaweb.com\/index.php\/wp-json\/wp\/v2\/posts\/60682\/revisions"}],"wp:attachment":[{"href":"http:\/\/hoycordobaweb.com\/index.php\/wp-json\/wp\/v2\/media?parent=60682"}],"wp:term":[{"taxonomy":"category","embeddable":true,"href":"http:\/\/hoycordobaweb.com\/index.php\/wp-json\/wp\/v2\/categories?post=60682"},{"taxonomy":"post_tag","embeddable":true,"href":"http:\/\/hoycordobaweb.com\/index.php\/wp-json\/wp\/v2\/tags?post=60682"}],"curies":[{"name":"wp","href":"https:\/\/api.w.org\/{rel}","templated":true}]}}