{"id":60680,"date":"2023-05-25T08:29:00","date_gmt":"2023-05-25T08:29:00","guid":{"rendered":"https:\/\/fm-comunicar.com.ar\/contenido\/20254\/nilda-lauret-expuso-sus-propuestas-como-candidata-a-jefa-comunal-de-san-duri"},"modified":"2023-05-25T08:29:00","modified_gmt":"2023-05-25T08:29:00","slug":"nilda-lauret-expuso-sus-propuestas-como-candidata-a-jefa-comunal-de-san-duri","status":"publish","type":"post","link":"http:\/\/hoycordobaweb.com\/index.php\/2023\/05\/25\/nilda-lauret-expuso-sus-propuestas-como-candidata-a-jefa-comunal-de-san-duri\/","title":{"rendered":"Nilda Lauret expuso sus propuestas como candidata a jefa comunal de San Dur\u00ed"},"content":{"rendered":"<p>A 10 d\u00edas de los comicios, la postulante de Encuentro Vecinal C\u00f3rdoba se refiri\u00f3 a su paso por la comuna y por qu\u00e9 decidi\u00f3 competir contra un oficialismo del que form\u00f3 parte hace cuatro a\u00f1os.<img src=\"http:\/\/hoycordobaweb.com\/wp-content\/uploads\/2023\/05\/nilda-lauret-expuso-sus-propuestas-como-candidata-a-jefa-comunal-de-san-duri.jpg\"><\/p>\n","protected":false},"excerpt":{"rendered":"<p>A 10 d\u00edas de los comicios, la postulante de Encuentro Vecinal C\u00f3rdoba se refiri\u00f3 a su paso por la comuna y por qu\u00e9 decidi\u00f3 competir contra un oficialismo del que form\u00f3 parte hace cuatro a\u00f1os.<\/p>\n","protected":false},"author":1,"featured_media":60681,"comment_status":"closed","ping_status":"closed","sticky":false,"template":"","format":"standard","meta":[],"categories":[18],"tags":[],"_links":{"self":[{"href":"http:\/\/hoycordobaweb.com\/index.php\/wp-json\/wp\/v2\/posts\/60680"}],"collection":[{"href":"http:\/\/hoycordobaweb.com\/index.php\/wp-json\/wp\/v2\/posts"}],"about":[{"href":"http:\/\/hoycordobaweb.com\/index.php\/wp-json\/wp\/v2\/types\/post"}],"author":[{"embeddable":true,"href":"http:\/\/hoycordobaweb.com\/index.php\/wp-json\/wp\/v2\/users\/1"}],"replies":[{"embeddable":true,"href":"http:\/\/hoycordobaweb.com\/index.php\/wp-json\/wp\/v2\/comments?post=60680"}],"version-history":[{"count":0,"href":"http:\/\/hoycordobaweb.com\/index.php\/wp-json\/wp\/v2\/posts\/60680\/revisions"}],"wp:featuredmedia":[{"embeddable":true,"href":"http:\/\/hoycordobaweb.com\/index.php\/wp-json\/wp\/v2\/media\/60681"}],"wp:attachment":[{"href":"http:\/\/hoycordobaweb.com\/index.php\/wp-json\/wp\/v2\/media?parent=60680"}],"wp:term":[{"taxonomy":"category","embeddable":true,"href":"http:\/\/hoycordobaweb.com\/index.php\/wp-json\/wp\/v2\/categories?post=60680"},{"taxonomy":"post_tag","embeddable":true,"href":"http:\/\/hoycordobaweb.com\/index.php\/wp-json\/wp\/v2\/tags?post=60680"}],"curies":[{"name":"wp","href":"https:\/\/api.w.org\/{rel}","templated":true}]}}