{"id":60646,"date":"2023-05-27T00:39:31","date_gmt":"2023-05-27T00:39:31","guid":{"rendered":"https:\/\/www.ole.com.ar\/fuera-de-juego\/carlos-tevez-brenda-asnicar_0_ygs2U3rmKZ.html"},"modified":"2023-05-27T00:39:31","modified_gmt":"2023-05-27T00:39:31","slug":"brenda-asnicar-y-su-relacion-con-carlos-tevez-fue-como-un-gran-crossover","status":"publish","type":"post","link":"http:\/\/hoycordobaweb.com\/index.php\/2023\/05\/27\/brenda-asnicar-y-su-relacion-con-carlos-tevez-fue-como-un-gran-crossover\/","title":{"rendered":"Brenda Asnicar y su relaci\u00f3n con Carlos Tevez: \u00abFue como un gran crossover\u00bb"},"content":{"rendered":"<p><img src=\"http:\/\/hoycordobaweb.com\/wp-content\/uploads\/2023\/05\/brenda-asnicar-y-su-relacion-con-carlos-tevez-fue-como-un-gran-crossover.jpg\"><\/p>\n<div><img src=\"http:\/\/hoycordobaweb.com\/wp-content\/uploads\/2023\/05\/brenda-asnicar-y-su-relacion-con-carlos-tevez-fue-como-un-gran-crossover.jpg\" class=\"ff-og-image-inserted\"><\/div>\n<div readability=\"36.614420062696\">\n<p>Mientras vest\u00eda la camiseta del <a href=\"https:\/\/www.ole.com.ar\/tema\/manchester-city.html\" title=\"Manchester City\" alt=\"Manchester City\" class=\"slug\">Manchester City<\/a>, all\u00e1 por 2010, <a href=\"https:\/\/www.ole.com.ar\/tema\/carlos-tevez.html\" title=\"Carlos Tevez\" alt=\"Carlos Tevez\" class=\"slug\">Carlos Tevez<\/a> tuvo una corta relaci\u00f3n con la actriz Brenda Asnicar. Y este jueves por la noche en el programa Noche al Dente, que se emite por Am\u00e9rica, <strong>la modelo de 31 a\u00f1os record\u00f3 c\u00f3mo fue su relaci\u00f3n con el Apache, con una frase muy particular&#8230;<\/strong><\/p>\n<\/div>\n<div readability=\"38\">\n<p>\u201c\u00bfYo te puedo hacer una pregunta que es muy de chusma? Si vamos un poquito a atr\u00e1s a hablar de tu vida privada un segundo. \u00bfQu\u00e9 onda que saliste con (Carlos) Tevez?\u201d, le consult\u00f3 el conductor Fernando Dente. <strong>\u201cA m\u00ed me gusta mucho el talento. Juega mucho al f\u00fatbol, jugaba mucho al f\u00fatbol\u201d, <\/strong>le respondi\u00f3 Asnicar.<\/p>\n<\/div>\n<div readability=\"36\">\n<p>Y all\u00ed, lanz\u00f3 la frase con la que defini\u00f3 el v\u00ednculo que tuvo con Tevez. <strong>\u201cFue como un gran crossover\u201d,<\/strong> revel\u00f3 Asnicar (NdeR: crossover es cuando se juntan dos personas que no te imagin\u00e1s que podr\u00edan estar juntas).<\/p>\n<\/div>\n<div readability=\"45.512711864407\">\n<p>Luego, en un juego del programa, denominado \u00abDente match\u00bb, donde hay que elegir entre dos personas, a la actriz le pusieron la foto de <a href=\"https:\/\/www.ole.com.ar\/tema\/carlos-tevez.html\" title=\"Carlos Tevez\" alt=\"Carlos Tevez\" class=\"slug\">Tevez<\/a> y, a su lado, la de Laura Esquivel, con quien protagoniz\u00f3 Patito Feo. En ese momento, <strong>Asnicar eligi\u00f3 a Carlitos. <\/strong>Luego le mostraron a Mat\u00edas Al\u00e9 junto al Apache, y tambi\u00e9n se qued\u00f3 con el ex futbolista. <strong>Fue finalmente Eva de Dominici, quien tambi\u00e9n fue parte de la recordada telenovela, la que le gan\u00f3 el puesto al jugador.<\/strong><\/p>\n<\/div>\n","protected":false},"excerpt":{"rendered":"<p>Mientras vest\u00eda la camiseta del Manchester City, all\u00e1 por 2010, Carlos Tevez tuvo una corta relaci\u00f3n con la actriz Brenda Asnicar. Y este jueves por la noche en el programa Noche al Dente, que se emite por Am\u00e9rica, la modelo de 31 a\u00f1os record\u00f3 c\u00f3mo fue su relaci\u00f3n con el Apache, con una frase muy [&hellip;]<\/p>\n","protected":false},"author":1,"featured_media":60647,"comment_status":"open","ping_status":"closed","sticky":false,"template":"","format":"standard","meta":[],"categories":[16],"tags":[],"_links":{"self":[{"href":"http:\/\/hoycordobaweb.com\/index.php\/wp-json\/wp\/v2\/posts\/60646"}],"collection":[{"href":"http:\/\/hoycordobaweb.com\/index.php\/wp-json\/wp\/v2\/posts"}],"about":[{"href":"http:\/\/hoycordobaweb.com\/index.php\/wp-json\/wp\/v2\/types\/post"}],"author":[{"embeddable":true,"href":"http:\/\/hoycordobaweb.com\/index.php\/wp-json\/wp\/v2\/users\/1"}],"replies":[{"embeddable":true,"href":"http:\/\/hoycordobaweb.com\/index.php\/wp-json\/wp\/v2\/comments?post=60646"}],"version-history":[{"count":0,"href":"http:\/\/hoycordobaweb.com\/index.php\/wp-json\/wp\/v2\/posts\/60646\/revisions"}],"wp:featuredmedia":[{"embeddable":true,"href":"http:\/\/hoycordobaweb.com\/index.php\/wp-json\/wp\/v2\/media\/60647"}],"wp:attachment":[{"href":"http:\/\/hoycordobaweb.com\/index.php\/wp-json\/wp\/v2\/media?parent=60646"}],"wp:term":[{"taxonomy":"category","embeddable":true,"href":"http:\/\/hoycordobaweb.com\/index.php\/wp-json\/wp\/v2\/categories?post=60646"},{"taxonomy":"post_tag","embeddable":true,"href":"http:\/\/hoycordobaweb.com\/index.php\/wp-json\/wp\/v2\/tags?post=60646"}],"curies":[{"name":"wp","href":"https:\/\/api.w.org\/{rel}","templated":true}]}}