{"id":60631,"date":"2023-05-26T23:06:00","date_gmt":"2023-05-26T23:06:00","guid":{"rendered":"http:\/\/hoycordobaweb.com\/index.php\/2023\/05\/26\/cerraron-en-espana-las-campanas-para-las-elecciones-regionales-del-domingo\/"},"modified":"2023-05-26T23:06:00","modified_gmt":"2023-05-26T23:06:00","slug":"cerraron-en-espana-las-campanas-para-las-elecciones-regionales-del-domingo","status":"publish","type":"post","link":"http:\/\/hoycordobaweb.com\/index.php\/2023\/05\/26\/cerraron-en-espana-las-campanas-para-las-elecciones-regionales-del-domingo\/","title":{"rendered":"Cerraron en Espa\u00f1a las campa\u00f1as para las elecciones regionales del domingo"},"content":{"rendered":"<p><img src=\"http:\/\/hoycordobaweb.com\/wp-content\/uploads\/2023\/05\/cerraron-en-espana-las-campanas-para-las-elecciones-regionales-del-domingo.jpg\"><\/p>\n<figure class=\"mb-3\"><img loading=\"lazy\" data-src=\"http:\/\/hoycordobaweb.com\/wp-content\/uploads\/2023\/05\/cerraron-en-espana-las-campanas-para-las-elecciones-regionales-del-domingo-2.jpg\" src=\"https:\/\/www.telam.com.ar\/assets\/img\/not_image.png\" class=\" lazy \" width=\"100%\" height=\"100%\" alt=\"El PSOE cerr su campaa en Barcelona Foto AFP\"><figcaption> El PSOE cerr\u00f3 su campa\u00f1a en Barcelona. Foto: AFP. <\/figcaption><\/figure>\n<p>Barcelona y Madrid fueron las plazas que el presidente Pedro S\u00e1nchez, por un lado, y los opositores Alberto N\u00fa\u00f1ez Feij\u00f3o e Isabel D\u00edaz Ayuso, por el otro, eligieron respectivamente para cerrar las campa\u00f1as con vistas a las elecciones regionales del domingo, en el final de un proceso en el que las denuncias por compra de votos por correo generaron un inusual ruido.<\/p>\n<p>A la presencia de S\u00e1nchez en Barcelona, una plaza que el Partido Socialista Obrero (Psoe) aspira a recuperar, el oficialismo sum\u00f3 un video en el que hizo un nuevo llamado a ir a las urnas \u00abhaga calor, fr\u00edo, llueva o nieve\u00bb.<\/p>\n<p>\u00abY es que hay quienes hemos votado siempre porque sabemos lo importante que es hacerlo. Porque hubo un tiempo, aunque te parezca mentira, en el que no lo hicimos. As\u00ed que haga calor, fr\u00edo, llueva o nieve. Hazlo\u00bb, se\u00f1ala la voz que representa a un veterano votante socialista en el video.<\/p>\n<p>Se trata de un mensaje en el que el socialismo viene insistiendo hace semanas para favorecer la concurrencia a las urnas el domingo.<\/p>\n<blockquote class><p>N\u00fa\u00f1ez Feij\u00f3o, del Partido Popular (PP), concluy\u00f3 la campa\u00f1a en Madrid junto al alcalde Jos\u00e9 Luis Mart\u00ednez Almeida y a D\u00edaz-Ayuso, presidenta regional<\/p><\/blockquote>\n<p>&nbsp;<br \/>S\u00e1nchez eligi\u00f3 estar en el d\u00eda del cierre justo al candidato Jaume Collboni, con el que los socialistas esperan cumplir uno de sus grandes objetivos de las elecciones: recuperar la alcald\u00eda de Barcelona, plaza que ostentaron entre 1979 y 2011.<\/p>\n<p>N\u00fa\u00f1ez Feij\u00f3o, del Partido Popular (PP), en tanto, concluy\u00f3 la campa\u00f1a en Madrid junto al alcalde Jos\u00e9 Luis Mart\u00ednez Almeida y a D\u00edaz-Ayuso, presidenta regional.<\/p>\n<p>El l\u00edder del PP reclam\u00f3 un \u00abvoto claro\u00bb a la oposici\u00f3n para poner \u00abfreno al sanchismo\u00bb que, advirti\u00f3, \u00abno tiene l\u00edmites\u00bb y \u00ablo ha manchado todo\u00bb.<\/p>\n<p>Exhort\u00f3 a los votantes de Ciudadanos, Vox y a los socialistas \u00abavergonzados\u00bb por la gesti\u00f3n de S\u00e1nchez a respaldar al PP, que no les va a \u00abdefraudar\u00bb.<\/p>\n<figure class=\"mb-3\"><img loading=\"lazy\" data-src=\"http:\/\/hoycordobaweb.com\/wp-content\/uploads\/2023\/05\/cerraron-en-espana-las-campanas-para-las-elecciones-regionales-del-domingo-3.jpg\" src=\"https:\/\/www.telam.com.ar\/assets\/img\/not_image.png\" class=\" lazy \" width=\"100%\" height=\"100%\" alt=\"La oposicin eligi Madrid para su cierre Foto AFP\"><figcaption> La oposici\u00f3n eligi\u00f3 Madrid para su cierre. Foto: AFP. <\/figcaption><\/figure>\n<p>\u00abNo os pido un cheque en blanco sino una oportunidad en nombre de mi partido, convencido de que no vamos a defraudar\u00bb, expres\u00f3, en un acto en el Palacio Municipal de Ifema.<\/p>\n<p>Los \u00faltimos d\u00edas de la campa\u00f1a estuvieron centrados en la resonancia que generaron las detenciones e investigaciones por compra de votos por correo, que empezaron en Melilla.<\/p>\n<p>Fuentes de la delegaci\u00f3n del gobierno de ese enclave en el norte de \u00c1frica dijeron que 10 personas fueron detenidas el lunes y el martes.<\/p>\n<p>En Moj\u00e1car, en un asunto similar no conectado con el de Melilla, el mi\u00e9rcoles se detuvo a siete personas por sospechas de compra de votos a cambio de dinero, inform\u00f3 la Guardia Civil. Y entre este jueves y viernes todos fueron puestos en libertad con cargos, de acuerdo al diario El Pa\u00eds.<\/p>\n<blockquote class><p>Para votar por correo en Espa\u00f1a hay que seguir tres pasos: solicitar un certificado de inscripci\u00f3n en el censo, recibirlo en casa, y proceder entonces a enviar la papeleta del partido al que se quiere votar<\/p><\/blockquote>\n<p>En Albudeite, fueron 13 los detenidos el jueves, tambi\u00e9n seg\u00fan la Guardia Civil, que fueron puestos en libertad con cargos, y hay dos personas m\u00e1s investigadas.<\/p>\n<p>Como los casos de Moj\u00e1car y Albudeite implican a miembros del Psoe, la oposici\u00f3n exigi\u00f3 explicaciones.<\/p>\n<p>\u00abLlevamos desde el d\u00eda de ayer perplejos, preocupados y sorprendidos por las denuncias que se est\u00e1n produciendo en muchos lugares de Espa\u00f1a\u00bb, lament\u00f3 este jueves N\u00fa\u00f1ez Feij\u00f3o, que reclam\u00f3 al presidente S\u00e1nchez que \u201cejerza su responsabilidad y aclare lo que est\u00e1 pasando\u00bb.<\/p>\n<p>N\u00fa\u00f1ez Feij\u00f3o insisti\u00f3: \u00abVamos a votar masivamente en contra de los que nos quieren enga\u00f1ar, en contra de los que hacen trampas y votando a favor de la libertad\u00bb.<\/p>\n<blockquote class=\"twitter-tweet\" readability=\"10.408637873754\">\n<p lang=\"es\" dir=\"ltr\">Somos el partido de las propuestas, de la dignidad, del respeto y de la justicia social, al servicio de los ciudadanos y ciudadanas. <\/p>\n<p>Por eso ganaremos las elecciones el pr\u00f3ximo <a href=\"https:\/\/twitter.com\/hashtag\/28M?src=hash&amp;ref_src=twsrc%5Etfw\">#28M<\/a>.<\/p>\n<p>Vota PSOE para avanzar.<a href=\"https:\/\/twitter.com\/hashtag\/LoQueVotasImporta?src=hash&amp;ref_src=twsrc%5Etfw\">#LoQueVotasImporta<\/a> <a href=\"https:\/\/t.co\/aIxxSljzVv\">pic.twitter.com\/aIxxSljzVv<\/a><\/p>\n<p>\u2014 Pedro S\u00e1nchez (@sanchezcastejon) <a href=\"https:\/\/twitter.com\/sanchezcastejon\/status\/1662212274050695169?ref_src=twsrc%5Etfw\">May 26, 2023<\/a><\/p><\/blockquote>\n<p>El titular de la encuestadora GAD3, Narciso Michavila, citado por la agencia AFP, minimiz\u00f3 en la radio p\u00fablica RNE el posible impacto de estos esc\u00e1ndalos de \u00faltima hora.<\/p>\n<p>Para votar por correo en Espa\u00f1a hay que seguir tres pasos: solicitar un certificado de inscripci\u00f3n en el censo, recibirlo en casa, y proceder entonces a enviar la papeleta del partido al que se quiere votar.<\/p>\n<p>Para los dos primeros es necesario presentar el documento nacional de identidad, pero no para el tercero, que es donde se est\u00e1n produciendo los fraudes.<\/p>\n<p>A N\u00fa\u00f1ez Feij\u00f3o, a su vez, lo atac\u00f3 el l\u00edder del ultraderechista Vox, Santiago Abascal, que lo acus\u00f3 de \u201cmendigar\u201d un pacto con el Psoe, actitud que, si no cambia, lo convertir\u00e1 en \u201cun peligro para Espa\u00f1a y para la unidad nacional\u201d.<\/p>\n<p>Abascal eligi\u00f3 Toledo para el \u00faltimo acto de campa\u00f1a como s\u00edmbolo de sus esperanzas por lograr un resultado que permita desbancar al socialista Emiliano Garc\u00eda-Page de la Junta de Castilla-La Mancha, y desde all\u00ed pidi\u00f3 el respaldo a Vox, \u00abel \u00fanico voto seguro\u00bb.<\/p>\n<blockquote class=\"twitter-tweet\" readability=\"2.7027027027027\">\n<p lang=\"es\" dir=\"ltr\">El 28 de mayo va a ser un gran d\u00eda.<a href=\"https:\/\/twitter.com\/hashtag\/TuVotoTieneUnGranPapel?src=hash&amp;ref_src=twsrc%5Etfw\">#TuVotoTieneUnGranPapel<\/a><a href=\"https:\/\/twitter.com\/hashtag\/VotaPP?src=hash&amp;ref_src=twsrc%5Etfw\">#VotaPP<\/a> <a href=\"https:\/\/t.co\/1iUrEHpGLO\">pic.twitter.com\/1iUrEHpGLO<\/a><\/p>\n<p>\u2014 Alberto N\u00fa\u00f1ez Feij\u00f3o (@NunezFeijoo) <a href=\"https:\/\/twitter.com\/NunezFeijoo\/status\/1662201862605373442?ref_src=twsrc%5Etfw\">May 26, 2023<\/a><\/p><\/blockquote>\n<p>El esc\u00e1ndalo de la compra de votos no fue la \u00fanica pol\u00e9mica de la campa\u00f1a en que se renovar\u00e1n los gobiernos de los m\u00e1s de 8.000 municipios y los parlamentos de 12 de las 17 comunidades aut\u00f3nomas.<\/p>\n<p>La inclusi\u00f3n de exmiembros de la organizaci\u00f3n armada vasca ETA en las listas electorales de los independentistas de EH Bildu dio paso al rechazo de las asociaciones de v\u00edctimas. Varios de esos candidatos anunciaron luego que no asumir\u00edan las concejal\u00edas si resultaran electos. <\/p>\n","protected":false},"excerpt":{"rendered":"<p>El PSOE cerr\u00f3 su campa\u00f1a en Barcelona. Foto: AFP. Barcelona y Madrid fueron las plazas que el presidente Pedro S\u00e1nchez, por un lado, y los opositores Alberto N\u00fa\u00f1ez Feij\u00f3o e Isabel D\u00edaz Ayuso, por el otro, eligieron respectivamente para cerrar las campa\u00f1as con vistas a las elecciones regionales del domingo, en el final de un [&hellip;]<\/p>\n","protected":false},"author":1,"featured_media":60632,"comment_status":"open","ping_status":"closed","sticky":false,"template":"","format":"standard","meta":[],"categories":[24],"tags":[],"_links":{"self":[{"href":"http:\/\/hoycordobaweb.com\/index.php\/wp-json\/wp\/v2\/posts\/60631"}],"collection":[{"href":"http:\/\/hoycordobaweb.com\/index.php\/wp-json\/wp\/v2\/posts"}],"about":[{"href":"http:\/\/hoycordobaweb.com\/index.php\/wp-json\/wp\/v2\/types\/post"}],"author":[{"embeddable":true,"href":"http:\/\/hoycordobaweb.com\/index.php\/wp-json\/wp\/v2\/users\/1"}],"replies":[{"embeddable":true,"href":"http:\/\/hoycordobaweb.com\/index.php\/wp-json\/wp\/v2\/comments?post=60631"}],"version-history":[{"count":0,"href":"http:\/\/hoycordobaweb.com\/index.php\/wp-json\/wp\/v2\/posts\/60631\/revisions"}],"wp:featuredmedia":[{"embeddable":true,"href":"http:\/\/hoycordobaweb.com\/index.php\/wp-json\/wp\/v2\/media\/60632"}],"wp:attachment":[{"href":"http:\/\/hoycordobaweb.com\/index.php\/wp-json\/wp\/v2\/media?parent=60631"}],"wp:term":[{"taxonomy":"category","embeddable":true,"href":"http:\/\/hoycordobaweb.com\/index.php\/wp-json\/wp\/v2\/categories?post=60631"},{"taxonomy":"post_tag","embeddable":true,"href":"http:\/\/hoycordobaweb.com\/index.php\/wp-json\/wp\/v2\/tags?post=60631"}],"curies":[{"name":"wp","href":"https:\/\/api.w.org\/{rel}","templated":true}]}}