{"id":60627,"date":"2023-05-26T23:24:16","date_gmt":"2023-05-26T23:24:16","guid":{"rendered":"http:\/\/hoycordobaweb.com\/index.php\/2023\/05\/26\/la-historia-argentina-de-luka-romero-sus-vacaciones-en-quilmes-el-pasado-de-su-padre\/"},"modified":"2023-05-26T23:24:16","modified_gmt":"2023-05-26T23:24:16","slug":"la-historia-argentina-de-luka-romero-sus-vacaciones-en-quilmes-el-pasado-de-su-padre","status":"publish","type":"post","link":"http:\/\/hoycordobaweb.com\/index.php\/2023\/05\/26\/la-historia-argentina-de-luka-romero-sus-vacaciones-en-quilmes-el-pasado-de-su-padre\/","title":{"rendered":"La historia <b>argentina<\/b> de Luka Romero: sus vacaciones en Quilmes, el pasado de su padre &#8230;"},"content":{"rendered":"<p>&#8230; Quilmes y sus t\u00edos tambi\u00e9n estuvieron ligados al <b>f\u00fatbol<\/b> en ese club. &#8230; Luka Romero vivi\u00f3 apenas unos pocos meses en <b>Argentina<\/b> cuando era un&nbsp;&#8230; <\/p>\n","protected":false},"excerpt":{"rendered":"<p>&#8230; Quilmes y sus t\u00edos tambi\u00e9n estuvieron ligados al f\u00fatbol en ese club. &#8230; Luka Romero vivi\u00f3 apenas unos pocos meses en Argentina cuando era un&nbsp;&#8230;<\/p>\n","protected":false},"author":1,"featured_media":0,"comment_status":"closed","ping_status":"closed","sticky":false,"template":"","format":"standard","meta":[],"categories":[22],"tags":[],"_links":{"self":[{"href":"http:\/\/hoycordobaweb.com\/index.php\/wp-json\/wp\/v2\/posts\/60627"}],"collection":[{"href":"http:\/\/hoycordobaweb.com\/index.php\/wp-json\/wp\/v2\/posts"}],"about":[{"href":"http:\/\/hoycordobaweb.com\/index.php\/wp-json\/wp\/v2\/types\/post"}],"author":[{"embeddable":true,"href":"http:\/\/hoycordobaweb.com\/index.php\/wp-json\/wp\/v2\/users\/1"}],"replies":[{"embeddable":true,"href":"http:\/\/hoycordobaweb.com\/index.php\/wp-json\/wp\/v2\/comments?post=60627"}],"version-history":[{"count":0,"href":"http:\/\/hoycordobaweb.com\/index.php\/wp-json\/wp\/v2\/posts\/60627\/revisions"}],"wp:attachment":[{"href":"http:\/\/hoycordobaweb.com\/index.php\/wp-json\/wp\/v2\/media?parent=60627"}],"wp:term":[{"taxonomy":"category","embeddable":true,"href":"http:\/\/hoycordobaweb.com\/index.php\/wp-json\/wp\/v2\/categories?post=60627"},{"taxonomy":"post_tag","embeddable":true,"href":"http:\/\/hoycordobaweb.com\/index.php\/wp-json\/wp\/v2\/tags?post=60627"}],"curies":[{"name":"wp","href":"https:\/\/api.w.org\/{rel}","templated":true}]}}