{"id":60618,"date":"2023-05-26T17:00:16","date_gmt":"2023-05-26T17:00:16","guid":{"rendered":"https:\/\/www.espinof.com\/criticas\/cine-como-balsamo-alma-complicado-regreso-victor-erice-cerrar-ojos-festival-cannes-2023"},"modified":"2023-05-26T17:00:16","modified_gmt":"2023-05-26T17:00:16","slug":"el-cine-como-balsamo-del-alma-el-complicado-regreso-de-victor-erice-en-cerrar-los-ojos-festival-de-cannes-2023","status":"publish","type":"post","link":"http:\/\/hoycordobaweb.com\/index.php\/2023\/05\/26\/el-cine-como-balsamo-del-alma-el-complicado-regreso-de-victor-erice-en-cerrar-los-ojos-festival-de-cannes-2023\/","title":{"rendered":"El cine como b\u00e1lsamo del alma: el complicado regreso de V\u00edctor Erice en &#8216;Cerrar los ojos&#8217; (Festival de Cannes 2023)"},"content":{"rendered":"<p>Se respiraba la emoci\u00f3n en la sala Debussy durante una de las noches m\u00e1s esperadas del <a href=\"https:\/\/www.espinof.com\/tag\/festival-de-cannes-2023\">76 Festival de Cannes<\/a>: por fin llegaba el momento de descubrir &#8216;<strong>Cerrar los ojos<\/strong>&#8216;, la nueva pel\u00edcula de <strong>V\u00edctor Erice, 31 a\u00f1os despu\u00e9s<\/strong> de &#8216;El sol del membrillo&#8217; (1992). La conversaci\u00f3n previa estaba marcada por el entusiasmo pero tambi\u00e9n por la cautela debido al prolongado retiro del artista de 82 a\u00f1os y la extra\u00f1a ausencia de su trabajo en Secci\u00f3n Oficial. De hecho, Erice no acudi\u00f3 a Cannes.<\/p>\n<p><!-- BREAK 1 --><\/p>\n<p>El inicio de su nueva obra es de lo m\u00e1s <strong>desconcertante<\/strong>: al estilo de un <em>noir<\/em> cl\u00e1sico de Hollywood, <strong>Jos\u00e9 Coronado<\/strong> llega como un Humphrey Bogart a la mansi\u00f3n francesa de un se\u00f1or exc\u00e9ntrico que se ha llamado a s\u00ed mismo \u00abRey Triste\u00bb (<strong>Josep Maria Pou<\/strong>) y que vive solo junto a un fiel mayordomo chino que lleva gafas de sol. Por supuesto, se ponen a fumar.<\/p>\n<p><!-- BREAK 2 --> <\/p>\n<p>Tiene lugar una extra\u00f1a conversaci\u00f3n <strong>muy teatral<\/strong> donde ese Rey Triste cuenta parte de su historia y encarga al Bogart espa\u00f1ol que encuentre a su hija para sentir \u00absu mirada\u00bb por \u00faltima vez. Lo manda ni m\u00e1s ni menos que a Shanghai (gui\u00f1o a &#8216;La promesa de Shanghai&#8217;, <a href=\"https:\/\/elpais.com\/diario\/2001\/11\/07\/cultura\/1005087610_850215.html\" rel=\"noopener noreferrer\" data-id=\"noopener noreferrer\">adaptaci\u00f3n frustrada<\/a> de Erice). Cuando uno ya se ha acomodado en la butaca ante esta extra\u00f1a premisa, llega un volantazo: este pr\u00f3logo es parte de otra pel\u00edcula dentro de la ficci\u00f3n, un proyecto inacabado tras la <strong>misteriosa desaparici\u00f3n de su protagonista<\/strong>.<\/p>\n<p><!-- BREAK 3 --><\/p>\n<h2>Historias y sensaciones de un artista oxidado<\/h2>\n<p>Sinceramente, respir\u00e9 con alivio cuando &#8216;Cerrar los ojos&#8217; volvi\u00f3 a empezar, pensando que esos <strong>di\u00e1logos tan forzados y literarios, y esas actuaciones y con gestos tan artificiales <\/strong>eran parte m\u00e1s o menos l\u00f3gica de un intento por recrear un material antiguo, subrayando su diferencia y la condici\u00f3n de reliquia. Pero no. Ese es el tono en el que van a hablar casi todos los personajes de la pel\u00edcula, regada por una voz en off que aporta aclaraciones y reflexiones. Se hace pesado de escuchar durante <strong>169 minutos<\/strong>.<\/p>\n<p><!-- BREAK 4 --><\/p>\n<div class=\"article-asset article-asset-normal article-asset-center\">\n<div class=\"desvio-container\">\n<div class=\"desvio\">\n<div class=\"desvio-figure js-desvio-figure\"> <a href=\"https:\/\/www.espinof.com\/criticas\/morte-rouge-condensa-mejor-victor-erice-precioso-ensayo-poder-espectral-cine\"> <img alt=\"'La Morte Rouge' condensa lo mejor de V\u00edctor Erice: un precioso ensayo sobre el poder espectral del cine\" src=\"http:\/\/hoycordobaweb.com\/wp-content\/uploads\/2023\/05\/el-cine-como-balsamo-del-alma-el-complicado-regreso-de-victor-erice-en-cerrar-los-ojos-festival-de-cannes-2023.jpg\"> <\/a> <\/div><\/div><\/div>\n<\/div>\n<p>Afortunadamente, Erice tiene a sus \u00f3rdenes un <strong>estupendo reparto<\/strong> que, a pesar de tener que <strong>declamar<\/strong> las l\u00edneas del guion como si estuvieran sobre un escenario en directo, insuflan de vida a gran parte de la pel\u00edcula, que tiene <strong>ideas hermosas<\/strong> y momentos muy inspirados, pero que a menudo parece el ensayo de una representaci\u00f3n teatral. <strong>Manolo Solo<\/strong> se apodera de su personaje y sostiene sobre sus hombros esta complicada e irregular narrativa, incluso durante el tramo m\u00e1s rid\u00edculo de la pel\u00edcula: la realizaci\u00f3n de un programa de televisi\u00f3n que queda totalmente inveros\u00edmil en pantalla.<\/p>\n<p><!-- BREAK 5 --><\/p>\n<div class=\"article-asset-image article-asset-normal article-asset-center\">\n<div class=\"asset-content\">\n<div class=\"base-wrapper-image\"> <img class=\"sf-lazy centro_sinmarco\" src=\"http:\/\/hoycordobaweb.com\/wp-content\/uploads\/2023\/05\/el-cine-como-balsamo-del-alma-el-complicado-regreso-de-victor-erice-en-cerrar-los-ojos-festival-de-cannes-2023.gif\" data-sf-srcset=\"http:\/\/hoycordobaweb.com\/wp-content\/uploads\/2023\/05\/el-cine-como-balsamo-del-alma-el-complicado-regreso-de-victor-erice-en-cerrar-los-ojos-festival-de-cannes-2023-1.jpg 450w, http:\/\/hoycordobaweb.com\/wp-content\/uploads\/2023\/05\/el-cine-como-balsamo-del-alma-el-complicado-regreso-de-victor-erice-en-cerrar-los-ojos-festival-de-cannes-2023-5.jpg 681w,http:\/\/hoycordobaweb.com\/wp-content\/uploads\/2023\/05\/el-cine-como-balsamo-del-alma-el-complicado-regreso-de-victor-erice-en-cerrar-los-ojos-festival-de-cannes-2023-6.jpg 1024w, http:\/\/hoycordobaweb.com\/wp-content\/uploads\/2023\/05\/el-cine-como-balsamo-del-alma-el-complicado-regreso-de-victor-erice-en-cerrar-los-ojos-festival-de-cannes-2023-7.jpg 1366w,\" data-sf-src=\"http:\/\/hoycordobaweb.com\/wp-content\/uploads\/2023\/05\/el-cine-como-balsamo-del-alma-el-complicado-regreso-de-victor-erice-en-cerrar-los-ojos-festival-de-cannes-2023-1.jpg\" alt=\"Cerrar Los Ojos\"> <noscript><img alt=\"Cerrar Los Ojos\" class=\"centro_sinmarco\" src=\"http:\/\/hoycordobaweb.com\/wp-content\/uploads\/2023\/05\/el-cine-como-balsamo-del-alma-el-complicado-regreso-de-victor-erice-en-cerrar-los-ojos-festival-de-cannes-2023-1.jpg\"><\/noscript> <\/div><\/div>\n<\/div>\n<p><strong>Jos\u00e9 Coronado<\/strong> tiene el otro papel m\u00e1s exigente de la pel\u00edcula, el amigo y actor que desaparece y funciona como excusa para desarrollar toda la historia. Su material como el gal\u00e1n Julio Arenas es tan acartonado como las frases que recita pero borda la faceta m\u00e1s dram\u00e1tica y humana de su personaje, ese se\u00f1or an\u00f3nimo y reservado de mirada enigm\u00e1tica; tiene junto a Solo las escenas m\u00e1s inspiradas de la pel\u00edcula. Incluyendo ese <strong>tramo final que es maravilloso, sin duda lo mejor de la pel\u00edcula.<\/strong><\/p>\n<p><!-- BREAK 6 --><\/p>\n<h2>&#8216;Cerrar los ojos&#8217;: la vida es cine, y el cine es vida<\/h2>\n<p>De hecho, la historia es bonita, la b\u00fasqueda de un amigo que conlleva reabrir heridas, una investigaci\u00f3n y relectura del pasado, reflexiones sobre la memoria o la identidad (hay un divertido juego de nombres alternativos), las experiencias o relaciones que nos moldean. Pero, sobre todo, es otra <strong>carta de amor al cine<\/strong> escrita por un V\u00edctor Erice melanc\u00f3lico que parece estar entregando su testamento cinematogr\u00e1fico, donde re\u00fane todo lo que le ha obsesionado como cin\u00e9filo y creador.<\/p>\n<p><!-- BREAK 7 --><\/p>\n<div class=\"article-asset article-asset-normal article-asset-center\">\n<div class=\"desvio-container\">\n<div class=\"desvio\">\n<div class=\"desvio-figure js-desvio-figure\"> <a href=\"https:\/\/www.espinof.com\/criticas\/killers-of-the-flower-moon-obra-maestra-martin-scorsese-hace-brillar-a-leonardo-dicaprio-robert-niro-colosal-western-que-ha-estrenado-festival-cannes-2023\"> <img alt=\"'Killers of the Flower Moon' es una obra maestra: Martin Scorsese hace brillar a Leonardo DiCaprio y Robert de Niro en el colosal western que se ha estrenado en el Festival de Cannes 2023\" src=\"http:\/\/hoycordobaweb.com\/wp-content\/uploads\/2023\/05\/el-cine-como-balsamo-del-alma-el-complicado-regreso-de-victor-erice-en-cerrar-los-ojos-festival-de-cannes-2023-2.jpg\"> <\/a> <\/div><\/div><\/div>\n<\/div>\n<p>&#8216;Cerrar los ojos&#8217; transmite la fascinaci\u00f3n por el cine, la reivindicaci\u00f3n de su magia y de su poder para conectar con el alma humana. Viene a recordar que <strong>esas im\u00e1genes fantasmag\u00f3ricas pueden devolvernos la vida, pueden salvarnos<\/strong>. Y como amante del s\u00e9ptimo arte, solo puedo aplaudir. De hecho, todos los presentes en la proyecci\u00f3n aplaudimos con fuerza a los miembros del equipo de la pel\u00edcula que acudieron a la proyecci\u00f3n en Cannes. Erice no estaba pero s\u00ed varios de los actores y responsables de una pel\u00edcula muy imperfecta pero que va a quedar como un tesoro de la cinematograf\u00eda espa\u00f1ola.<\/p>\n<p><!-- BREAK 8 --><\/p>\n<div class=\"article-asset-image article-asset-large\">\n<div class=\"asset-content\">\n<div class=\"base-wrapper-image\"> <img class=\"sf-lazy \" src=\"http:\/\/hoycordobaweb.com\/wp-content\/uploads\/2023\/05\/el-cine-como-balsamo-del-alma-el-complicado-regreso-de-victor-erice-en-cerrar-los-ojos-festival-de-cannes-2023.gif\" data-sf-srcset=\"http:\/\/hoycordobaweb.com\/wp-content\/uploads\/2023\/05\/el-cine-como-balsamo-del-alma-el-complicado-regreso-de-victor-erice-en-cerrar-los-ojos-festival-de-cannes-2023-3.jpg 450w, http:\/\/hoycordobaweb.com\/wp-content\/uploads\/2023\/05\/el-cine-como-balsamo-del-alma-el-complicado-regreso-de-victor-erice-en-cerrar-los-ojos-festival-de-cannes-2023-8.jpg 681w,http:\/\/hoycordobaweb.com\/wp-content\/uploads\/2023\/05\/el-cine-como-balsamo-del-alma-el-complicado-regreso-de-victor-erice-en-cerrar-los-ojos-festival-de-cannes-2023-9.jpg 1024w, http:\/\/hoycordobaweb.com\/wp-content\/uploads\/2023\/05\/el-cine-como-balsamo-del-alma-el-complicado-regreso-de-victor-erice-en-cerrar-los-ojos-festival-de-cannes-2023-10.jpg 1366w,\" data-sf-src=\"http:\/\/hoycordobaweb.com\/wp-content\/uploads\/2023\/05\/el-cine-como-balsamo-del-alma-el-complicado-regreso-de-victor-erice-en-cerrar-los-ojos-festival-de-cannes-2023-3.jpg\" alt=\"V\u00edctor Erice y Ana Torrent en el rodaje\"> <noscript><img alt=\"V\u00edctor Erice y Ana Torrent en el rodaje\" class src=\"http:\/\/hoycordobaweb.com\/wp-content\/uploads\/2023\/05\/el-cine-como-balsamo-del-alma-el-complicado-regreso-de-victor-erice-en-cerrar-los-ojos-festival-de-cannes-2023-3.jpg\"><\/noscript> <\/div><\/div>\n<\/div>\n<p>Cuesti\u00f3n aparte es <strong>el montaje de un largometraje excesivo, agotador, muy expositivo<\/strong>; deja la sensaci\u00f3n de edici\u00f3n inacabada, por pulir. M\u00e1s all\u00e1 de escenas de duraci\u00f3n cuestionable, hay detalles como, por ejemplo, incluir una llamada telef\u00f3nica con problemas de conexi\u00f3n que obligan a repetirla en otro escenario para luego aclarar lo hablado. O explicar acciones con informaci\u00f3n irrelevante. O dejar las despedidas de personajes que se van a dormir, incluyendo c\u00f3mo se levantan y se marchan. Es como mantener toda la acci\u00f3n de alguien que se acerca a una puerta, la abre, la cruza y la cierra; ya entendemos qu\u00e9 ocurre, no hace falta ver todo el proceso. Repito: casi 3 horas de pel\u00edcula.<\/p>\n<p><!-- BREAK 9 --><\/p>\n<p>En resumen, el esperad\u00edsimo regreso de V\u00edctor Erice en &#8216;Cerrar los ojos&#8217;, que aparentemente apunta a despedida definitiva, deja <strong>suficientes razones para quedar conmovido y disfrutar una vez m\u00e1s de la sensibilidad del artista<\/strong>, pero creo que tambi\u00e9n exige una posici\u00f3n de rendici\u00f3n total a una <strong>narrativa oxidada<\/strong>, una actitud de pasar por alto y disculpar todo lo que no funciona. Merece la pena llegar hasta el final pero el viaje es complicado. Quiz\u00e1 no es mala idea verla con un refresco y chucher\u00edas a mano, con la misma calma con la que act\u00faan los personajes.<\/p>\n<p><!-- BREAK 10 --><\/p>\n<p>En Espinof | <a href=\"https:\/\/www.espinof.com\/criticas\/elena-martin-su-creatura-sacuden-festival-cannes-2023-su-divertida-exploracion-placer-sexual-mujer-sus-tabues\">Elena Mart\u00edn y su &#8216;Creatura&#8217; sacuden el Festival de Cannes 2023 con su divertida exploraci\u00f3n sobre el placer sexual de la mujer y sus tab\u00faes<\/a><\/p>\n<p><!-- BREAK 11 --> <\/p>\n","protected":false},"excerpt":{"rendered":"<p>Se respiraba la emoci\u00f3n en la sala Debussy durante una de las noches m\u00e1s esperadas del 76 Festival de Cannes: por fin llegaba el momento de descubrir &#8216;Cerrar los ojos&#8216;, la nueva pel\u00edcula de V\u00edctor Erice, 31 a\u00f1os despu\u00e9s de &#8216;El sol del membrillo&#8217; (1992). La conversaci\u00f3n previa estaba marcada por el entusiasmo pero tambi\u00e9n [&hellip;]<\/p>\n","protected":false},"author":1,"featured_media":60619,"comment_status":"open","ping_status":"closed","sticky":false,"template":"","format":"standard","meta":[],"categories":[10],"tags":[],"_links":{"self":[{"href":"http:\/\/hoycordobaweb.com\/index.php\/wp-json\/wp\/v2\/posts\/60618"}],"collection":[{"href":"http:\/\/hoycordobaweb.com\/index.php\/wp-json\/wp\/v2\/posts"}],"about":[{"href":"http:\/\/hoycordobaweb.com\/index.php\/wp-json\/wp\/v2\/types\/post"}],"author":[{"embeddable":true,"href":"http:\/\/hoycordobaweb.com\/index.php\/wp-json\/wp\/v2\/users\/1"}],"replies":[{"embeddable":true,"href":"http:\/\/hoycordobaweb.com\/index.php\/wp-json\/wp\/v2\/comments?post=60618"}],"version-history":[{"count":0,"href":"http:\/\/hoycordobaweb.com\/index.php\/wp-json\/wp\/v2\/posts\/60618\/revisions"}],"wp:featuredmedia":[{"embeddable":true,"href":"http:\/\/hoycordobaweb.com\/index.php\/wp-json\/wp\/v2\/media\/60619"}],"wp:attachment":[{"href":"http:\/\/hoycordobaweb.com\/index.php\/wp-json\/wp\/v2\/media?parent=60618"}],"wp:term":[{"taxonomy":"category","embeddable":true,"href":"http:\/\/hoycordobaweb.com\/index.php\/wp-json\/wp\/v2\/categories?post=60618"},{"taxonomy":"post_tag","embeddable":true,"href":"http:\/\/hoycordobaweb.com\/index.php\/wp-json\/wp\/v2\/tags?post=60618"}],"curies":[{"name":"wp","href":"https:\/\/api.w.org\/{rel}","templated":true}]}}