{"id":60616,"date":"2023-05-26T15:36:00","date_gmt":"2023-05-26T15:36:00","guid":{"rendered":"http:\/\/hoycordobaweb.com\/index.php\/2023\/05\/26\/francisco-cerundolo-es-finalista-en-lyon\/"},"modified":"2023-05-26T15:36:00","modified_gmt":"2023-05-26T15:36:00","slug":"francisco-cerundolo-es-finalista-en-lyon","status":"publish","type":"post","link":"http:\/\/hoycordobaweb.com\/index.php\/2023\/05\/26\/francisco-cerundolo-es-finalista-en-lyon\/","title":{"rendered":"Francisco Cer\u00fandolo es finalista en Lyon"},"content":{"rendered":"<p><img src=\"http:\/\/hoycordobaweb.com\/wp-content\/uploads\/2023\/05\/francisco-cerundolo-es-finalista-en-lyon.jpg\"><\/p>\n<figure class=\"mb-3\"><img loading=\"lazy\" data-src=\"http:\/\/hoycordobaweb.com\/wp-content\/uploads\/2023\/05\/francisco-cerundolo-es-finalista-en-lyon-2.jpg\" src=\"https:\/\/www.telam.com.ar\/assets\/img\/not_image.png\" class=\" lazy \" width=\"100%\" height=\"100%\" alt=\"Cerndolo se clasific para su primera final del ao Foto archivo\"><figcaption> Cer\u00fandolo se clasific\u00f3 para su primera final del a\u00f1o. Foto. archivo. <\/figcaption><\/figure>\n<p>El tenista argentino Francisco <strong>Cer\u00fandolo se clasific\u00f3 para su primera final del a\u00f1o<\/strong> y la tercera en su carrera, esta vez en el ATP 250 de Lyon, en Francia, tras arrollar en sets corridos al brit\u00e1nico Cameron Norrie por 6-3 y 6-0.<\/p>\n<p>\u00abFran\u00bb Cer\u00fandolo, ubicado en el puesto 28 del ranking mundial de la ATP, venci\u00f3 con un tenis avasallante en una hora y 12 minutos a Norrie (14), segundo favorito y defensor del t\u00edtulo en Lyon.<\/p>\n<p>El argentino ya le hab\u00eda ganado al brit\u00e1nico este a\u00f1o en la segunda ronda del Masters 1000 de Montecarlo y hab\u00eda perdido en la edici\u00f3n 2022 de Lyon, esa vez en los octavos de final.<\/p>\n<blockquote class=\"twitter-tweet\" readability=\"3.8423645320197\">\n<p lang=\"en\" dir=\"ltr\">Francisco \u23e9\ufe0f Final!<a href=\"https:\/\/twitter.com\/FranCerundolo?ref_src=twsrc%5Etfw\">@FranCerundolo<\/a>&#8216;s clinical display sends him into the final after getting past Norrie 6-3 6-0!<a href=\"https:\/\/twitter.com\/OpenParcARA?ref_src=twsrc%5Etfw\">@OpenParcARA<\/a> | <a href=\"https:\/\/twitter.com\/hashtag\/OpenParc?src=hash&amp;ref_src=twsrc%5Etfw\">#OpenParc<\/a> <a href=\"https:\/\/t.co\/X5YW8Cfjh4\">pic.twitter.com\/X5YW8Cfjh4<\/a><\/p>\n<p>\u2014 ATP Tour (@atptour) <a href=\"https:\/\/twitter.com\/atptour\/status\/1662098668604870657?ref_src=twsrc%5Etfw\">May 26, 2023<\/a><\/p><\/blockquote>\n<p>Cer\u00fandolo, de 24 a\u00f1os, ir\u00e1 en busca del t\u00edtulo este s\u00e1bado ante el ganador de la semifinal que animaban m\u00e1s tarde el franc\u00e9s Arthur Fils (112) y el estadounidense Brando Nakashima (52).<\/p>\n<p><strong>Cer\u00fandolo jugar\u00e1 la tercera final de su carrera <\/strong>tras haber alzado el t\u00edtulo el a\u00f1o pasado en el ATP sueco de Bastad y perdido la definici\u00f3n del Argentina Open en 2021 ante su compatriota Diego Schwartzman.<\/p>\n<p>\u00abGran nivel hoy!! Muy contento con el pase a la final!! Vamos ma\u00f1ana !!\u00bb, public\u00f3 \u00abFran\u00bb en su cuenta de la red social Twitter, poco despu\u00e9s de su victoria.<\/p>\n<p>El ATP 250 de Lyon se juega sobre superficie de polvo de ladrillo, <strong>repartir\u00e1 premios por 630.705 euros y es la antesala de Roland Garros<\/strong>, el segundo torneo de Grand Slam del a\u00f1o que se jugar\u00e1 en Par\u00eds desde el domingo pr\u00f3ximo con la presencia confirmada de 10 argentinos, uno de ellos Cer\u00fandolo. <\/p>\n","protected":false},"excerpt":{"rendered":"<p>Cer\u00fandolo se clasific\u00f3 para su primera final del a\u00f1o. Foto. archivo. El tenista argentino Francisco Cer\u00fandolo se clasific\u00f3 para su primera final del a\u00f1o y la tercera en su carrera, esta vez en el ATP 250 de Lyon, en Francia, tras arrollar en sets corridos al brit\u00e1nico Cameron Norrie por 6-3 y 6-0. \u00abFran\u00bb Cer\u00fandolo, [&hellip;]<\/p>\n","protected":false},"author":1,"featured_media":60617,"comment_status":"open","ping_status":"closed","sticky":false,"template":"","format":"standard","meta":[],"categories":[16],"tags":[],"_links":{"self":[{"href":"http:\/\/hoycordobaweb.com\/index.php\/wp-json\/wp\/v2\/posts\/60616"}],"collection":[{"href":"http:\/\/hoycordobaweb.com\/index.php\/wp-json\/wp\/v2\/posts"}],"about":[{"href":"http:\/\/hoycordobaweb.com\/index.php\/wp-json\/wp\/v2\/types\/post"}],"author":[{"embeddable":true,"href":"http:\/\/hoycordobaweb.com\/index.php\/wp-json\/wp\/v2\/users\/1"}],"replies":[{"embeddable":true,"href":"http:\/\/hoycordobaweb.com\/index.php\/wp-json\/wp\/v2\/comments?post=60616"}],"version-history":[{"count":0,"href":"http:\/\/hoycordobaweb.com\/index.php\/wp-json\/wp\/v2\/posts\/60616\/revisions"}],"wp:featuredmedia":[{"embeddable":true,"href":"http:\/\/hoycordobaweb.com\/index.php\/wp-json\/wp\/v2\/media\/60617"}],"wp:attachment":[{"href":"http:\/\/hoycordobaweb.com\/index.php\/wp-json\/wp\/v2\/media?parent=60616"}],"wp:term":[{"taxonomy":"category","embeddable":true,"href":"http:\/\/hoycordobaweb.com\/index.php\/wp-json\/wp\/v2\/categories?post=60616"},{"taxonomy":"post_tag","embeddable":true,"href":"http:\/\/hoycordobaweb.com\/index.php\/wp-json\/wp\/v2\/tags?post=60616"}],"curies":[{"name":"wp","href":"https:\/\/api.w.org\/{rel}","templated":true}]}}