{"id":60600,"date":"2023-05-25T12:26:47","date_gmt":"2023-05-25T12:26:47","guid":{"rendered":"https:\/\/www.mujerhoy.com\/moda\/no-te-pierdas\/reina-letizia-look-pantalones-blancos-alpargatas-comodas-confirmacion-infanta-sofia-20230525130117-nt.html"},"modified":"2023-05-25T12:26:47","modified_gmt":"2023-05-25T12:26:47","slug":"la-reina-letizia-impecable-en-la-confirmacion-de-la-infanta-sofia-alpargatas-comodas-y-pantalones-blancos-en-un-look-elegante","status":"publish","type":"post","link":"http:\/\/hoycordobaweb.com\/index.php\/2023\/05\/25\/la-reina-letizia-impecable-en-la-confirmacion-de-la-infanta-sofia-alpargatas-comodas-y-pantalones-blancos-en-un-look-elegante\/","title":{"rendered":"La reina Letizia, impecable en la confirmaci\u00f3n de la infanta Sof\u00eda: alpargatas c\u00f3modas y pantalones blancos en un look elegante"},"content":{"rendered":"<p><!-- AUTHOR --><\/p>\n<div class=\"voc-author-timesocial \"><!-- AUTHOR --><\/p>\n<div class=\"voc-author-timesocial__signature\"><!-- IMAGE AUTHOR --><picture class=\"voc-image-signature\"><img class=\"voc-image-signature__img\" src=\"http:\/\/hoycordobaweb.com\/wp-content\/uploads\/2023\/05\/la-reina-letizia-impecable-en-la-confirmacion-de-la-infanta-sofia-alpargatas-comodas-y-pantalones-blancos-en-un-look-elegante.jpg\" alt=\"Raquel Rodr\u00edguez\"><\/picture><!-- INFO AUTHOR --><\/div>\n<\/div>\n<p><!-- COMPONENTS --><\/p>\n<p class=\"voc-paragraph\">La <strong>reina Letizia<\/strong> ha pasado hoy a un segundo plano. A pesar de que todas las miradas se posan en ella en cada cita a la que acude, en esta ocasi\u00f3n <strong>la infanta Sof\u00eda<\/strong> ha sido la absoluta protagonista gracias a <a data-voc-vtm-id=\"in-text-traffic\" href=\"https:\/\/www.mujerhoy.com\/moda\/no-te-pierdas\/infanta-sofia-mono-rosa-look-espectacular-confirmacion-made-in-spain-20230525124403-nt.html\" title=\"www.mujerhoy.com\">este espectacular mono rosa<\/a>. La hija mejor de los reyes ha recibido la Confirmaci\u00f3n &#8211;<br \/>\n<a data-voc-vtm-id=\"in-text-traffic\" href=\"https:\/\/www.mujerhoy.com\/celebrities\/realeza\/infanta-sofia-polemica-confirmacion-abuelo-juan-carlos-futbol-pedri-influencer-20230525225734-nt.html\" title=\"www.mujerhoy.com\">estos son todos los detalles del acto<\/a>&#8211; y la reina consorte ha acertado con un look discreto y sencillo con el que ha dejado brillar a la joven.\n<\/p>\n<p class=\"voc-paragraph\">La <a data-voc-vtm-id=\"in-text-traffic\" href=\"https:\/\/www.mujerhoy.com\/temas\/personajes\/reina-dona-letizia.html\" title=\"www.mujerhoy.com\">reina Letizia <\/a>ha preferido dejar todo el protagonismo a la infanta y, como ya hizo en <a data-voc-vtm-id=\"in-text-traffic\" href=\"https:\/\/www.mujerhoy.com\/moda\/no-te-pierdas\/princesa-leonor-vestido-confirmacion-pista-look-infanta-sofia-20230525104108-nt.html\" title=\"www.mujerhoy.com\">la confirmaci\u00f3n de la princesa Leonor<\/a> ha recuperado algunas de las prendas m\u00e1s b\u00e1sicas de su armario. Y s\u00ed, a\u00fan as\u00ed ha derrochado elegancia y estilo una vez m\u00e1s.\n<\/p>\n<p class=\"voc-paragraph\">Perfectamente coordinados entre ellos, la familia real al completo lleg\u00f3 a la iglesia de Nuestra Se\u00f1ora de Aravaca -mismo templo las dos hermanas recibieron su Primera Comuni\u00f3n- para acompa\u00f1ar a la infanta Sof\u00eda en este d\u00eda tan importante. Y s\u00ed, adem\u00e1s de los reyes de Espa\u00f1a y su hermana la princesa Leonor, tambi\u00e9n estuvieron sus abuelas: la reina Sof\u00eda, Paloma Rocasolano y Jes\u00fas Ortiz.\n<\/p>\n<div class=\"voc-detail__cmp\">\n<div class=\"voc-article-container\">\n<article class=\"voc-article voc-article--cmp-photo-text\" readability=\"26\">\n<div class=\"voc-img-container\" readability=\"7\"><picture>\n<div class=\"voc-horizontal voc-img-icon-link\"><img class=\"lazy\" loading=\"lazy\" data-original=\"\/\/static.mujerhoy.com\/www\/multimedia\/202305\/25\/media\/cortadas\/confirmcion-infanta-sofia-kxO--624x624@MujerHoy.JPG\" alt=\"Los reyes y sus hijas en la confirmaci\u00f3n de la infanta Sof\u00eda.\"><\/div>\n<\/picture>\n<p class=\"figure-caption \"> Los reyes y sus hijas en la confirmaci\u00f3n de la infanta Sof\u00eda. \/ <span class=\"voc-photo-author\"> limited puctures <\/span><\/p>\n<\/div>\n<\/article>\n<\/div>\n<\/div>\n<p class=\"voc-paragraph\">Una cita en la que les vimos a todos deslumbrar con el rosa como denominador com\u00fan y en la que la infanta Sof\u00eda fue la absoluta protagonista con un mono ideal y muy de estilo influencer. Y a pesar de que la reina Letizia quiso quedarse en un segundo plano, tambi\u00e9n luci\u00f3 impecable con su estilismo.\n<\/p>\n<p><h3 class=\"voc-detail__title\"> La reina Letizia activa el mood verano con alpargatas<br \/>\n<\/h3>\n<\/p>\n<div class=\"voc-detail-photo-zoom\"><picture data-toggle=\"modal\" data-target=\"#photoZoomModal-200\" target=\"modal\">\n<div class=\"voc-img-icon-link\"><img loading=\"lazy\" data-original=\"\/\/static2.mujerhoy.com\/www\/multimedia\/202305\/25\/media\/cortadas\/letizia-pantalones-blancos-kcJE--460x637@MujerHoy.jpg\" class=\"lazy\" alt=\"La reina Letizia en la confirmaci\u00f3n de Sof\u00eda. \/ LIMITED PICTURES\"><noscript><img src=\"http:\/\/hoycordobaweb.com\/wp-content\/uploads\/2023\/05\/la-reina-letizia-impecable-en-la-confirmacion-de-la-infanta-sofia-alpargatas-comodas-y-pantalones-blancos-en-un-look-elegante-1.jpg\" alt=\"La reina Letizia en la confirmaci\u00f3n de Sof\u00eda. \/ LIMITED PICTURES\"><\/noscript><i class=\"voc-icons zoom voc-multimedia-box voc-ico-l\"><\/i><\/div><figcaption class=\"figure-caption\">La reina Letizia en la confirmaci\u00f3n de Sof\u00eda. \/ LIMITED PICTURES<\/figcaption><\/picture><\/div>\n<div id=\"photoZoomModal-200\" class=\"voc-lightbox modal fade voc-lightbox--photo-zoom\" role=\"dialog\" data-voc-photozoom-lightbox>\n<div class=\"voc-lightbox__dialog\" role=\"document\">\n<div class=\"voc-lightbox__content\"><!-- Modal header --><!-- Modal content --><\/p>\n<div class=\"voc-lightbox__photo-container\"><picture class><img loading=\"lazy\" data-original=\"\/\/static2.mujerhoy.com\/www\/multimedia\/202305\/25\/media\/cortadas\/letizia-pantalones-blancos-kcJE--460x637@MujerHoy.jpg\" alt=\"La reina Letizia en la confirmaci\u00f3n de Sof\u00eda. \/ LIMITED PICTURES\" class=\"lazy\"><noscript><img src=\"http:\/\/hoycordobaweb.com\/wp-content\/uploads\/2023\/05\/la-reina-letizia-impecable-en-la-confirmacion-de-la-infanta-sofia-alpargatas-comodas-y-pantalones-blancos-en-un-look-elegante-1.jpg\" alt=\"La reina Letizia en la confirmaci\u00f3n de Sof\u00eda. \/ LIMITED PICTURES\"><\/noscript><\/picture><\/div>\n<\/div>\n<\/div>\n<\/div>\n<p class=\"voc-paragraph\">Aunque tambi\u00e9n de rosa, la monarca opt\u00f3 por una versi\u00f3n m\u00e1s clara y suave con una blusa que huele a primavera y que es ideal para ir sencilla y elegante. Esta es un modelo de <strong>Hugo Boss <\/strong>que ha estrenado para la ocasi\u00f3n y que se caracteriza por tener un dise\u00f1o con cuello en forma de pico y unas originales mangas asim\u00e9tricas.\n<\/p>\n<p class=\"voc-paragraph\">Para seguir con ese estilo de b\u00e1sicos, la reina Letizia combin\u00f3 esta bonita prenda con unos pantalones blancos que ya le hemos visto en otras ocasiones. Estos tienen un dise\u00f1o culotte, uno de los favoritos de la monarca, talle alto y un original cintur\u00f3n con una especie de hebilla met\u00e1lica. Una prenda s\u00faper ponible e ideal para los looks de buen tiempo que le queremos copiar s\u00ed o s\u00ed.\n<\/p>\n<div class=\"voc-detail__cmp\">\n<div class=\"voc-article-container\">\n<article class=\"voc-article voc-article--cmp-photo-text\" readability=\"26\">\n<div class=\"voc-img-container\" readability=\"7\"><picture>\n<div class=\"voc-horizontal voc-img-icon-link\"><img class=\"lazy\" loading=\"lazy\" data-original=\"\/\/static1.mujerhoy.com\/www\/multimedia\/202305\/25\/media\/cortadas\/alpargatas-blancas-letizia-kcJE--624x624@MujerHoy.jpg\" alt=\"Las alpargatas de Macarena Shoes de la reina Letizia.\"><\/div>\n<\/picture>\n<p class=\"figure-caption \"> Las alpargatas de Macarena Shoes de la reina Letizia. \/ <span class=\"voc-photo-author\"> limited pictures <\/span><\/p>\n<\/div>\n<\/article>\n<\/div>\n<\/div>\n<p class=\"voc-paragraph\">Para completar el estilismo, do\u00f1a Letizia a\u00f1adi\u00f3 un bolso blanco de <strong>Furla <\/strong>y el que es su calzado favorito cuando suben las temperaturas: las alpargatas. Para esta ocasi\u00f3n, ha rescatado de su armario un modelo de cu\u00f1a en color blanco y cintas de <strong>Macarena Shoes<\/strong>, una firma <i>made in Spain <\/i>que est\u00e1 entre sus favoritas.\n<\/p>\n<p><!-- TOPICS --><\/p>\n","protected":false},"excerpt":{"rendered":"<p>La reina Letizia ha pasado hoy a un segundo plano. A pesar de que todas las miradas se posan en ella en cada cita a la que acude, en esta ocasi\u00f3n la infanta Sof\u00eda ha sido la absoluta protagonista gracias a este espectacular mono rosa. La hija mejor de los reyes ha recibido la Confirmaci\u00f3n [&hellip;]<\/p>\n","protected":false},"author":1,"featured_media":60601,"comment_status":"closed","ping_status":"closed","sticky":false,"template":"","format":"standard","meta":[],"categories":[1],"tags":[],"_links":{"self":[{"href":"http:\/\/hoycordobaweb.com\/index.php\/wp-json\/wp\/v2\/posts\/60600"}],"collection":[{"href":"http:\/\/hoycordobaweb.com\/index.php\/wp-json\/wp\/v2\/posts"}],"about":[{"href":"http:\/\/hoycordobaweb.com\/index.php\/wp-json\/wp\/v2\/types\/post"}],"author":[{"embeddable":true,"href":"http:\/\/hoycordobaweb.com\/index.php\/wp-json\/wp\/v2\/users\/1"}],"replies":[{"embeddable":true,"href":"http:\/\/hoycordobaweb.com\/index.php\/wp-json\/wp\/v2\/comments?post=60600"}],"version-history":[{"count":0,"href":"http:\/\/hoycordobaweb.com\/index.php\/wp-json\/wp\/v2\/posts\/60600\/revisions"}],"wp:featuredmedia":[{"embeddable":true,"href":"http:\/\/hoycordobaweb.com\/index.php\/wp-json\/wp\/v2\/media\/60601"}],"wp:attachment":[{"href":"http:\/\/hoycordobaweb.com\/index.php\/wp-json\/wp\/v2\/media?parent=60600"}],"wp:term":[{"taxonomy":"category","embeddable":true,"href":"http:\/\/hoycordobaweb.com\/index.php\/wp-json\/wp\/v2\/categories?post=60600"},{"taxonomy":"post_tag","embeddable":true,"href":"http:\/\/hoycordobaweb.com\/index.php\/wp-json\/wp\/v2\/tags?post=60600"}],"curies":[{"name":"wp","href":"https:\/\/api.w.org\/{rel}","templated":true}]}}