{"id":60561,"date":"2023-05-25T12:38:37","date_gmt":"2023-05-25T12:38:37","guid":{"rendered":"https:\/\/fono.fcm.unc.edu.ar\/?p=10770"},"modified":"2023-05-25T12:38:37","modified_gmt":"2023-05-25T12:38:37","slug":"60-aniversario-25-de-mayo-dia-de-la-patria","status":"publish","type":"post","link":"http:\/\/hoycordobaweb.com\/index.php\/2023\/05\/25\/60-aniversario-25-de-mayo-dia-de-la-patria\/","title":{"rendered":"60\u00b0 Aniversario \u2013 25 de mayo: D\u00eda de la Patria"},"content":{"rendered":"<h2 class=\"fusion-post-title\">60\u00b0 Aniversario \u2013 25 de mayo: D\u00eda de la Patria<\/h2>\n<div class=\"post-content\" readability=\"33\">\n<p><img loading=\"lazy\" class=\"alignright size-fusion-400 wp-image-10771\" src=\"https:\/\/fono.fcm.unc.edu.ar\/wp-content\/uploads\/sites\/14\/2023\/05\/Captura-desde-2023-05-25-09-35-20-400x401.png\" alt width=\"400\" height=\"401\" srcset=\"https:\/\/fono.fcm.unc.edu.ar\/wp-content\/uploads\/sites\/14\/2023\/05\/Captura-desde-2023-05-25-09-35-20-66x66.png 66w, https:\/\/fono.fcm.unc.edu.ar\/wp-content\/uploads\/sites\/14\/2023\/05\/Captura-desde-2023-05-25-09-35-20-150x150.png 150w, https:\/\/fono.fcm.unc.edu.ar\/wp-content\/uploads\/sites\/14\/2023\/05\/Captura-desde-2023-05-25-09-35-20-200x201.png 200w, https:\/\/fono.fcm.unc.edu.ar\/wp-content\/uploads\/sites\/14\/2023\/05\/Captura-desde-2023-05-25-09-35-20-300x300.png 300w, https:\/\/fono.fcm.unc.edu.ar\/wp-content\/uploads\/sites\/14\/2023\/05\/Captura-desde-2023-05-25-09-35-20-400x401.png 400w, https:\/\/fono.fcm.unc.edu.ar\/wp-content\/uploads\/sites\/14\/2023\/05\/Captura-desde-2023-05-25-09-35-20.png 549w\" sizes=\"(max-width: 400px) 100vw, 400px\">Conmemoramos un nuevo aniversario de la Revoluci\u00f3n de Mayo. Es una de las fechas m\u00e1s significativas y celebradas en nuestro pa\u00eds ya que dio lugar a la conformaci\u00f3n del Primer Gobierno Patrio.<\/p>\n<\/p><\/div>\n","protected":false},"excerpt":{"rendered":"<p>60\u00b0 Aniversario \u2013 25 de mayo: D\u00eda de la Patria Conmemoramos un nuevo aniversario de la Revoluci\u00f3n de Mayo. Es una de las fechas m\u00e1s significativas y celebradas en nuestro pa\u00eds ya que dio lugar a la conformaci\u00f3n del Primer Gobierno Patrio.<\/p>\n","protected":false},"author":1,"featured_media":0,"comment_status":"closed","ping_status":"closed","sticky":false,"template":"","format":"standard","meta":[],"categories":[1],"tags":[],"_links":{"self":[{"href":"http:\/\/hoycordobaweb.com\/index.php\/wp-json\/wp\/v2\/posts\/60561"}],"collection":[{"href":"http:\/\/hoycordobaweb.com\/index.php\/wp-json\/wp\/v2\/posts"}],"about":[{"href":"http:\/\/hoycordobaweb.com\/index.php\/wp-json\/wp\/v2\/types\/post"}],"author":[{"embeddable":true,"href":"http:\/\/hoycordobaweb.com\/index.php\/wp-json\/wp\/v2\/users\/1"}],"replies":[{"embeddable":true,"href":"http:\/\/hoycordobaweb.com\/index.php\/wp-json\/wp\/v2\/comments?post=60561"}],"version-history":[{"count":0,"href":"http:\/\/hoycordobaweb.com\/index.php\/wp-json\/wp\/v2\/posts\/60561\/revisions"}],"wp:attachment":[{"href":"http:\/\/hoycordobaweb.com\/index.php\/wp-json\/wp\/v2\/media?parent=60561"}],"wp:term":[{"taxonomy":"category","embeddable":true,"href":"http:\/\/hoycordobaweb.com\/index.php\/wp-json\/wp\/v2\/categories?post=60561"},{"taxonomy":"post_tag","embeddable":true,"href":"http:\/\/hoycordobaweb.com\/index.php\/wp-json\/wp\/v2\/tags?post=60561"}],"curies":[{"name":"wp","href":"https:\/\/api.w.org\/{rel}","templated":true}]}}