{"id":60553,"date":"2023-05-25T02:57:00","date_gmt":"2023-05-25T02:57:00","guid":{"rendered":"http:\/\/hoycordobaweb.com\/index.php\/2023\/05\/25\/boca-dejo-su-invicto-en-colombia-ante-deportivo-pereira\/"},"modified":"2023-05-25T02:57:00","modified_gmt":"2023-05-25T02:57:00","slug":"boca-dejo-su-invicto-en-colombia-ante-deportivo-pereira","status":"publish","type":"post","link":"http:\/\/hoycordobaweb.com\/index.php\/2023\/05\/25\/boca-dejo-su-invicto-en-colombia-ante-deportivo-pereira\/","title":{"rendered":"Boca dej\u00f3 su invicto en Colombia ante Deportivo Pereira"},"content":{"rendered":"<p><img src=\"http:\/\/hoycordobaweb.com\/wp-content\/uploads\/2023\/05\/boca-dejo-su-invicto-en-colombia-ante-deportivo-pereira.jpg\"><\/p>\n<figure class=\"mb-3\"><img loading=\"lazy\" data-src=\"http:\/\/hoycordobaweb.com\/wp-content\/uploads\/2023\/05\/boca-dejo-su-invicto-en-colombia-ante-deportivo-pereira-2.jpg\" src=\"https:\/\/www.telam.com.ar\/assets\/img\/not_image.png\" class=\" lazy \" width=\"100%\" height=\"100%\" alt=\"Foto TWLibertadores\"><figcaption> Foto TW@Libertadores <\/figcaption><\/figure>\n<p>Boca Juniors cay\u00f3 este mi\u00e9rcoles por 1 a 0 ante Deportivo Pereira con gol de cabeza de \u00c1ngelo Rodr\u00edguez a los 33 minutos del segundo tiempo y ahora comparte con 7 puntos junto al equipo colombiano la punta del grupo F de la Copa Libertadores al cabo de cuatro fechas.<\/p>\n<p>De esta manera el equipo argentino pierde el invicto en la Copa y complica su clasificaci\u00f3n para los octavos de final, ya que Colo Colo se ubica tercero con 5 puntos a solos dos unidades de ambos.<\/p>\n<p>Ahora le quedan la Boca los \u00faltimos dos partidos de local, primero ante el campe\u00f3n chileno y luego cierra con Monagas, de Venezuela, para confirmar su pase a la segunda ronda.<\/p>\n<p>Cuando parec\u00eda que el partido iba camino del empate en cero y de los dos, Boca estaba estaba m\u00e1s cerca de ponerse en ventaja, los \u00faltimos 20 minutos fueron una \u00abpesadilla\u00bb para los visitantes.<\/p>\n<p>A los 28 minutos una falla de Nicol\u00e1s Figal posibilit\u00f3 que se fuera Aldeir Rodr\u00edguez y el central lo empuj\u00f3 en el \u00e1rea, quiz\u00e1 en forma leve, pero el arbitro brasile\u00f1o Wagner Magalhaes no dud\u00f3 y cobr\u00f3 penal.<\/p>\n<figure class=\"mb-3\"><img loading=\"lazy\" data-src=\"http:\/\/hoycordobaweb.com\/wp-content\/uploads\/2023\/05\/boca-dejo-su-invicto-en-colombia-ante-deportivo-pereira-3.jpg\" src=\"https:\/\/www.telam.com.ar\/assets\/img\/not_image.png\" class=\" lazy \" width=\"100%\" height=\"100%\" alt=\"Foto TWLibertadores\"><figcaption> Foto TW@Libertadores <\/figcaption><\/figure>\n<p>El remate de Juan Zuluaga fue desviado por Sergio Romero y parec\u00eda que el equipo argentino manten\u00eda la igualdad. Sin embargo un minuto despu\u00e9s y en otra falla defensiva, \u00c1ngelo Rodriguez puso de cabeza el 1 a 0.<\/p>\n<p>A los 33 minutos un centro cruzado lanzado por Fory encontr\u00f3 desatentos a Valentini, que hab\u00eda ingresado al comienzo de la etapa por Roncaglia, y a Frank Fabra, y lo aprovecho el mayor de los hermanos Rodriguez (el otro es el ingresado Arley), la figura del partido, para con un cabezazo dejar sin atenuantes a Romero.<\/p>\n<p>Para Boca fue un golpe que lo dej\u00f3 sin reacci\u00f3n por el resto del encuentro, donde el campe\u00f3n \u00abcafetero\u00bb tuvo tres situaciones m\u00e1s como para justificar la victoria.<\/p>\n<p>El primer tiempo fue de juego discreto donde la fricci\u00f3n, la intensidad para pelear cada pelota, y la paridad en las acciones, fueron las caracter\u00edsticas de la etapa inicial.<\/p>\n<p>El entrenador Jorge Almir\u00f3n cambi\u00f3 el dibujo t\u00e1ctico parando un 4-3-3, Luis Adv\u00edncula volvi\u00f3 a su vieja posici\u00f3n de marcador de punta por derecha y Norberto Briasco jug\u00f3 de tercer delantero por el sector izquierdo.<\/p>\n<p>Los locales mantuvieron su cl\u00e1sico 3-5-2 cambiando algunos apellidos con respecto al equipo que cay\u00f3 derrotado en la Bombonera por 2 a 1, pero que tuvo la misma idea de armar una l\u00ednea de tres en el fondo y de lanzar al ataque a sus dos marcadores volantes.<\/p>\n<p>En la primera media hora Villa, otra vez el jugador m\u00e1s peligroso del \u00abxeneize\u00bb en ese tiempo, se movi\u00f3 por la punta derecha para evitar las proyecciones de Fory, que era una de las formulas ofensivas del equipo colombiano.<\/p>\n<p>A Boca le faltaba precisi\u00f3n en la zona media donde solo Varela mostraba claridad en la salida y trataba de componer las imprecisiones en los pases de Fern\u00e1ndez y Payero.<\/p>\n<p>En un juego donde ambos se alternaron el dominio las pocas situaciones de peligro para las vallas llegaron en el final de la etapa.<\/p>\n<p>A los 37 minutos hubo un remate de Villa y a los 44 otro de Briasco ambos contenidos por el arquero Quintana, en los que fueron los primeros avisos del campe\u00f3n argentino.<\/p>\n<p>Luego un pase al claro de Payero dej\u00f3 solo a Benedetto frente al guardavalla pero el \u00abPipa\u00bb se abri\u00f3 demasiado, no le qued\u00f3 \u00e1ngulo de remate y lanz\u00f3 un centro combado que fue rechazado a metros del arco por el zaguero V\u00e1zquez.<\/p>\n<p>En el \u00faltimo minuto adicional reci\u00e9n Pereira cre\u00f3 su primera llegada ante Romero, un error defensivo entre \u00abPol\u00bb y Roncaglia posibilit\u00f3 que Santa Cruz se internara en el \u00e1rea, y el volante boquense con el ultimo esfuerzo le quit\u00f3 la pelota al c\u00f3rner, cuando el delantero quedaba solo frente a \u00abChiquito\u00bb.<\/p>\n<p>En los primeros veinte minutos del segundo tiempo, con el ingreso de Medina por Payero y Weigandt por Briasco, volvi\u00f3 Advincula a su nueva posici\u00f3n de volante delantero y y Boca mejor\u00f3 en su juego.<\/p>\n<p>Sin embargo, cuando nadie lo esperaba Bendetto dio un mal pase en una jugada donde hab\u00eda recuperado la pelota en zona ofensiva y pod\u00eda haber creado una situaci\u00f3n de riesgo, y de ah\u00ed naci\u00f3 la contra de los locales y el penal \u00abinfantil\u00bb de Figal a Aldeir Rodr\u00edguez.<\/p>\n<blockquote class=\"twitter-tweet\" readability=\"4.52\">\n<p lang=\"es\" dir=\"ltr\">\u00a1\u00a1ATAJ\u00d3 CHIQUITO ROMERO UN PENAL CLAVE EN COLOMBIA!! <\/p>\n<p>\ud83d\udcfa Mir\u00e1 la CONMEBOL <a href=\"https:\/\/twitter.com\/hashtag\/Libertadores?src=hash&amp;ref_src=twsrc%5Etfw\">#Libertadores<\/a> por <a href=\"https:\/\/twitter.com\/hashtag\/StarPlusLA?src=hash&amp;ref_src=twsrc%5Etfw\">#StarPlusLA<\/a> <a href=\"https:\/\/t.co\/sO0yXsFvSk\">pic.twitter.com\/sO0yXsFvSk<\/a><\/p>\n<p>\u2014 SportsCenter (@SC_ESPN) <a href=\"https:\/\/twitter.com\/SC_ESPN\/status\/1661547482160185346?ref_src=twsrc%5Etfw\">May 25, 2023<\/a><\/p><\/blockquote>\n<p>Se ver\u00e1 en los partidos de la Liga Profesional, ante Tigre el domingo y ante Arsenal el jueves 1 de junio, si Boca se recupera en lo an\u00edmico y vuelve a encontrar la identidad futbol\u00edstica que trata de establecer este nuevo cuerpo t\u00e9cnico.<\/p>\n<p>El pr\u00f3ximo encuentro para Boca por la Libertadores ser\u00e1 el 6 de junio de local ante Colo Colo, mientras que Deportivo Pereira visitar\u00e1 en el mismo d\u00eda en Venezuela a Monagas, ambos encuentros por la quinta fecha del grupo F.<\/p>\n<figure class=\"mb-3\"><img loading=\"lazy\" data-src=\"http:\/\/hoycordobaweb.com\/wp-content\/uploads\/2023\/05\/boca-dejo-su-invicto-en-colombia-ante-deportivo-pereira-4.jpg\" src=\"https:\/\/www.telam.com.ar\/assets\/img\/not_image.png\" class=\" lazy \" width=\"100%\" height=\"100%\" alt=\"Foto TWBocaJrsOficial\"><figcaption> Foto: TW@BocaJrsOficial <\/figcaption><\/figure>\n<blockquote class=\"twitter-tweet\" readability=\"6.4193548387097\">\n<p lang=\"es\" dir=\"ltr\"><a href=\"https:\/\/twitter.com\/hashtag\/LIBERTADORESxFoxSports?src=hash&amp;ref_src=twsrc%5Etfw\">#LIBERTADORESxFoxSports<\/a> \ud83c\udfc6 | Se durmi\u00f3 Fabra y Arley Rodr\u00edguez puso el 1-0 de Deportivo Pereira sobre Boca a los 78&#8242;.<\/p>\n<p>\ud83d\udcfa Mir\u00e1 el 100% de la Copa CONMEBOL Libertadores en <a href=\"https:\/\/twitter.com\/hashtag\/FoxSportsArgentina?src=hash&amp;ref_src=twsrc%5Etfw\">#FoxSportsArgentina<\/a> \u26bd <a href=\"https:\/\/t.co\/DEN3PKFrYr\">pic.twitter.com\/DEN3PKFrYr<\/a><\/p>\n<p>\u2014 Fox Sports Argentina (@FOXSportsArg) <a href=\"https:\/\/twitter.com\/FOXSportsArg\/status\/1661548482426179585?ref_src=twsrc%5Etfw\">May 25, 2023<\/a><\/p><\/blockquote>\n","protected":false},"excerpt":{"rendered":"<p>Foto TW@Libertadores Boca Juniors cay\u00f3 este mi\u00e9rcoles por 1 a 0 ante Deportivo Pereira con gol de cabeza de \u00c1ngelo Rodr\u00edguez a los 33 minutos del segundo tiempo y ahora comparte con 7 puntos junto al equipo colombiano la punta del grupo F de la Copa Libertadores al cabo de cuatro fechas. De esta manera [&hellip;]<\/p>\n","protected":false},"author":1,"featured_media":60554,"comment_status":"open","ping_status":"closed","sticky":false,"template":"","format":"standard","meta":[],"categories":[19],"tags":[],"_links":{"self":[{"href":"http:\/\/hoycordobaweb.com\/index.php\/wp-json\/wp\/v2\/posts\/60553"}],"collection":[{"href":"http:\/\/hoycordobaweb.com\/index.php\/wp-json\/wp\/v2\/posts"}],"about":[{"href":"http:\/\/hoycordobaweb.com\/index.php\/wp-json\/wp\/v2\/types\/post"}],"author":[{"embeddable":true,"href":"http:\/\/hoycordobaweb.com\/index.php\/wp-json\/wp\/v2\/users\/1"}],"replies":[{"embeddable":true,"href":"http:\/\/hoycordobaweb.com\/index.php\/wp-json\/wp\/v2\/comments?post=60553"}],"version-history":[{"count":0,"href":"http:\/\/hoycordobaweb.com\/index.php\/wp-json\/wp\/v2\/posts\/60553\/revisions"}],"wp:featuredmedia":[{"embeddable":true,"href":"http:\/\/hoycordobaweb.com\/index.php\/wp-json\/wp\/v2\/media\/60554"}],"wp:attachment":[{"href":"http:\/\/hoycordobaweb.com\/index.php\/wp-json\/wp\/v2\/media?parent=60553"}],"wp:term":[{"taxonomy":"category","embeddable":true,"href":"http:\/\/hoycordobaweb.com\/index.php\/wp-json\/wp\/v2\/categories?post=60553"},{"taxonomy":"post_tag","embeddable":true,"href":"http:\/\/hoycordobaweb.com\/index.php\/wp-json\/wp\/v2\/tags?post=60553"}],"curies":[{"name":"wp","href":"https:\/\/api.w.org\/{rel}","templated":true}]}}