{"id":60498,"date":"2023-05-24T03:04:00","date_gmt":"2023-05-24T03:04:00","guid":{"rendered":"http:\/\/hoycordobaweb.com\/index.php\/2023\/05\/24\/el-equipo-de-mascherano-se-despide-de-santiago-del-estero-y-se-traslada-a-san-juan\/"},"modified":"2023-05-24T03:04:00","modified_gmt":"2023-05-24T03:04:00","slug":"el-equipo-de-mascherano-se-despide-de-santiago-del-estero-y-se-traslada-a-san-juan","status":"publish","type":"post","link":"http:\/\/hoycordobaweb.com\/index.php\/2023\/05\/24\/el-equipo-de-mascherano-se-despide-de-santiago-del-estero-y-se-traslada-a-san-juan\/","title":{"rendered":"El equipo de Mascherano se despide de Santiago del Estero y se traslada a San Juan"},"content":{"rendered":"<p><img src=\"http:\/\/hoycordobaweb.com\/wp-content\/uploads\/2023\/05\/el-equipo-de-mascherano-se-despide-de-santiago-del-estero-y-se-traslada-a-san-juan.jpg\"><\/p>\n<figure class=\"mb-3\"><img loading=\"lazy\" data-src=\"http:\/\/hoycordobaweb.com\/wp-content\/uploads\/2023\/05\/el-equipo-de-mascherano-se-despide-de-santiago-del-estero-y-se-traslada-a-san-juan-2.jpg\" src=\"https:\/\/www.telam.com.ar\/assets\/img\/not_image.png\" class=\" lazy \" width=\"100%\" height=\"100%\" alt=\"Argentina traslada su ilusin a San Juan en el Mundial Sub20 Foto Alfrredo Luna\"><figcaption> Argentina traslada su ilusi\u00f3n a San Juan en el Mundial Sub-20 | Foto: Alfrredo Luna <\/figcaption><\/figure>\n<p>El seleccionado argentino Sub-20, dirigido por Javier Mascherano, se quedar\u00e1 este martes en Santiago del Estero y el mi\u00e9rcoles emprender\u00e1 vuelo hacia San Juan de cara al tercer y \u00faltimo partido del grupo A del Mundial de la categor\u00eda.<\/p>\n<p>El plantel que logr\u00f3 la clasificaci\u00f3n a los octavos de final con la goleada 3-0 ante Guatemala descansar\u00e1 en el hotel NH de la capital santiague\u00f1a y luego se trasladar\u00e1 al aeropuerto para subirse al avi\u00f3n que despegar\u00e1 a las 13.30 con destino a San Juan, seg\u00fan inform\u00f3 prensa de AFA a Agencia T\u00e9lam.<\/p>\n<p>El arribo a tierra sanjuanina est\u00e1 estipulado para las 15 y aprovechar\u00e1 el d\u00eda despu\u00e9s para realizar un entrenamiento a puertas cerradas, programado para las 18.30, con lugar a definir.<\/p>\n<p>Argentina, l\u00edder del grupo A con 6 puntos, enfrentar\u00e1 el viernes 26 a su escolta Nueva Zelanda (4), en el \u00faltimo partido de la fase regular. Al equipo de Mascherano le alcanza con un empate para quedarse con el primer puesto.<\/p>\n","protected":false},"excerpt":{"rendered":"<p>Argentina traslada su ilusi\u00f3n a San Juan en el Mundial Sub-20 | Foto: Alfrredo Luna El seleccionado argentino Sub-20, dirigido por Javier Mascherano, se quedar\u00e1 este martes en Santiago del Estero y el mi\u00e9rcoles emprender\u00e1 vuelo hacia San Juan de cara al tercer y \u00faltimo partido del grupo A del Mundial de la categor\u00eda. El [&hellip;]<\/p>\n","protected":false},"author":1,"featured_media":60499,"comment_status":"open","ping_status":"closed","sticky":false,"template":"","format":"standard","meta":[],"categories":[19],"tags":[],"_links":{"self":[{"href":"http:\/\/hoycordobaweb.com\/index.php\/wp-json\/wp\/v2\/posts\/60498"}],"collection":[{"href":"http:\/\/hoycordobaweb.com\/index.php\/wp-json\/wp\/v2\/posts"}],"about":[{"href":"http:\/\/hoycordobaweb.com\/index.php\/wp-json\/wp\/v2\/types\/post"}],"author":[{"embeddable":true,"href":"http:\/\/hoycordobaweb.com\/index.php\/wp-json\/wp\/v2\/users\/1"}],"replies":[{"embeddable":true,"href":"http:\/\/hoycordobaweb.com\/index.php\/wp-json\/wp\/v2\/comments?post=60498"}],"version-history":[{"count":0,"href":"http:\/\/hoycordobaweb.com\/index.php\/wp-json\/wp\/v2\/posts\/60498\/revisions"}],"wp:featuredmedia":[{"embeddable":true,"href":"http:\/\/hoycordobaweb.com\/index.php\/wp-json\/wp\/v2\/media\/60499"}],"wp:attachment":[{"href":"http:\/\/hoycordobaweb.com\/index.php\/wp-json\/wp\/v2\/media?parent=60498"}],"wp:term":[{"taxonomy":"category","embeddable":true,"href":"http:\/\/hoycordobaweb.com\/index.php\/wp-json\/wp\/v2\/categories?post=60498"},{"taxonomy":"post_tag","embeddable":true,"href":"http:\/\/hoycordobaweb.com\/index.php\/wp-json\/wp\/v2\/tags?post=60498"}],"curies":[{"name":"wp","href":"https:\/\/api.w.org\/{rel}","templated":true}]}}