{"id":6049,"date":"2020-11-25T17:37:58","date_gmt":"2020-11-25T17:37:58","guid":{"rendered":"http:\/\/ladecimaweb.com\/?p=7455"},"modified":"2020-11-25T17:37:58","modified_gmt":"2020-11-25T17:37:58","slug":"mis-llamados-fallidos-a-maradona-y-la-euforia-detras-del-telefono","status":"publish","type":"post","link":"http:\/\/hoycordobaweb.com\/index.php\/2020\/11\/25\/mis-llamados-fallidos-a-maradona-y-la-euforia-detras-del-telefono\/","title":{"rendered":"Mis llamados fallidos a Maradona y la euforia detr\u00e1s del tel\u00e9fono"},"content":{"rendered":"<p><em>(Mario Albera)<\/em> Un d\u00eda me propuse entrevistar a Diego Maradona, aunque sea por unos segundos. Y ojo que dije segundos y no minutos, lo cual implica el reconocimiento de semejante faena.<\/p>\n<p>Esto pas\u00f3 cuando la Provincia decidi\u00f3 bautizar al estadio C\u00f3rdoba con el nombre del goleador y campe\u00f3n mundial del &#8217;78, Mario Alberto Kempes.<\/p>\n<p>En ese tiempo, codirig\u00eda un portal web de periodismo ciudadano llamado &#8220;Sosperiodista&#8221; que ten\u00eda muchos periodistas espont\u00e1neos seguidores, uno de los cuales encabez\u00f3 una campa\u00f1a para nombrar al estadio con el nombre de Kempes mucho antes de que la Provincia tomara la posta.<\/p>\n<p>Me propuse, entonces, el desaf\u00edo de obtener una declaraci\u00f3n de Maradona sobre su parecer que el mayor coliseo deportivo cordob\u00e9s llevara el nombre del bellvillense.<\/p>\n<p>En ese tiempo me hab\u00eda hecho del tel\u00e9fono de contacto del representante de Maradona gracias a una gentileza del por entonces periodista del diario deportivo Ol\u00e9, Gustavo Grabia, quien se hab\u00eda comunicado por una informaci\u00f3n publicada por nosotros. Record\u00e9 ese hecho puntual, lo llam\u00e9 para pedirle un contacto con Maradona y me lo dio.<\/p>\n<p>Ya no recuerdo el nombre del representante; el astro siempre tuvo un entorno nutrido. Tom\u00e9 el fijo y marqu\u00e9. Infinidad de veces. Siempre con la esperanza de que &#8220;el Pelusa&#8221; me atendiera. El intermediario atend\u00eda de forma gentil y me animaba a seguir llamando porque &#8220;cuando \u00e9l pueda, te va a atender, porque a Kempes lo respeta&#8221;, me dec\u00eda. Pero Diego era impredecible como su gambeta. Y yo no era, obviamente, ni V\u00edctor Hugo Morales ni V\u00edctor Brizuela. Apenas un entusiasta periodista.<\/p>\n<p>Hab\u00eda veces que despertaba diciendo: &#8220;Hoy va a ser un gran d\u00eda&#8221;, especulando con la posibilidad de que el &#8220;barrilete c\u00f3smico&#8221; dijera &#8220;hola, fiera&#8221; del otro lado de la l\u00ednea. A veces ara\u00f1\u00e9 esa posibilidad porque mientras estaba en l\u00ednea con el intermediario escuchaba hablar al Diego, de fondo. &#8220;Mir\u00e1, \u00e9l no tiene problemas en hablar, pero creeme que ahora no es el momento&#8221;, se excusaba el intermediario.<\/p>\n<p>M\u00e1s que el desaf\u00edo de obtener una declaraci\u00f3n period\u00edstica m\u00e1s de Maradona, mi perseverancia radicaba en la euforia de intercambiar dos palabras con el astro argentino aunque sea por tel\u00e9fono. La idolatr\u00eda le ganaba al cometido period\u00edstico y mi credulidad coqueteaba con la fantas\u00eda y la utop\u00eda. La posibilidad de alcanzar lo imposible, aun sabiendo que lo imposible se alejaba a medida que presum\u00eda acercarme.<\/p>\n<p>&#8220;Me dice Diego que lo llames ma\u00f1ana que s\u00ed o s\u00ed te atiende&#8221;, me sugiere el intermediario, casi como una orden deseada, que al cabo de ser dicha gener\u00f3 una ansiedad golopante dif\u00edcil de domesticar. Recuerdo haber formulado tres preguntas cortitas y certeras para no importunar al Diez con ninguna improvisaci\u00f3n y p\u00e9rdida de tiempo ya que la espontaneidad, la improvisaci\u00f3n y la magia eran suyas.<\/p>\n<p>Eduardo Galeano escribi\u00f3 alguna vez que &#8220;Maradona necesita que lo necesiten&#8221;, aludiendo a que la idolatr\u00eda popular si bien pod\u00eda haber sido t\u00f3xica y molesta para su vida, al mismo tiempo era una inyecci\u00f3n an\u00edmica y un pan para el alma. Esa candidez de pantal\u00f3n cortito era lo que a veces me animaba a perseverar en el intento. &#8220;Si Maradona necesita que lo necesiten, tiene que atender&#8221;, me dec\u00eda.<\/p>\n<p><img loading=\"lazy\" class=\"alignnone wp-image-7475\" src=\"http:\/\/hoycordobaweb.com\/wp-content\/uploads\/2020\/11\/mis-llamados-fallidos-a-maradona-y-la-euforia-detras-del-telefono.jpg\" alt=\"\" width=\"383\" height=\"281\" srcset=\"http:\/\/hoycordobaweb.com\/wp-content\/uploads\/2020\/11\/mis-llamados-fallidos-a-maradona-y-la-euforia-detras-del-telefono.jpg 768w, http:\/\/hoycordobaweb.com\/wp-content\/uploads\/2020\/11\/mis-llamados-fallidos-a-maradona-y-la-euforia-detras-del-telefono-1.jpg 606w\" sizes=\"(max-width: 383px) 100vw, 383px\" \/><\/p>\n<p>A veces el intermediario me dejaba en l\u00ednea telef\u00f3nica a la espera de alguna respuesta y las im\u00e1genes del Diez gambeteando rivales y tirando fintas eternas se proyectaban en mi cabeza a la velocidad de la luz. De repente ven\u00eda a mi mente el recuerdo de la pel\u00edcula H\u00e9roes vista en las butacas de cuero marr\u00f3n del cine de mi barrio, la mano de Dios a los ingleses gritada con furia revanchista de purrete en la cocina de casa, o ese quiebre de cintura descomunal para desautorizar a un pr\u00f3cer del arco como el Pato Fillol.<\/p>\n<p>Esas im\u00e1genes invisibles gobernaban mi cabeza, alimentaban mi credulidad y docilidad hacia el destinatario de mi objetivo. Volv\u00edan cada vez que marcaba el n\u00famero de tel\u00e9fono y se potenciaban con alg\u00fan murmullo de fondo y hogare\u00f1o del Diez. &#8220;Vamos Diego, atend\u00e9&#8221;, repet\u00eda con pretensi\u00f3n telep\u00e1tica, como si el radar maradoniano pudiera -y tuviera ganas- de atender una \u00ednfima onda planetaria.<\/p>\n<p>Finalmente, llam\u00e9. Entusiasmado, como siempre. La orden era: &#8220;Me dice Diego que lo llames ma\u00f1ana que s\u00ed o s\u00ed te atiende&#8221;. La orden hab\u00eda repiqueteado como un mandato melodioso nocturno y apuntalado mi insomnio con vueltas infinitas en la cama. As\u00ed que estaba preparado. Y marqu\u00e9. &#8220;Hola, c\u00f3mo est\u00e1s? Mir\u00e1, Diego no va a poder atenderte porque se vino a una cl\u00ednica por un chequeo, llamame ma\u00f1ana&#8221;.<\/p>\n<p>Ya no volver\u00eda a llamar. El cansancio se impuso a la ilusi\u00f3n. De aquello pasaron 10 a\u00f1os. Sin embargo, hoy volv\u00ed a sentir la misma adrenalina de entonces cuando la noticia revel\u00f3 que Maradona hab\u00eda muerto de paro respiratorio. \u00c9l siempre se ufan\u00f3 de tener el tel\u00e9fono de &#8220;el Barba&#8221; cada vez que le esquivaba a la muerte. Espero que &#8220;el Barba&#8221; ahora no me falle como intermediario.<\/p>\n<p>&nbsp;<\/p>\n<div class=\"ubm_banner\"><a href=\"https:\/\/www.cba.gov.ar\/cordoba-rosa-2020\/%20\" target=\"_blank\" rel=\"dofollow noopener noreferrer\"><img src=\"http:\/\/hoycordobaweb.com\/wp-content\/uploads\/2020\/11\/mis-llamados-fallidos-a-maradona-y-la-euforia-detras-del-telefono.gif\" alt=\"\"><\/a><\/div>\n<p>La entrada <a rel=\"nofollow\" href=\"https:\/\/ladecimaweb.com\/mis-llamados-fallidos-a-maradona-y-la-euforia-detras-del-telefono\/\">Mis llamados fallidos a Maradona y la euforia detr\u00e1s del tel\u00e9fono<\/a> se public\u00f3 primero en <a rel=\"nofollow\" href=\"https:\/\/ladecimaweb.com\">LaDecima<\/a>.<\/p>\n","protected":false},"excerpt":{"rendered":"<p>(Mario Albera) Un d\u00eda me propuse entrevistar a Diego Maradona, aunque sea por unos segundos. Y ojo que dije segundos y no minutos, lo cual implica el reconocimiento de semejante faena. Esto pas\u00f3 cuando la Provincia decidi\u00f3 bautizar al estadio C\u00f3rdoba con el nombre del goleador y campe\u00f3n mundial del &#8217;78, Mario Alberto Kempes. En [&hellip;]<\/p>\n","protected":false},"author":1,"featured_media":6050,"comment_status":"closed","ping_status":"closed","sticky":false,"template":"","format":"standard","meta":[],"categories":[19],"tags":[],"_links":{"self":[{"href":"http:\/\/hoycordobaweb.com\/index.php\/wp-json\/wp\/v2\/posts\/6049"}],"collection":[{"href":"http:\/\/hoycordobaweb.com\/index.php\/wp-json\/wp\/v2\/posts"}],"about":[{"href":"http:\/\/hoycordobaweb.com\/index.php\/wp-json\/wp\/v2\/types\/post"}],"author":[{"embeddable":true,"href":"http:\/\/hoycordobaweb.com\/index.php\/wp-json\/wp\/v2\/users\/1"}],"replies":[{"embeddable":true,"href":"http:\/\/hoycordobaweb.com\/index.php\/wp-json\/wp\/v2\/comments?post=6049"}],"version-history":[{"count":0,"href":"http:\/\/hoycordobaweb.com\/index.php\/wp-json\/wp\/v2\/posts\/6049\/revisions"}],"wp:featuredmedia":[{"embeddable":true,"href":"http:\/\/hoycordobaweb.com\/index.php\/wp-json\/wp\/v2\/media\/6050"}],"wp:attachment":[{"href":"http:\/\/hoycordobaweb.com\/index.php\/wp-json\/wp\/v2\/media?parent=6049"}],"wp:term":[{"taxonomy":"category","embeddable":true,"href":"http:\/\/hoycordobaweb.com\/index.php\/wp-json\/wp\/v2\/categories?post=6049"},{"taxonomy":"post_tag","embeddable":true,"href":"http:\/\/hoycordobaweb.com\/index.php\/wp-json\/wp\/v2\/tags?post=6049"}],"curies":[{"name":"wp","href":"https:\/\/api.w.org\/{rel}","templated":true}]}}