{"id":60476,"date":"2023-05-24T00:53:49","date_gmt":"2023-05-24T00:53:49","guid":{"rendered":"https:\/\/www.ole.com.ar\/river-plate\/river-rondon-pase-contrato_0_BRmEbGAIvd.html"},"modified":"2023-05-24T00:53:49","modified_gmt":"2023-05-24T00:53:49","slug":"ocho-millones-por-tres-anos-unanimidad-en-la-cd-por-el-contrato-de-rondon","status":"publish","type":"post","link":"http:\/\/hoycordobaweb.com\/index.php\/2023\/05\/24\/ocho-millones-por-tres-anos-unanimidad-en-la-cd-por-el-contrato-de-rondon\/","title":{"rendered":"Ocho millones por tres a\u00f1os: unanimidad en la CD por el contrato de Rond\u00f3n"},"content":{"rendered":"<p><img src=\"http:\/\/hoycordobaweb.com\/wp-content\/uploads\/2023\/05\/ocho-millones-por-tres-anos-unanimidad-en-la-cd-por-el-contrato-de-rondon.jpg\"><\/p>\n<p><time class=\"createDate\" datetime=\"2023-05-23T21:53:49-03:00\">23\/05\/2023 21:53hs.<\/time><time class=\"modificatedDate\" datetime=\"2023\/05\/23T22:00:58-03:00\"> Actualizado al 23\/05\/2023 22:00hs.<\/time><\/p>\n<div id=\"storyBody\">\n<div class=\"custom-text \" readability=\"35.849056603774\">\n<p><strong>La Comisi\u00f3n Directiva de<\/strong><a href=\"https:\/\/www.ole.com.ar\/tema\/river-plate.html\" title=\"River Plate\" alt=\"River Plate\" class=\"slug\"><strong> River<\/strong><\/a><strong> aprob\u00f3 este martes, por unanimidad, un contrato por tres a\u00f1os del venezolano <\/strong><a href=\"https:\/\/www.ole.com.ar\/tema\/salomon-rondon.html\" title=\"Salom\u00f3n Rond\u00f3n\" alt=\"Salom\u00f3n Rond\u00f3n\" class=\"slug\"><strong>Salom\u00f3n Rond\u00f3n<\/strong><\/a> en cifras considerables: <strong>la operaci\u00f3n tota<\/strong>l por el delantero de 33 a\u00f1os <strong>ronda los ocho millones de d\u00f3lares<\/strong>, de acuerdo a la conversi\u00f3n actual de pesos a la moneda estadounidense seg\u00fan el precio oficial del Banco Naci\u00f3n: $ 234 por d\u00f3lar.<\/p>\n<\/div>\n<div class=\"sc-a7166897-0 exHLBh\" readability=\"6.5\">\n<section readability=\"3\"><picture><img alt=\"River confirm\u00f3 la fecha de inauguraci\u00f3n de la estatua de Marcelo Gallardo: cu\u00e1ndo ser\u00e1 si hay alerta meteorol\u00f3gico\" src=\"http:\/\/hoycordobaweb.com\/wp-content\/uploads\/2023\/05\/ocho-millones-por-tres-anos-unanimidad-en-la-cd-por-el-contrato-de-rondon-2.jpg\" width=\"29\" height=\"29\" decoding=\"async\" data-nimg=\"future\" loading=\"lazy\"><\/picture>\n<p><span>Mir\u00e1 tambi\u00e9n<\/span><\/p>\n<hr>\n<h3>River confirm\u00f3 la fecha de inauguraci\u00f3n de la estatua de Marcelo Gallardo: cu\u00e1ndo ser\u00e1 si hay alerta meteorol\u00f3gico<\/h3>\n<\/p>\n<\/section>\n<\/div>\n<div class=\"custom-text \" readability=\"40\">\n<p>Si bien el goleador hist\u00f3rico de la selecci\u00f3n Vinotinto lleg\u00f3 en condici\u00f3n de libre luego de la finalizaci\u00f3n de su v\u00ednculo con el Everton de Inglaterra, <strong>en la formalidad el acuerdo incluy\u00f3 el pago de la ficha para satisfacer las pretensiones econ\u00f3micas de Rond\u00f3n<\/strong>. As\u00ed, <strong>el club abonar\u00e1 una suma cercana a los u$s 2.000.000<\/strong> bajo ese concepto. Y<strong> a esta cifra se le agregan el monto de los salarios anuales, que en 2023 ser\u00e1 inferior al de 2024 (el m\u00e1s elevado) y 2025<\/strong>. En tanto, el sueldo mensual de Salom\u00f3n ser\u00e1 el mismo que la mayor\u00eda del plantel, con cifras muy por debajo de los acuerdos por temporada.<\/p>\n<\/div>\n<div class=\"sc-a7166897-0 exHLBh\" readability=\"6\">\n<section readability=\"2\"><picture><img alt=\"El jugador de River que fue a alentar a un equipo colombiano en La Plata\" src=\"http:\/\/hoycordobaweb.com\/wp-content\/uploads\/2023\/05\/ocho-millones-por-tres-anos-unanimidad-en-la-cd-por-el-contrato-de-rondon-3.jpg\" width=\"29\" height=\"29\" decoding=\"async\" data-nimg=\"future\" loading=\"lazy\"><\/picture>\n<p><span>Mir\u00e1 tambi\u00e9n<\/span><\/p>\n<hr>\n<h3>El jugador de River que fue a alentar a un equipo colombiano en La Plata<\/h3>\n<\/p>\n<\/section>\n<\/div>\n<div class=\"sc-a7166897-0 exHLBh\" readability=\"6\">\n<section readability=\"2\"><picture><img alt=\"El comentario de Funes Mori a Kranevitter que ilusion\u00f3 a los hinchas de River\" src=\"http:\/\/hoycordobaweb.com\/wp-content\/uploads\/2023\/05\/ocho-millones-por-tres-anos-unanimidad-en-la-cd-por-el-contrato-de-rondon-4.jpg\" width=\"29\" height=\"29\" decoding=\"async\" data-nimg=\"future\" loading=\"lazy\"><\/picture>\n<p><span>Mir\u00e1 tambi\u00e9n<\/span><\/p>\n<hr>\n<h3>El comentario de Funes Mori a Kranevitter que ilusion\u00f3 a los hinchas de River<\/h3>\n<\/p>\n<\/section>\n<\/div>\n<div class=\"custom-text \" readability=\"37\">\n<p><strong>Los 20 miembros de la CD presentes en la reuni\u00f3n votaron a favor del convenio con Rond\u00f3n<\/strong>, principalmente porque es una metodolog\u00eda que se viene aplicando con jugadores no residentes en Argentina. Y tambi\u00e9n <strong>existe un acuerdo de palabra que el club entienden como muy importante: en caso de que el delantero no logre el nivel pretendido, el contrato se rescindir\u00eda sin ning\u00fan inconveniente. <\/strong><\/p>\n<\/div>\n<div class=\"sc-a7166897-0 exHLBh\" readability=\"7\">\n<section readability=\"4\"><picture><img alt=\"Con De la Cruz, sin Mammana y la inc\u00f3gnita de siempre: el probable 11 de River vs. Sporting Cristal\" src=\"http:\/\/hoycordobaweb.com\/wp-content\/uploads\/2023\/05\/ocho-millones-por-tres-anos-unanimidad-en-la-cd-por-el-contrato-de-rondon-5.jpg\" width=\"29\" height=\"29\" decoding=\"async\" data-nimg=\"future\" loading=\"lazy\"><\/picture>\n<p><span>Mir\u00e1 tambi\u00e9n<\/span><\/p>\n<hr>\n<h3>Con De la Cruz, sin Mammana y la inc\u00f3gnita de siempre: el probable 11 de River vs. Sporting Cristal<\/h3>\n<\/p>\n<\/section>\n<\/div>\n<p><h2>Los n\u00fameros de Rond\u00f3n con la camiseta de River<\/h2>\n<\/p>\n<div class=\"custom-text \" readability=\"32.275334608031\">\n<p>Obviamente, el delantero que fue compa\u00f1ero de Mart\u00edn Demichelis en el M\u00e1laga y que hizo una extensa carrera en Europa tendr\u00e1 ingresos acordes a su jerarqu\u00eda internacional, m\u00e1s all\u00e1 de que por el momento no ha logrado defender su curr\u00edculum en la cancha, porque apenas convirti\u00f3 dos goles (ambos ante Hurac\u00e1n) en los 593 minutos que jug\u00f3 en 25 partidos diferentes, en los que fue titular solo en siete. Encima, <a href=\"https:\/\/www.ole.com.ar\/river-plate\/salomon-rondon-river-rendimiento-partidos-nivel-titular_0_KGE7dTR5gq.html\" target=\"_blank\" rel=\"noopener noreferrer\">su \u00faltima imagen fue la de su baj\u00edsimo rendimiento en la derrota de River ante Talleres en C\u00f3rdoba<\/a>.<\/p>\n<\/div>\n<div class=\"sc-a7166897-0 exHLBh\" readability=\"6\">\n<section readability=\"2\"><picture><img alt=\"Atento River: en Italia dicen que Milan tiene en la mira a Beltr\u00e1n y Echeverri\" src=\"http:\/\/hoycordobaweb.com\/wp-content\/uploads\/2023\/05\/ocho-millones-por-tres-anos-unanimidad-en-la-cd-por-el-contrato-de-rondon-6.jpg\" width=\"29\" height=\"29\" decoding=\"async\" data-nimg=\"future\" loading=\"lazy\"><\/picture>\n<p><span>Mir\u00e1 tambi\u00e9n<\/span><\/p>\n<hr>\n<h3>Atento River: en Italia dicen que Milan tiene en la mira a Beltr\u00e1n y Echeverri<\/h3>\n<\/p>\n<\/section>\n<\/div>\n<div class=\"custom-text \">\n<h2>Los goles de Rond\u00f3n en River<\/h2>\n<\/div>\n<div class=\"sc-7ce6049-0 dwIKul\">\n<div class=\"sc-7ce6049-1 bdcBBS videoText\" id=\"contentTitleundefinedKlbs2Al5\"><svg fill=\"#ffffff\"><symbol id=\"play\" viewBox=\"0 0 512 512\"><path d=\"M512 256C512 397.4 397.4 512 256 512C114.6 512 0 397.4 0 256C0 114.6 114.6 0 256 0C397.4 0 512 114.6 512 256zM176 168V344C176 352.7 180.7 360.7 188.3 364.9C195.8 369.2 205.1 369 212.5 364.5L356.5 276.5C363.6 272.1 368 264.4 368 256C368 247.6 363.6 239.9 356.5 235.5L212.5 147.5C205.1 142.1 195.8 142.8 188.3 147.1C180.7 151.3 176 159.3 176 168V168z\" \/><\/symbol><use xlink:href=\"#play\" \/><\/svg><\/p>\n<div class=\"right\">\n<p>River Plate<!-- --> &#8211;<!-- --> <span>23-5-2023<\/span><\/p>\n<h2 class=\"title-vid\">Rond\u00f3n anot\u00f3 el 1 a 0 de penal<\/h2>\n<\/div>\n<\/div>\n<p><span class=\"back\" id=\"spanBackundefinedKlbs2Al5\"><\/span><\/div>\n<div class=\"sc-7ce6049-0 dwIKul\">\n<div class=\"sc-7ce6049-1 bdcBBS videoText\" id=\"contentTitleundefined6tSQBXEB\"><svg fill=\"#ffffff\"><symbol id=\"play\" viewBox=\"0 0 512 512\"><path d=\"M512 256C512 397.4 397.4 512 256 512C114.6 512 0 397.4 0 256C0 114.6 114.6 0 256 0C397.4 0 512 114.6 512 256zM176 168V344C176 352.7 180.7 360.7 188.3 364.9C195.8 369.2 205.1 369 212.5 364.5L356.5 276.5C363.6 272.1 368 264.4 368 256C368 247.6 363.6 239.9 356.5 235.5L212.5 147.5C205.1 142.1 195.8 142.8 188.3 147.1C180.7 151.3 176 159.3 176 168V168z\" \/><\/symbol><use xlink:href=\"#play\" \/><\/svg><\/p>\n<div class=\"right\">\n<p>River Plate<!-- --> &#8211;<!-- --> <span>23-5-2023<\/span><\/p>\n<h2 class=\"title-vid\">Doblete de Rond\u00f3n ante Hurac\u00e1n<\/h2>\n<\/div>\n<\/div>\n<p><span class=\"back\" id=\"spanBackundefined6tSQBXEB\"><\/span><\/div>\n<div class=\"sc-a7166897-0 exHLBh\" readability=\"6\">\n<section readability=\"2\"><picture><img alt=\"Flamengo empez\u00f3 a mover sus fichas para llevarse a De la Cruz\" src=\"http:\/\/hoycordobaweb.com\/wp-content\/uploads\/2023\/05\/ocho-millones-por-tres-anos-unanimidad-en-la-cd-por-el-contrato-de-rondon-7.jpg\" width=\"29\" height=\"29\" decoding=\"async\" data-nimg=\"future\" loading=\"lazy\"><\/picture>\n<p><span>Mir\u00e1 tambi\u00e9n<\/span><\/p>\n<hr>\n<h3>Flamengo empez\u00f3 a mover sus fichas para llevarse a De la Cruz<\/h3>\n<\/p>\n<\/section>\n<\/div>\n<\/div>\n","protected":false},"excerpt":{"rendered":"<p>23\/05\/2023 21:53hs. Actualizado al 23\/05\/2023 22:00hs. La Comisi\u00f3n Directiva de River aprob\u00f3 este martes, por unanimidad, un contrato por tres a\u00f1os del venezolano Salom\u00f3n Rond\u00f3n en cifras considerables: la operaci\u00f3n total por el delantero de 33 a\u00f1os ronda los ocho millones de d\u00f3lares, de acuerdo a la conversi\u00f3n actual de pesos a la moneda estadounidense [&hellip;]<\/p>\n","protected":false},"author":1,"featured_media":60477,"comment_status":"open","ping_status":"closed","sticky":false,"template":"","format":"standard","meta":[],"categories":[16],"tags":[],"_links":{"self":[{"href":"http:\/\/hoycordobaweb.com\/index.php\/wp-json\/wp\/v2\/posts\/60476"}],"collection":[{"href":"http:\/\/hoycordobaweb.com\/index.php\/wp-json\/wp\/v2\/posts"}],"about":[{"href":"http:\/\/hoycordobaweb.com\/index.php\/wp-json\/wp\/v2\/types\/post"}],"author":[{"embeddable":true,"href":"http:\/\/hoycordobaweb.com\/index.php\/wp-json\/wp\/v2\/users\/1"}],"replies":[{"embeddable":true,"href":"http:\/\/hoycordobaweb.com\/index.php\/wp-json\/wp\/v2\/comments?post=60476"}],"version-history":[{"count":0,"href":"http:\/\/hoycordobaweb.com\/index.php\/wp-json\/wp\/v2\/posts\/60476\/revisions"}],"wp:featuredmedia":[{"embeddable":true,"href":"http:\/\/hoycordobaweb.com\/index.php\/wp-json\/wp\/v2\/media\/60477"}],"wp:attachment":[{"href":"http:\/\/hoycordobaweb.com\/index.php\/wp-json\/wp\/v2\/media?parent=60476"}],"wp:term":[{"taxonomy":"category","embeddable":true,"href":"http:\/\/hoycordobaweb.com\/index.php\/wp-json\/wp\/v2\/categories?post=60476"},{"taxonomy":"post_tag","embeddable":true,"href":"http:\/\/hoycordobaweb.com\/index.php\/wp-json\/wp\/v2\/tags?post=60476"}],"curies":[{"name":"wp","href":"https:\/\/api.w.org\/{rel}","templated":true}]}}