{"id":60452,"date":"2023-05-23T14:35:24","date_gmt":"2023-05-23T14:35:24","guid":{"rendered":"https:\/\/enfermeria.fcm.unc.edu.ar\/?p=4187"},"modified":"2023-05-23T14:35:24","modified_gmt":"2023-05-23T14:35:24","slug":"modalidad-distancia-apertura-de-inscripciones-para-egresados-as-de-universidades-publicas-y-privadas","status":"publish","type":"post","link":"http:\/\/hoycordobaweb.com\/index.php\/2023\/05\/23\/modalidad-distancia-apertura-de-inscripciones-para-egresados-as-de-universidades-publicas-y-privadas\/","title":{"rendered":"Modalidad Distancia: APERTURA DE INSCRIPCIONES PARA EGRESADOS\/AS DE UNIVERSIDADES P\u00daBLICAS Y PRIVADAS"},"content":{"rendered":"<p><strong>Segundo ciclo de la Licenciatura en Enfermer\u00eda Modalidad a Distancia<\/strong><\/p>\n<p><strong>APERTURA DE INSCRIPCIONES PARA EGRESADOS\/AS DE UNIVERSIDADES P\u00daBLICAS Y PRIVADAS<\/strong><\/p>\n<p>La Escuela de Enfermer\u00eda dependiente de la Facultad de Ciencias M\u00e9dicas de la UNC comunica que, a partir del <strong>5 de junio del corriente a\u00f1o, <\/strong>se receptar\u00e1n las inscripciones para el Segundo Ciclo de la carrera de Licenciatura en Enfermer\u00eda modalidad a distancia para enfermeros\/as egresados\/as <strong>de Universidades P\u00fablicas o Privadas con t\u00edtulo oficialmente reconocido con validez nacional.<\/strong><\/p>\n<p><strong>&nbsp;<\/strong><strong>Las postulaciones se receptar\u00e1n en el Despacho de Alumnos\/as de la Escuela de Enfermer\u00eda, los siguientes d\u00edas <u>del 5 al 8 de junio y del 12 al 15 de junio de 2023.<\/u><\/strong><\/p>\n<p><strong>FUERA DE ESA FECHA <u>NO SE ACEPTAR\u00c1N M\u00c1S SOLICITUDES.<\/u><\/strong><\/p>\n<p><strong>Requisito de Postulaci\u00f3n:<\/strong><\/p>\n<ul>\n<li><strong>&nbsp;<\/strong>Poseer T\u00edtulo y certificado anal\u00edtico de Enfermero\/a egresado\/a de Universidades P\u00fablicas o Privadas con t\u00edtulo oficialmente reconocido con validez nacional.<\/li>\n<\/ul>\n<p><strong>Ficha catastral:<\/strong><\/p>\n<ul>\n<li>Exclusivamente para Enfermeros\/as de otras Universidades P\u00fablicas o Privadas.<\/li>\n<li><strong>Deber\u00e1n ingresar al siguiente link para completar la Ficha de preinscripci\u00f3n: <\/strong><strong>a partir del 5 de junio (dicho enlace estar\u00e1 habilitado del 5 al 8 de Junio \u00daNICAMENTE) (no hacerlo antes, de lo contrario su inscripci\u00f3n no ser\u00e1 aceptada):<\/strong><a href=\"https:\/\/preinscripcion.guarani.unc.edu.ar\/preinscripcion\/\">https:\/\/preinscripcion.guarani.unc.edu.ar\/preinscripcion\/ <\/a>INSTRUCTIVO-PREINSCRIPCION-ALUMNO-NUEVO_2023.pdf<\/li>\n<\/ul>\n<p><strong>&nbsp;<\/strong><strong>Requisitos obligatorios para cargar en la Preinscripci\u00f3n<\/strong>:<\/p>\n<ul>\n<li>Foto 4\u00d74 (imagen digital) con extensi\u00f3n (formato jpg)<strong>.<\/strong><\/li>\n<li>Certificado anal\u00edtico del Secundario <strong>legalizado por el rectorado de la UNC. (todas las hojas juntas en un mismo archivo pdf).<\/strong><\/li>\n<li>DNI (formato digital de ambas caras en un \u00fanico archivo).<\/li>\n<\/ul>\n<p><strong>&nbsp;<\/strong><strong><u>Postulaci\u00f3n<\/u><\/strong><strong>: los\/las postulantes deber\u00e1n presentarse \u00fanicamente de manera presencial los d<\/strong><strong>\u00ed<\/strong><strong>as 5,6,7,8,12,13,14, y 15 de junio en el horario de 9:00 a 12:00 horas en Despacho de Alumnos con toda la documentaci\u00f3n requerida ya sea en formato original y fotocopias.<\/strong><\/p>\n<p><strong>Documentaci\u00f3n COMPLETA a presentar:<\/strong><\/p>\n<ul>\n<li><strong>Ficha catastral<\/strong>:<strong> impresa y firmada por el\/la interesado\/a. <\/strong><\/li>\n<li><strong>Diploma de Enfermero\/a<\/strong> (original y copia) legalizado por la Universidad de origen <strong>(la copia debe decir es copia fiel del original).<\/strong><\/li>\n<li><strong>Certificado anal\u00edtico del T\u00edtulo de Enfermero\/a<\/strong> legalizado por la Universidad que lo expide: original y copia <strong>(la copia debe decir: es copia fiel del original).<\/strong><\/li>\n<li><strong>NO SE ACEPTAN CONSTANCIAS DE T\u00cdTULO EN TR\u00c1MITE.<\/strong><\/li>\n<li><strong>Presentar DNI.<\/strong><\/li>\n<li><strong>Certificado anal\u00edtico original del Secundario y fotocopia legalizados por el Rectorado de la UNC.<\/strong><\/li>\n<li><strong>Foto Carnet 4\u00d74.<\/strong><\/li>\n<li><strong>Estudiantes extranjeros: deber\u00e1n presentar obligatoriamente la original y copia de la CONVALIDACI\u00d3N DEL T<\/strong><strong>\u00cd<\/strong><strong>TULO DEL NIVEL SECUNDARIO LEGALIZADA POR EL RECTORADO DE LA UNC. <\/strong><\/li>\n<\/ul>\n<p><strong><u>IMPORTANTE<\/u><\/strong><strong>: <\/strong><\/p>\n<p><strong>&nbsp;<\/strong><strong>LOS T<\/strong><strong>\u00cd<\/strong><strong>TULOS DEL NIVEL SECUNDARIO QUE FUERON EMITIDOS ANTES DEL A\u00d1O 2010 ANTES DE PROCEDER A LEGALIZARLOS EN EL RECTORADO DE LA UNC, DEBER<\/strong><strong>\u00c1<\/strong><strong>N REALIZAR PREVIAMENTE A LA INSCRIPCI\u00d3N ELTR<\/strong><strong>\u00c1<\/strong><strong>MITE DE LEGALIZACI\u00d3N ANTE EL MINISTERIO DEL INTERIOR DE LA NACI\u00d3N, YA QUE LA GESTI\u00d3N CORRESPONDIENTE PARA OBTENERLA TARDA ENTRE 5 Y 7 D\u00edAS H\u00c1BILES; LUEGO DE HABER CUMPLIMENTADO ESE PASO DE LEGALIZACI\u00d3N, PODR\u00c1N LEGALIZARLO EN OFICIAL<\/strong><strong>\u00cd<\/strong><strong>A MAYOR DEL RECTORADO DE LA UNC.<\/strong><\/p>\n<p><strong>&nbsp;<\/strong><strong>El LINK PARA REALIZAR EL TR\u00c1MITE EN EL MINISTERIO DEL INTERIOR ES:<\/strong><\/p>\n<p><strong>&nbsp;<\/strong><strong>https:\/\/www.argentina.gob.ar\/servicio\/legalizar-documentos-publicos<\/strong><\/p>\n","protected":false},"excerpt":{"rendered":"<p>Segundo ciclo de la Licenciatura en Enfermer\u00eda Modalidad a Distancia APERTURA DE INSCRIPCIONES PARA EGRESADOS\/AS DE UNIVERSIDADES P\u00daBLICAS Y PRIVADAS La Escuela de Enfermer\u00eda dependiente de la Facultad de Ciencias M\u00e9dicas de la UNC comunica que, a partir del 5 de junio del corriente a\u00f1o, se receptar\u00e1n las inscripciones para el Segundo Ciclo de la [&hellip;]<\/p>\n","protected":false},"author":1,"featured_media":0,"comment_status":"closed","ping_status":"closed","sticky":false,"template":"","format":"standard","meta":[],"categories":[17],"tags":[],"_links":{"self":[{"href":"http:\/\/hoycordobaweb.com\/index.php\/wp-json\/wp\/v2\/posts\/60452"}],"collection":[{"href":"http:\/\/hoycordobaweb.com\/index.php\/wp-json\/wp\/v2\/posts"}],"about":[{"href":"http:\/\/hoycordobaweb.com\/index.php\/wp-json\/wp\/v2\/types\/post"}],"author":[{"embeddable":true,"href":"http:\/\/hoycordobaweb.com\/index.php\/wp-json\/wp\/v2\/users\/1"}],"replies":[{"embeddable":true,"href":"http:\/\/hoycordobaweb.com\/index.php\/wp-json\/wp\/v2\/comments?post=60452"}],"version-history":[{"count":0,"href":"http:\/\/hoycordobaweb.com\/index.php\/wp-json\/wp\/v2\/posts\/60452\/revisions"}],"wp:attachment":[{"href":"http:\/\/hoycordobaweb.com\/index.php\/wp-json\/wp\/v2\/media?parent=60452"}],"wp:term":[{"taxonomy":"category","embeddable":true,"href":"http:\/\/hoycordobaweb.com\/index.php\/wp-json\/wp\/v2\/categories?post=60452"},{"taxonomy":"post_tag","embeddable":true,"href":"http:\/\/hoycordobaweb.com\/index.php\/wp-json\/wp\/v2\/tags?post=60452"}],"curies":[{"name":"wp","href":"https:\/\/api.w.org\/{rel}","templated":true}]}}