{"id":60414,"date":"2023-05-22T22:55:20","date_gmt":"2023-05-22T22:55:20","guid":{"rendered":"https:\/\/ladecimaweb.com\/?p=16758"},"modified":"2023-05-22T22:55:20","modified_gmt":"2023-05-22T22:55:20","slug":"el-partido-popular-del-cuarteto-se-lanza-en-villa-el-libertador","status":"publish","type":"post","link":"http:\/\/hoycordobaweb.com\/index.php\/2023\/05\/22\/el-partido-popular-del-cuarteto-se-lanza-en-villa-el-libertador\/","title":{"rendered":"El Partido Popular del Cuarteto se lanza en Villa El Libertador"},"content":{"rendered":"<div class=\"boldgrid-section\">\n<div class=\"container\">\n<div class=\"row\">\n<div class=\"col-md-12 col-xs-12 col-sm-12\">\n<p>Este jueves a las 15 horas el Partido Popular del Cuarteto lanzar\u00e1 su plataforma electoral con un show en la plaza de Villa El Libertador. El encuentro promete m\u00fasica y pol\u00edtica. El partido lleva como candidato a gobernador a Patricia Bon, locutora de Radio Popular; y vicegobernador, a Roberto Zarantonello, due\u00f1o del espacio Forja.&nbsp;<\/p>\n<p class=\"\"><img loading=\"lazy\" class=\"alignnone size-full wp-image-16760\" src=\"http:\/\/hoycordobaweb.com\/wp-content\/uploads\/2023\/05\/el-partido-popular-del-cuarteto-se-lanza-en-villa-el-libertador.jpg\" alt=\"\" width=\"569\" height=\"411\"><\/p>\n<p>&nbsp;<\/p>\n<\/div>\n<\/div>\n<\/div>\n<\/div>\n<p>La entrada <a rel=\"nofollow\" href=\"https:\/\/ladecimaweb.com\/el-partido-popular-del-cuarteto-se-lanza-en-villa-el-libertador\/\">El Partido Popular del Cuarteto se lanza en Villa El Libertador<\/a> se public\u00f3 primero en <a rel=\"nofollow\" href=\"https:\/\/ladecimaweb.com\">LaDecima<\/a>.<\/p>\n","protected":false},"excerpt":{"rendered":"<p>Este jueves a las 15 horas el Partido Popular del Cuarteto lanzar\u00e1 su plataforma electoral con un show en la plaza de Villa El Libertador. El encuentro promete m\u00fasica y pol\u00edtica. El partido lleva como candidato a gobernador a Patricia Bon, locutora de Radio Popular; y vicegobernador, a Roberto Zarantonello, due\u00f1o del espacio Forja.&nbsp; &nbsp; [&hellip;]<\/p>\n","protected":false},"author":1,"featured_media":60415,"comment_status":"closed","ping_status":"closed","sticky":false,"template":"","format":"standard","meta":[],"categories":[19],"tags":[],"_links":{"self":[{"href":"http:\/\/hoycordobaweb.com\/index.php\/wp-json\/wp\/v2\/posts\/60414"}],"collection":[{"href":"http:\/\/hoycordobaweb.com\/index.php\/wp-json\/wp\/v2\/posts"}],"about":[{"href":"http:\/\/hoycordobaweb.com\/index.php\/wp-json\/wp\/v2\/types\/post"}],"author":[{"embeddable":true,"href":"http:\/\/hoycordobaweb.com\/index.php\/wp-json\/wp\/v2\/users\/1"}],"replies":[{"embeddable":true,"href":"http:\/\/hoycordobaweb.com\/index.php\/wp-json\/wp\/v2\/comments?post=60414"}],"version-history":[{"count":0,"href":"http:\/\/hoycordobaweb.com\/index.php\/wp-json\/wp\/v2\/posts\/60414\/revisions"}],"wp:featuredmedia":[{"embeddable":true,"href":"http:\/\/hoycordobaweb.com\/index.php\/wp-json\/wp\/v2\/media\/60415"}],"wp:attachment":[{"href":"http:\/\/hoycordobaweb.com\/index.php\/wp-json\/wp\/v2\/media?parent=60414"}],"wp:term":[{"taxonomy":"category","embeddable":true,"href":"http:\/\/hoycordobaweb.com\/index.php\/wp-json\/wp\/v2\/categories?post=60414"},{"taxonomy":"post_tag","embeddable":true,"href":"http:\/\/hoycordobaweb.com\/index.php\/wp-json\/wp\/v2\/tags?post=60414"}],"curies":[{"name":"wp","href":"https:\/\/api.w.org\/{rel}","templated":true}]}}