{"id":60391,"date":"2023-05-18T16:04:33","date_gmt":"2023-05-18T16:04:33","guid":{"rendered":"https:\/\/www.trendencias.com\/moda-famosas\/chiara-ferragni-se-marca-lookazo-totalmente-tendencia-sexy-para-estreno-su-reality-the-ferragnez-que-puedes-copiar-mango"},"modified":"2023-05-18T16:04:33","modified_gmt":"2023-05-18T16:04:33","slug":"chiara-ferragni-se-marca-un-lookazo-totalmente-en-tendencia-y-de-lo-mas-sexy-para-el-estreno-de-su-reality-the-ferragnez-que-puedes-copiar-en-mango","status":"publish","type":"post","link":"http:\/\/hoycordobaweb.com\/index.php\/2023\/05\/18\/chiara-ferragni-se-marca-un-lookazo-totalmente-en-tendencia-y-de-lo-mas-sexy-para-el-estreno-de-su-reality-the-ferragnez-que-puedes-copiar-en-mango\/","title":{"rendered":"Chiara Ferragni se marca un lookazo totalmente en tendencia y de lo m\u00e1s sexy para el estreno de su reality The Ferragnez que puedes copiar en Mango"},"content":{"rendered":"<p>No hay nada que se le resista a Chiara Ferragni. La italiana, considerada como la <em>blogger <\/em>primigenia con su alias original theblondesalad, nombre que sigue manteniendo en algunos de sus negocios, acaba de estrenar junto a su marido, el rapero Fedez, y el resto de su familia la segunda temporada de su <em>reality<\/em>, The Ferragnez, en Prime Video.<\/p>\n<p><!-- BREAK 1 --><\/p>\n<div class=\"article-asset article-asset-normal article-asset-center\">\n<div class=\"desvio-container\">\n<div class=\"desvio\">\n<div class=\"desvio-figure js-desvio-figure\"> <a href=\"https:\/\/www.trendencias.com\/belleza\/chiara-ferragni-apuesta-fuerte-grandes-tendencias-maquillaje-2023-potente-delineado-ojos\"> <img alt=\"Chiara Ferragni apuesta fuerte por una de las grandes tendencias de maquillaje del 2023: un potente delineado de ojos \" src=\"http:\/\/hoycordobaweb.com\/wp-content\/uploads\/2023\/05\/chiara-ferragni-se-marca-un-lookazo-totalmente-en-tendencia-y-de-lo-mas-sexy-para-el-estreno-de-su-reality-the-ferragnez-que-puedes-copiar-en-mango.jpg\"> <\/a> <\/div><\/div><\/div>\n<\/div>\n<p>En esta entrega del documental que sigue la vida de una de las familias m\u00e1s conocidas de internet se exploran temas como el de la enfermedad del cantante, as\u00ed como la comentada, supuesta, crisis de pareja que estall\u00f3 por los aires tras el Festival de San Remo, donde la empresaria <a href=\"https:\/\/www.trendencias.com\/moda-famosas\/prueba-que-vestido-dior-al-desnudo-chiara-ferragni-festival-sanremo-2023-copia-jean-paul-gaultier-1994\">se marc\u00f3 un Cristina Pedroche con un vestido de Dior que no dejaba nada a la imaginaci\u00f3n<\/a> con una finalidad muy clara: <strong>us\u00f3 su plataforma para denunciar<\/strong> problemas como el machismo en la sociedad o el odio en redes.<\/p>\n<p><!-- BREAK 2 --> <\/p>\n<div class=\"video-boost-container article-asset-normal\"> <span class=\"video-boost-title\">MANGO CASA<\/span>\n<\/div>\n<p>Ayer fue la <em>premi\u00e8re<\/em> de la producci\u00f3n de la plataforma de Amazon en Mil\u00e1n, la ciudad de residencia de Chiara, Fedez, Leo y Vitto, los hijos del matrimonio, y la italiana pos\u00f3 con un <em>lookazo <\/em>en negro<em> <\/em>que adem\u00e1s de ser de lo m\u00e1s sensual aunaba detalles <em>cut-out<\/em>, una de <a href=\"https:\/\/www.trendencias.com\/propuestas-y-consejos\/estos-vestidos-tendencia-esta-temporada-primavera-verano-2023-vamos-todo\">las tendencias en vestidos de esta temporada primavera-verano 2023<\/a>, con una silueta muy de alfombra roja de los 2000 y guantes con transparencias, un <em>must <\/em>en las presentaciones de las grandes casas de moda en los \u00faltimos tiempos.<\/p>\n<p><!-- BREAK 3 --> <\/p>\n<p>El dise\u00f1o que llev\u00f3 Chiara Ferragni es de la firma M\u00f4not, cuya \u00faltima colecci\u00f3n pivota entre el blanco y el negro con un toque de rojo y rosa. El mismo vestido que lleva la protagonista del <em>reality <\/em>lo luci\u00f3 hace unos d\u00edas tambi\u00e9n la modelo Elsa Hosk para asistir a unos premios, a la que la casa hab\u00eda vestido previamente para la posfiesta de los Oscars de Vanity Fair el a\u00f1o pasado.<\/p>\n<p><!-- BREAK 4 --><\/p>\n<p>Su <em>look<\/em> de belleza iba a las mil maravillas con <strong>la est\u00e9tica de <\/strong><em><strong>femme fatale<\/strong><\/em> de la propuesta. Para el maquillaje opt\u00f3 por una combinaci\u00f3n que lleva muy a menudo, potenciando m\u00e1s la mirada, con unas pesta\u00f1as extralargas y un ahumado oscuro pero suave, y apostando por un labio m\u00e1s natural. Sin duda, su mejor complemento fue su peinado con raya al lado y largo <em>mob<\/em>, <a href=\"https:\/\/www.trendencias.com\/belleza\/cortes-pelo-tendencia-2023-peluquerias-repetiran-parar\">una de las tendencias en cortes de pelo de este 2023<\/a>.<\/p>\n<p><!-- BREAK 5 --><\/p>\n<p>Por muy inalcanzable que te parezca el estilismo de Chiara Ferragni, es posible conseguirlo gracias a <strong>la colecci\u00f3n Capsule de Mango<\/strong>, que incluye un dise\u00f1o que tiene el escote cruzado con tiras finas como el de M\u00f4not y un gran escote en la espalda. Por razones m\u00e1s que evidentes no es el mismo modelo, pero se acerca bastante a la idea. Su precio es de <a href=\"https:\/\/shop.mango.com\/es\/mujer\/vestidos-y-monos-largos\/vestido-lentejuelas-maxi-flor_47066713.html?c=99&amp;talla=22&amp;gclid=Cj0KCQjwmZejBhC_ARIsAGhCqnft3qtC6-mFpTOtuE3m06c_5rrAQZwmf0AJc0kHFRP-AY4dw7GU0egaAsq5EALw_wcB&amp;gclsrc=aw.ds\">200 euros<\/a>.<\/p>\n<p><!-- BREAK 6 --><\/p>\n<div class=\"article-asset-image article-asset-normal article-asset-center\">\n<div class=\"asset-content\">\n<div class=\"base-wrapper-image\"> <img class=\"sf-lazy centro_sinmarco\" data-sf-srcset=\"http:\/\/hoycordobaweb.com\/wp-content\/uploads\/2023\/05\/chiara-ferragni-se-marca-un-lookazo-totalmente-en-tendencia-y-de-lo-mas-sexy-para-el-estreno-de-su-reality-the-ferragnez-que-puedes-copiar-en-mango-1.jpg 450w, http:\/\/hoycordobaweb.com\/wp-content\/uploads\/2023\/05\/chiara-ferragni-se-marca-un-lookazo-totalmente-en-tendencia-y-de-lo-mas-sexy-para-el-estreno-de-su-reality-the-ferragnez-que-puedes-copiar-en-mango-6.jpg 681w,http:\/\/hoycordobaweb.com\/wp-content\/uploads\/2023\/05\/chiara-ferragni-se-marca-un-lookazo-totalmente-en-tendencia-y-de-lo-mas-sexy-para-el-estreno-de-su-reality-the-ferragnez-que-puedes-copiar-en-mango-7.jpg 1024w, http:\/\/hoycordobaweb.com\/wp-content\/uploads\/2023\/05\/chiara-ferragni-se-marca-un-lookazo-totalmente-en-tendencia-y-de-lo-mas-sexy-para-el-estreno-de-su-reality-the-ferragnez-que-puedes-copiar-en-mango-8.jpg 1366w,\" data-sf-src=\"http:\/\/hoycordobaweb.com\/wp-content\/uploads\/2023\/05\/chiara-ferragni-se-marca-un-lookazo-totalmente-en-tendencia-y-de-lo-mas-sexy-para-el-estreno-de-su-reality-the-ferragnez-que-puedes-copiar-en-mango-1.jpg\" alt=\"Chiara Ferragni The Ferragnez Vestido Lentejuelas Negro Mango\"> <noscript><img alt=\"Chiara Ferragni The Ferragnez Vestido Lentejuelas Negro Mango\" class=\"centro_sinmarco\" src=\"http:\/\/hoycordobaweb.com\/wp-content\/uploads\/2023\/05\/chiara-ferragni-se-marca-un-lookazo-totalmente-en-tendencia-y-de-lo-mas-sexy-para-el-estreno-de-su-reality-the-ferragnez-que-puedes-copiar-en-mango-1.jpg\"><\/noscript> <\/div><\/div>\n<\/div>\n<div class=\"article-asset-image article-asset-normal article-asset-center\">\n<div class=\"asset-content\">\n<div class=\"base-wrapper-image\"> <img class=\"sf-lazy centro_sinmarco\" data-sf-srcset=\"http:\/\/hoycordobaweb.com\/wp-content\/uploads\/2023\/05\/chiara-ferragni-se-marca-un-lookazo-totalmente-en-tendencia-y-de-lo-mas-sexy-para-el-estreno-de-su-reality-the-ferragnez-que-puedes-copiar-en-mango-2.jpg 450w, http:\/\/hoycordobaweb.com\/wp-content\/uploads\/2023\/05\/chiara-ferragni-se-marca-un-lookazo-totalmente-en-tendencia-y-de-lo-mas-sexy-para-el-estreno-de-su-reality-the-ferragnez-que-puedes-copiar-en-mango-9.jpg 681w,http:\/\/hoycordobaweb.com\/wp-content\/uploads\/2023\/05\/chiara-ferragni-se-marca-un-lookazo-totalmente-en-tendencia-y-de-lo-mas-sexy-para-el-estreno-de-su-reality-the-ferragnez-que-puedes-copiar-en-mango-10.jpg 1024w, http:\/\/hoycordobaweb.com\/wp-content\/uploads\/2023\/05\/chiara-ferragni-se-marca-un-lookazo-totalmente-en-tendencia-y-de-lo-mas-sexy-para-el-estreno-de-su-reality-the-ferragnez-que-puedes-copiar-en-mango-11.jpg 1366w,\" data-sf-src=\"http:\/\/hoycordobaweb.com\/wp-content\/uploads\/2023\/05\/chiara-ferragni-se-marca-un-lookazo-totalmente-en-tendencia-y-de-lo-mas-sexy-para-el-estreno-de-su-reality-the-ferragnez-que-puedes-copiar-en-mango-2.jpg\" alt=\"Chiara Ferragni The Ferragnez Vestido Lentejuelas Negro Mango Espalda\"> <noscript><img alt=\"Chiara Ferragni The Ferragnez Vestido Lentejuelas Negro Mango Espalda\" class=\"centro_sinmarco\" src=\"http:\/\/hoycordobaweb.com\/wp-content\/uploads\/2023\/05\/chiara-ferragni-se-marca-un-lookazo-totalmente-en-tendencia-y-de-lo-mas-sexy-para-el-estreno-de-su-reality-the-ferragnez-que-puedes-copiar-en-mango-2.jpg\"><\/noscript> <\/div><\/div>\n<\/div>\n<p>Si quieres ponerle el broche de oro con los guantes, tienes estos en Amazon por tan solo <a class=\"js-ecommerce\" href=\"https:\/\/www.trendencias.com\/redirect?url=https%3A%2F%2Fwww.amazon.es%2FGuantes-Negros-Rejilla-Fiestas-Carnaval%2Fdp%2FB09X31RRQG%2Fref%3Dsr_1_5%3F__mk_es_ES%3D%25C3%2585M%25C3%2585%25C5%25BD%25C3%2595%25C3%2591%26crid%3D1GWQTGCPM8VKN%26keywords%3Dguantes%2Btransparentes%2Bnegro%26qid%3D1684425204%26sprefix%3Dguantes%2Btransparentes%2Bnegros%252Caps%252C93%26sr%3D8-5&amp;category=moda-famosas&amp;asc_campaign=evergreen_analytics\" data-vars-affiliate-url=\"https:\/\/www.trendencias.com\/redirect?url=https%3A%2F%2Fwww.amazon.es%2FGuantes-Negros-Rejilla-Fiestas-Carnaval%2Fdp%2FB09X31RRQG%2Fref%3Dsr_1_5%3F__mk_es_ES%3D%25C3%2585M%25C3%2585%25C5%25BD%25C3%2595%25C3%2591%26crid%3D1GWQTGCPM8VKN%26keywords%3Dguantes%2Btransparentes%2Bnegro%26qid%3D1684425204%26sprefix%3Dguantes%2Btransparentes%2Bnegros%252Caps%252C93%26sr%3D8-5&amp;category=moda-famosas&amp;asc_campaign=evergreen_analytics\">10,89 euros<\/a>, pero si quieres acercarte a tu mercer\u00eda de confianza para comprobar la calidad de los que tengan all\u00ed, pues ni tan mal, ya que adem\u00e1s al ser de tul cualquier fallo en la confecci\u00f3n se hace m\u00e1s notable. En cualquier caso, aqu\u00ed te los dejamos.<\/p>\n<p><!-- BREAK 7 --><\/p>\n<div class=\"article-asset-image article-asset-normal article-asset-center\">\n<div class=\"asset-content\">\n<div class=\"base-wrapper-image\"> <img class=\"sf-lazy centro_sinmarco\" data-sf-srcset=\"http:\/\/hoycordobaweb.com\/wp-content\/uploads\/2023\/05\/chiara-ferragni-se-marca-un-lookazo-totalmente-en-tendencia-y-de-lo-mas-sexy-para-el-estreno-de-su-reality-the-ferragnez-que-puedes-copiar-en-mango-3.jpg 450w, http:\/\/hoycordobaweb.com\/wp-content\/uploads\/2023\/05\/chiara-ferragni-se-marca-un-lookazo-totalmente-en-tendencia-y-de-lo-mas-sexy-para-el-estreno-de-su-reality-the-ferragnez-que-puedes-copiar-en-mango-12.jpg 681w,http:\/\/hoycordobaweb.com\/wp-content\/uploads\/2023\/05\/chiara-ferragni-se-marca-un-lookazo-totalmente-en-tendencia-y-de-lo-mas-sexy-para-el-estreno-de-su-reality-the-ferragnez-que-puedes-copiar-en-mango-13.jpg 1024w, http:\/\/hoycordobaweb.com\/wp-content\/uploads\/2023\/05\/chiara-ferragni-se-marca-un-lookazo-totalmente-en-tendencia-y-de-lo-mas-sexy-para-el-estreno-de-su-reality-the-ferragnez-que-puedes-copiar-en-mango-14.jpg 1366w,\" data-sf-src=\"http:\/\/hoycordobaweb.com\/wp-content\/uploads\/2023\/05\/chiara-ferragni-se-marca-un-lookazo-totalmente-en-tendencia-y-de-lo-mas-sexy-para-el-estreno-de-su-reality-the-ferragnez-que-puedes-copiar-en-mango-3.jpg\" alt=\"Chiara Ferragni The Ferragnez Vestido Lentejuelas Negro Mango Guantes\"> <noscript><img alt=\"Chiara Ferragni The Ferragnez Vestido Lentejuelas Negro Mango Guantes\" class=\"centro_sinmarco\" src=\"http:\/\/hoycordobaweb.com\/wp-content\/uploads\/2023\/05\/chiara-ferragni-se-marca-un-lookazo-totalmente-en-tendencia-y-de-lo-mas-sexy-para-el-estreno-de-su-reality-the-ferragnez-que-puedes-copiar-en-mango-3.jpg\"><\/noscript> <\/div><\/div>\n<\/div>\n<p><!-- PIVOT START --><\/p>\n<div class=\"pivot-ecommerce-container\">\n<div class=\"pivot-ecommerce\" readability=\"5.7488888888889\">\n<div class=\"pivot-ecommerce-figure\"> <a href=\"https:\/\/www.trendencias.com\/redirect?url=https%3A%2F%2Fwww.amazon.es%2Fdp%2FB09X31RRQG%3Ftag%3Dtrendencias-21%26linkCode%3Dogi%26th%3D1%26psc%3D1&amp;category=moda-famosas&amp;pivot=1&amp;asc_campaign=evergreen_analytics\"> <img alt=\"Guantes Negros Largos Mujer Guantes para Mujer Guantes Largos Fiesta Mujer Guantes de Rejilla Guantes Boda Guantes Largos para Boda Guantes de Noche Guantes Largos de Red para Bodas Fiestas Carnaval\" src=\"http:\/\/hoycordobaweb.com\/wp-content\/uploads\/2023\/05\/chiara-ferragni-se-marca-un-lookazo-totalmente-en-tendencia-y-de-lo-mas-sexy-para-el-estreno-de-su-reality-the-ferragnez-que-puedes-copiar-en-mango-4.jpg\"> <\/a> <\/div>\n<div class=\"pivot-ecommerce-summary\" readability=\"7.0755555555556\">\n<p class=\"pivot-ecommerce-desc\">Guantes Negros Largos Mujer Guantes para Mujer Guantes Largos Fiesta Mujer Guantes de Rejilla Guantes Boda Guantes Largos para Boda Guantes de Noche Guantes Largos de Red para Bodas Fiestas Carnaval<\/p>\n<\/p><\/div><\/div>\n<\/div>\n<p><!-- PIVOT END --><\/p>\n<p>Fotos | Gtres, <a href=\"https:\/\/shop.mango.com\/es\/mujer\/vestidos-y-monos-largos\/vestido-lentejuelas-maxi-flor_47066713.html?c=99&amp;talla=22&amp;gclid=Cj0KCQjwmZejBhC_ARIsAGhCqnft3qtC6-mFpTOtuE3m06c_5rrAQZwmf0AJc0kHFRP-AY4dw7GU0egaAsq5EALw_wcB&amp;gclsrc=aw.ds\">Mango et al.<\/a> y <a class=\"js-ecommerce\" href=\"https:\/\/www.trendencias.com\/redirect?url=https%3A%2F%2Fwww.amazon.es%2FGuantes-Negros-Rejilla-Fiestas-Carnaval%2Fdp%2FB09X31RRQG%2Fref%3Dsr_1_5%3F__mk_es_ES%3D%25C3%2585M%25C3%2585%25C5%25BD%25C3%2595%25C3%2591%26crid%3D1GWQTGCPM8VKN%26keywords%3Dguantes%2Btransparentes%2Bnegro%26qid%3D1684425204%26sprefix%3Dguantes%2Btransparentes%2Bnegros%252Caps%252C93%26sr%3D8-5&amp;category=moda-famosas&amp;asc_campaign=evergreen_analytics\" data-vars-affiliate-url=\"https:\/\/www.trendencias.com\/redirect?url=https%3A%2F%2Fwww.amazon.es%2FGuantes-Negros-Rejilla-Fiestas-Carnaval%2Fdp%2FB09X31RRQG%2Fref%3Dsr_1_5%3F__mk_es_ES%3D%25C3%2585M%25C3%2585%25C5%25BD%25C3%2595%25C3%2591%26crid%3D1GWQTGCPM8VKN%26keywords%3Dguantes%2Btransparentes%2Bnegro%26qid%3D1684425204%26sprefix%3Dguantes%2Btransparentes%2Bnegros%252Caps%252C93%26sr%3D8-5&amp;category=moda-famosas&amp;asc_campaign=evergreen_analytics\">Amazon<\/a><\/p>\n<p><!-- BREAK 8 --><\/p>\n<p>En Trendencias | <a href=\"https:\/\/www.trendencias.com\/propuestas-y-consejos\/como-llevar-vestido-negro-a-boda-dia\">C\u00f3mo llevar un vestido negro a una boda de d\u00eda<\/a><\/p>\n<p><!-- BREAK 9 --><\/p>\n<p>En Trendencias | <a href=\"https:\/\/www.trendencias.com\/propuestas-y-consejos\/vestidos-pantalones-blusas-faldas-complementos-bonitos-vistos-novedades-mango-mujer\">Los vestidos, pantalones, blusas, faldas y complementos m\u00e1s bonitos vistos en las novedades de Mango Mujer<\/a><\/p>\n<p><!-- BREAK 10 --> <\/p>\n","protected":false},"excerpt":{"rendered":"<p>No hay nada que se le resista a Chiara Ferragni. La italiana, considerada como la blogger primigenia con su alias original theblondesalad, nombre que sigue manteniendo en algunos de sus negocios, acaba de estrenar junto a su marido, el rapero Fedez, y el resto de su familia la segunda temporada de su reality, The Ferragnez, [&hellip;]<\/p>\n","protected":false},"author":1,"featured_media":60392,"comment_status":"closed","ping_status":"closed","sticky":false,"template":"","format":"standard","meta":[],"categories":[1],"tags":[],"_links":{"self":[{"href":"http:\/\/hoycordobaweb.com\/index.php\/wp-json\/wp\/v2\/posts\/60391"}],"collection":[{"href":"http:\/\/hoycordobaweb.com\/index.php\/wp-json\/wp\/v2\/posts"}],"about":[{"href":"http:\/\/hoycordobaweb.com\/index.php\/wp-json\/wp\/v2\/types\/post"}],"author":[{"embeddable":true,"href":"http:\/\/hoycordobaweb.com\/index.php\/wp-json\/wp\/v2\/users\/1"}],"replies":[{"embeddable":true,"href":"http:\/\/hoycordobaweb.com\/index.php\/wp-json\/wp\/v2\/comments?post=60391"}],"version-history":[{"count":0,"href":"http:\/\/hoycordobaweb.com\/index.php\/wp-json\/wp\/v2\/posts\/60391\/revisions"}],"wp:featuredmedia":[{"embeddable":true,"href":"http:\/\/hoycordobaweb.com\/index.php\/wp-json\/wp\/v2\/media\/60392"}],"wp:attachment":[{"href":"http:\/\/hoycordobaweb.com\/index.php\/wp-json\/wp\/v2\/media?parent=60391"}],"wp:term":[{"taxonomy":"category","embeddable":true,"href":"http:\/\/hoycordobaweb.com\/index.php\/wp-json\/wp\/v2\/categories?post=60391"},{"taxonomy":"post_tag","embeddable":true,"href":"http:\/\/hoycordobaweb.com\/index.php\/wp-json\/wp\/v2\/tags?post=60391"}],"curies":[{"name":"wp","href":"https:\/\/api.w.org\/{rel}","templated":true}]}}