{"id":60381,"date":"2023-05-21T22:11:48","date_gmt":"2023-05-21T22:11:48","guid":{"rendered":"https:\/\/www.ole.com.ar\/futbol-internacional\/benfica-empato-sporting-lisboa_0_4juGthVj5B.html"},"modified":"2023-05-21T22:11:48","modified_gmt":"2023-05-21T22:11:48","slug":"el-benfica-de-otamendi-empato-agonicamente-y-el-titulo-de-portugal-se-define-en-la-ultima-fecha","status":"publish","type":"post","link":"http:\/\/hoycordobaweb.com\/index.php\/2023\/05\/21\/el-benfica-de-otamendi-empato-agonicamente-y-el-titulo-de-portugal-se-define-en-la-ultima-fecha\/","title":{"rendered":"El Benfica de Otamendi empat\u00f3 ag\u00f3nicamente y el t\u00edtulo de Portugal se define en la \u00faltima fecha"},"content":{"rendered":"<p><img src=\"http:\/\/hoycordobaweb.com\/wp-content\/uploads\/2023\/05\/el-benfica-de-otamendi-empato-agonicamente-y-el-titulo-de-portugal-se-define-en-la-ultima-fecha.jpg\"><\/p>\n<div><img src=\"http:\/\/hoycordobaweb.com\/wp-content\/uploads\/2023\/05\/el-benfica-de-otamendi-empato-agonicamente-y-el-titulo-de-portugal-se-define-en-la-ultima-fecha.jpg\" class=\"ff-og-image-inserted\"><\/div>\n<p><time class=\"createDate\" datetime=\"2023-05-21T19:11:48-03:00\">21\/05\/2023 19:11hs.<\/time><time class=\"modificatedDate\" datetime=\"2023\/05\/21T19:39:53-03:00\"> Actualizado al 21\/05\/2023 19:39hs.<\/time><\/p>\n<div id=\"storyBody\">\n<div class=\"custom-text \" readability=\"36\">\n<p><strong>La definici\u00f3n de la Primeira Liga se posterg\u00f3 <\/strong>para la \u00faltima jornada. Con Nicol\u00e1s Otamendi como titular, <strong>Benfica igual\u00f3 este domingo 2-2 ante Sporting de Lisboa<\/strong> y no pudo asegurar el t\u00edtulo. <strong>Qued\u00f3 l\u00edder con 84 puntos, dos por encima de Porto&#8230;<\/strong> Tremendo desenlace en la fecha 34&#8230;<\/p>\n<\/div>\n<div class=\"custom-text \" readability=\"37\">\n<p>Pero <strong>si bien Benfica dej\u00f3 escapar la chance del t\u00edtulo<\/strong> (y el Porto le descont\u00f3 dos unidades el fin de semana por su triunfo por 4-2 ante Famalicao), las sensaciones no son tan negativas por c\u00f3mo se dio el partido ante el Sporting de Lisboa. <strong>Se fue al descanso perdiendo 2-0<\/strong> por los goles de Trinc\u00e3o y Diomande, pero se repuso en los \u00faltimos minutos con tantos de Aursnes y con la definici\u00f3n de Jo\u00e3o Neves en el minuto 95.<\/p>\n<\/div>\n<div class=\"custom-text \" readability=\"37\">\n<p>El <strong>Benfica debe ganar contra Santa Clara para asegurar <\/strong>el t\u00edtulo. <strong>Si empata, tambi\u00e9n podr\u00eda dar la vuelta ol\u00edmpica<\/strong>, ya que el Porto deber\u00eda golear a Guimaraes y descontar una diferencia de 11 goles. Si pierde, deber\u00e1 esperar que Porto no sume de a tres.<\/p>\n<\/div>\n<p><h3><strong>El aporte de Otamendi<\/strong><\/h3>\n<\/p>\n<div class=\"custom-text \" readability=\"37\">\n<p>Otamendi, que ha jugado 30 de los 33 partidos del torneo, <strong>complet\u00f3 nuevamente los 90 minutos con 72 toques, 92% de precisi\u00f3n de pases,<\/strong> siete despejes y cuatro intercepciones.<\/p>\n<\/div>\n<div class=\"custom-text \" readability=\"37\">\n<p><strong>En caso de lograr el t\u00edtulo con el Benfica, Otamendi sumar\u00e1 su estrella n\u00famero 23.<\/strong> En la definici\u00f3n de la \u00faltima fecha de Portugal se cruza nada menos que su presente con su pasado. Es que el defensor de la Selecci\u00f3n<strong> estuvo cuatro temporadas en el Porto, club en el que dio ocho vueltas ol\u00edmpicas<\/strong>. <\/p>\n<\/div>\n<p><h3><strong>El futuro del defensor<\/strong><\/h3>\n<\/p>\n<div class=\"custom-text \" readability=\"28.594285714286\">\n<p>En una entrevista que brind\u00f3 este semana a Radiofonicos en vivo, la radio digital de la UCA, lo consultaron puntualmente sobre su futuro,<strong> <\/strong><a href=\"https:\/\/www.ole.com.ar\/futbol-internacional\/otamendi-futuro-messi-seleccion-river-qatar_0_sKRN4yFW1G.html\" target=\"_blank\" rel=\"noopener noreferrer\"><strong>Ota dej\u00f3 abierto todo el horizonte.<\/strong><\/a><\/p>\n<\/div>\n<div class=\"custom-text \" readability=\"38\">\n<p>\u00ab<strong>En alg\u00fan momento se van a apagar las luces y ah\u00ed ver\u00e9<\/strong>: seguramente voy a estar relacionado con el f\u00fatbol cuando deje de jugar. Y sobre mi futuro, nada&#8230; De momento estoy enfocado en el Benfica, ya que nos quedan dos partidos y mi deseo es conquistar el primer t\u00edtulo con el club porque los a\u00f1os anteriores no fueron del todo buenos. Y despu\u00e9s se ver\u00e1 qu\u00e9 pasa\u00bb, dijo el zaguero.<\/p>\n<\/div>\n<p><h3><strong>El sue\u00f1o de River, por ahora no<\/strong><\/h3>\n<\/p>\n<div class=\"custom-text \" readability=\"36\">\n<p>A un mes y una semana de que expire su contrato con el Benfica, el defensor campe\u00f3n del mundo todav\u00eda tiene sobre la mesa una propuesta de renovaci\u00f3n por dos temporadas m\u00e1s una de parte de las \u00c1guilas: en las \u00faltimas horas desde el c\u00edrculo de Ota dejaron filtrar que al d\u00eda de hoy es dif\u00edcil que el central de 35 a\u00f1os ponga el gancho para continuar en Lisboa desde mediados de 2022. \u00bfEso lo acerca entonces a River?<\/p>\n<\/div>\n<div class=\"custom-text \" readability=\"36\">\n<p> No necesariamente: entre el deseo de su familia y la recomendaci\u00f3n de sus agentes, el entorno de Otamendi hoy descarta la posibilidad de que el zaguero vuelva a la Argentina en este libro de pases para cumplir con ese deseo plat\u00f3nico que tuvo desde chiquito de vestir la camiseta del club del que siempre fue hincha y fan\u00e1tico.<\/p>\n<\/div>\n<div class=\"custom-text \" readability=\"39\">\n<p>Hoy se advierte poco menos que imposible: la prioridad de una de las figuras de la Selecci\u00f3n en el Mundial de Qatar es continuar la pr\u00f3xima temporada en el f\u00fatbol del Viejo Continente, ya sea en otro club que le garantice competir internacionalmente o, en su defecto, en el propio Benfica, donde es capit\u00e1n.<\/p>\n<\/div>\n<\/div>\n","protected":false},"excerpt":{"rendered":"<p>21\/05\/2023 19:11hs. Actualizado al 21\/05\/2023 19:39hs. La definici\u00f3n de la Primeira Liga se posterg\u00f3 para la \u00faltima jornada. Con Nicol\u00e1s Otamendi como titular, Benfica igual\u00f3 este domingo 2-2 ante Sporting de Lisboa y no pudo asegurar el t\u00edtulo. Qued\u00f3 l\u00edder con 84 puntos, dos por encima de Porto&#8230; Tremendo desenlace en la fecha 34&#8230; Pero [&hellip;]<\/p>\n","protected":false},"author":1,"featured_media":60382,"comment_status":"open","ping_status":"closed","sticky":false,"template":"","format":"standard","meta":[],"categories":[16],"tags":[],"_links":{"self":[{"href":"http:\/\/hoycordobaweb.com\/index.php\/wp-json\/wp\/v2\/posts\/60381"}],"collection":[{"href":"http:\/\/hoycordobaweb.com\/index.php\/wp-json\/wp\/v2\/posts"}],"about":[{"href":"http:\/\/hoycordobaweb.com\/index.php\/wp-json\/wp\/v2\/types\/post"}],"author":[{"embeddable":true,"href":"http:\/\/hoycordobaweb.com\/index.php\/wp-json\/wp\/v2\/users\/1"}],"replies":[{"embeddable":true,"href":"http:\/\/hoycordobaweb.com\/index.php\/wp-json\/wp\/v2\/comments?post=60381"}],"version-history":[{"count":0,"href":"http:\/\/hoycordobaweb.com\/index.php\/wp-json\/wp\/v2\/posts\/60381\/revisions"}],"wp:featuredmedia":[{"embeddable":true,"href":"http:\/\/hoycordobaweb.com\/index.php\/wp-json\/wp\/v2\/media\/60382"}],"wp:attachment":[{"href":"http:\/\/hoycordobaweb.com\/index.php\/wp-json\/wp\/v2\/media?parent=60381"}],"wp:term":[{"taxonomy":"category","embeddable":true,"href":"http:\/\/hoycordobaweb.com\/index.php\/wp-json\/wp\/v2\/categories?post=60381"},{"taxonomy":"post_tag","embeddable":true,"href":"http:\/\/hoycordobaweb.com\/index.php\/wp-json\/wp\/v2\/tags?post=60381"}],"curies":[{"name":"wp","href":"https:\/\/api.w.org\/{rel}","templated":true}]}}