{"id":60356,"date":"2023-05-18T22:18:00","date_gmt":"2023-05-18T22:18:00","guid":{"rendered":"https:\/\/fm-comunicar.com.ar\/contenido\/20228\/el-origen-de-la-palabra-caroya-la-version-del-cacique-cara-de-cuero-fue-un-inven"},"modified":"2023-05-18T22:18:00","modified_gmt":"2023-05-18T22:18:00","slug":"el-origen-de-la-palabra-caroya-la-version-del-cacique-cara-de-cuero-fue-un-invento","status":"publish","type":"post","link":"http:\/\/hoycordobaweb.com\/index.php\/2023\/05\/18\/el-origen-de-la-palabra-caroya-la-version-del-cacique-cara-de-cuero-fue-un-invento\/","title":{"rendered":"El origen de la palabra Caroya: \u00bfLa versi\u00f3n del cacique \u00abCara de Cuero\u00bb fue un invento?"},"content":{"rendered":"<p>Analizamos el tema con el Director de la Estancia Jesu\u00edtica de Jes\u00fas Mar\u00eda, Carlos Ferreyra. \u00abTodav\u00eda no hay ning\u00fan documento que certifique que Caroyapa era aborigen y significaba eso\u00bb.<img src=\"http:\/\/hoycordobaweb.com\/wp-content\/uploads\/2023\/05\/el-origen-de-la-palabra-caroya-la-version-del-cacique-cara-de-cuero-fue-un-invento.png\"><\/p>\n","protected":false},"excerpt":{"rendered":"<p>Analizamos el tema con el Director de la Estancia Jesu\u00edtica de Jes\u00fas Mar\u00eda, Carlos Ferreyra. \u00abTodav\u00eda no hay ning\u00fan documento que certifique que Caroyapa era aborigen y significaba eso\u00bb.<\/p>\n","protected":false},"author":1,"featured_media":60357,"comment_status":"closed","ping_status":"closed","sticky":false,"template":"","format":"standard","meta":[],"categories":[18],"tags":[],"_links":{"self":[{"href":"http:\/\/hoycordobaweb.com\/index.php\/wp-json\/wp\/v2\/posts\/60356"}],"collection":[{"href":"http:\/\/hoycordobaweb.com\/index.php\/wp-json\/wp\/v2\/posts"}],"about":[{"href":"http:\/\/hoycordobaweb.com\/index.php\/wp-json\/wp\/v2\/types\/post"}],"author":[{"embeddable":true,"href":"http:\/\/hoycordobaweb.com\/index.php\/wp-json\/wp\/v2\/users\/1"}],"replies":[{"embeddable":true,"href":"http:\/\/hoycordobaweb.com\/index.php\/wp-json\/wp\/v2\/comments?post=60356"}],"version-history":[{"count":0,"href":"http:\/\/hoycordobaweb.com\/index.php\/wp-json\/wp\/v2\/posts\/60356\/revisions"}],"wp:featuredmedia":[{"embeddable":true,"href":"http:\/\/hoycordobaweb.com\/index.php\/wp-json\/wp\/v2\/media\/60357"}],"wp:attachment":[{"href":"http:\/\/hoycordobaweb.com\/index.php\/wp-json\/wp\/v2\/media?parent=60356"}],"wp:term":[{"taxonomy":"category","embeddable":true,"href":"http:\/\/hoycordobaweb.com\/index.php\/wp-json\/wp\/v2\/categories?post=60356"},{"taxonomy":"post_tag","embeddable":true,"href":"http:\/\/hoycordobaweb.com\/index.php\/wp-json\/wp\/v2\/tags?post=60356"}],"curies":[{"name":"wp","href":"https:\/\/api.w.org\/{rel}","templated":true}]}}