{"id":60260,"date":"2023-05-20T00:39:36","date_gmt":"2023-05-20T00:39:36","guid":{"rendered":"https:\/\/www.ole.com.ar\/seleccion\/giay-capitan-sub-20-seleccion-mundial_0_FBeiFeaUEN.html"},"modified":"2023-05-20T00:39:36","modified_gmt":"2023-05-20T00:39:36","slug":"giay-con-ole-la-revancha-el-cambio-de-mentalidad-y-la-capitania","status":"publish","type":"post","link":"http:\/\/hoycordobaweb.com\/index.php\/2023\/05\/20\/giay-con-ole-la-revancha-el-cambio-de-mentalidad-y-la-capitania\/","title":{"rendered":"Giay con Ol\u00e9: la revancha, el cambio de mentalidad y la capitan\u00eda"},"content":{"rendered":"<p><img src=\"http:\/\/hoycordobaweb.com\/wp-content\/uploads\/2023\/05\/giay-con-ole-la-revancha-el-cambio-de-mentalidad-y-la-capitania.jpg\"><\/p>\n<p><time class=\"createDate\" datetime=\"2023-05-19T21:39:36-03:00\">19\/05\/2023 21:39hs.<\/time><time class=\"modificatedDate\" datetime=\"2023\/05\/19T21:39:36-03:00\"><\/time><\/p>\n<div id=\"storyBody\">\n<div class=\"custom-text \" readability=\"36.015665796345\">\n<p>El Sudamericano Sub 20 qued\u00f3 atr\u00e1s, cuando la FIFA decidi\u00f3 sacarle la organizaci\u00f3n del <a href=\"https:\/\/www.ole.com.ar\/tema\/mundial-sub-20-2023.html\" title=\"Mundial Sub 20 2023 \" alt=\"Mundial Sub 20 2023 \" class=\"slug\"><strong>Mundial<\/strong> <\/a>a Indonesia por cuestiones socio-pol\u00edticas a Argentina le apareci\u00f3 la posibilidad de vestirse de anfitri\u00f3n y tener la posibilidad de redimirse pronto del mal paso en Colombia.<a href=\"https:\/\/www.ole.com.ar\/tema\/agustin-giay.html\" title=\"Agust\u00edn Giay\" alt=\"Agust\u00edn Giay\" class=\"slug\"> <strong>Agust\u00edn Giay<\/strong><\/a>, uno de los referentes de esta camada, tom\u00f3 la posta y habl\u00f3 con <strong>Ol\u00e9<\/strong> de lo que se viene.<\/p>\n<\/div>\n<div class=\"sc-7ce6049-0 dwIKul\">\n<div class=\"sc-7ce6049-1 bdcBBS videoText\" id=\"contentTitleundefined05ykwOSq\" readability=\"56\"><svg fill=\"#ffffff\"><symbol id=\"play\" viewBox=\"0 0 512 512\"><path d=\"M512 256C512 397.4 397.4 512 256 512C114.6 512 0 397.4 0 256C0 114.6 114.6 0 256 0C397.4 0 512 114.6 512 256zM176 168V344C176 352.7 180.7 360.7 188.3 364.9C195.8 369.2 205.1 369 212.5 364.5L356.5 276.5C363.6 272.1 368 264.4 368 256C368 247.6 363.6 239.9 356.5 235.5L212.5 147.5C205.1 142.1 195.8 142.8 188.3 147.1C180.7 151.3 176 159.3 176 168V168z\" \/><\/symbol><use xlink:href=\"#play\" \/><\/svg><\/p>\n<div class=\"right\" readability=\"7\">\n<p>Agust\u00edn Giay<!-- --> &#8211;<!-- --> <span>19-5-2023<\/span><\/p>\n<h2 class=\"title-vid\">Agust\u00edn Giay &#8211; Selecci\u00f3n Sub 20 <\/h2>\n<\/div>\n<\/div>\n<p><span class=\"back\" id=\"spanBackundefined05ykwOSq\"><\/span><\/div>\n<div class=\"custom-text \" readability=\"33\">\n<p><strong>-Despu\u00e9s de lo que pas\u00f3 en el Sudamericano, \u00bfquieren sacarse la espina en el Mundial?<\/strong><\/p>\n<\/div>\n<div class=\"custom-text \" readability=\"40\">\n<p>-Tenemos que ir con otra mentalidad, pensar que lo del Sudamericano ya pas\u00f3 y que esto es otra cosa. En alg\u00fan punto es como una revancha, yo lo siento as\u00ed. Pero esto es algo nuevo y tenemos que demostrar lo que somos y que nos merecemos estar ah\u00ed. Espero que podamos hacer un buen torneo, uno siempre juega para ganar entonces tenemos que so\u00f1ar con salir campeones&#8230; Pero tenemos que arrancar tranquilos, sumar a los chicos nuevos y hacernos fuerte como grupo porque creo que esa es la base de todo, lo que nos va a llevar a pasar de ronda y seguir avanzando.<\/p>\n<\/div>\n<div class=\"custom-text \" readability=\"32\">\n<p><strong>-\u00bfHay ansiedad por arrancar el Mundial?<\/strong><\/p>\n<\/div>\n<div class=\"custom-text \" readability=\"34\">\n<p>-Obviamente que hay ansiedad porque es un torneo muy importante y jugar con la camiseta Argentina es algo muy lindo, entonces la ansiedad est\u00e1. Pero trato de llevarlo con tranquilidad.<\/p>\n<\/div>\n<div class=\"sc-a7166897-0 exHLBh\" readability=\"6.5\">\n<section readability=\"3\"><picture><img alt=\"El pedido de Mascherano a la Selecci\u00f3n Sub 20: &quot;Despojarse de cualquier tensi\u00f3n y disfrutar&quot;\" src=\"http:\/\/hoycordobaweb.com\/wp-content\/uploads\/2023\/05\/giay-con-ole-la-revancha-el-cambio-de-mentalidad-y-la-capitania-2.jpg\" width=\"29\" height=\"29\" decoding=\"async\" data-nimg=\"future\" loading=\"lazy\"><\/picture>\n<p><span>Mir\u00e1 tambi\u00e9n<\/span><\/p>\n<hr>\n<h3>El pedido de Mascherano a la Selecci\u00f3n Sub 20: \u00abDespojarse de cualquier tensi\u00f3n y disfrutar\u00bb<\/h3>\n<\/p>\n<\/section>\n<\/div>\n<div class=\"custom-text \" readability=\"32\">\n<p><strong>-\u00bfSer\u00e1 una presi\u00f3n extra ser locales y tener al p\u00fablico en la cancha?<\/strong><\/p>\n<\/div>\n<div class=\"custom-text \" readability=\"38\">\n<p>-No s\u00e9 si presi\u00f3n, creo que va a ser algo lindo. En mi caso, nunca me toc\u00f3 jugar con la Selecci\u00f3n ac\u00e1 en el pa\u00eds, siempre los torneos o los amistosos fueron afuera, entonces va a ser una experiencia linda e importante.<\/p>\n<\/div>\n<div class=\"sc-a7166897-0 exHLBh\" readability=\"6\">\n<section readability=\"2\"><picture><img alt=\"Mundial Sub 20: todo lo que ten\u00e9s que saber de la selecci\u00f3n de Colombia\" src=\"http:\/\/hoycordobaweb.com\/wp-content\/uploads\/2023\/05\/giay-con-ole-la-revancha-el-cambio-de-mentalidad-y-la-capitania-3.jpg\" width=\"29\" height=\"29\" decoding=\"async\" data-nimg=\"future\" loading=\"lazy\"><\/picture>\n<p><span>Mir\u00e1 tambi\u00e9n<\/span><\/p>\n<hr>\n<h3>Mundial Sub 20: todo lo que ten\u00e9s que saber de la selecci\u00f3n de Colombia<\/h3>\n<\/p>\n<\/section>\n<\/div>\n<div class=\"custom-text \" readability=\"32\">\n<p><strong>-\u00bfSe siente la euforia que hay en la gente post Mundial de Qatar?<\/strong><\/p>\n<\/div>\n<div class=\"custom-text \" readability=\"39\">\n<p>-Creo que siempre estuvo, pero es cierto que como lo que pas\u00f3 en el \u00faltimo tiempo con la Selecci\u00f3n fue algo muy lindo, se gener\u00f3 una euforia especial y hace que se viva de otra manera. Pareciera que estamos totalmente locos, je. Ojal\u00e1 que nos toque vivir algo parecido a nosotros, que haya mucha gente en los partidos porque eso al jugador siempre le hace bien: lo motiva y lo levanta.<\/p>\n<\/div>\n<div class=\"custom-text \" readability=\"33\">\n<p><strong>-Hablando de la Mayor: tuviste la chance de cruzarlos ac\u00e1 en el predio. \u00bfPudiste conversar un rato? \u00bfQu\u00e9 te llam\u00f3 la atenci\u00f3n?<\/strong><\/p>\n<\/div>\n<div class=\"custom-text \" readability=\"42\">\n<p>-Charlar no tanto, si los saludamos, nos sacamos alguna foto y pudimos ver varios entrenamientos porque nosotros entren\u00e1bamos pegados a ellos&#8230; Y qu\u00e9 me sorprendi\u00f3: \u00a1Todo! La calidad que tienen, la velocidad para sacarse un jugador de encima, la pegada&#8230; Creo que esas son las cosas que m\u00e1s sobresalen. Despu\u00e9s, son jugadores que yo ve\u00eda desde chico en las ligas de Europa o en la Champions, y de golpe tenerlos ah\u00ed tan cerca fue algo muy lindo y que disfrutamos mucho. Cuando arrancaba nuestro entrenamiento nos ten\u00edan que venir a buscar porque nos quer\u00edamos quedar ah\u00ed mir\u00e1ndolos, je.<\/p>\n<\/div>\n<div class=\"sc-a7166897-0 exHLBh\" readability=\"6\">\n<section readability=\"2\"><picture><img alt=\"El uruguayo que opin\u00f3 distino a Lugano y Abreu\" src=\"http:\/\/hoycordobaweb.com\/wp-content\/uploads\/2023\/05\/giay-con-ole-la-revancha-el-cambio-de-mentalidad-y-la-capitania-4.jpg\" width=\"29\" height=\"29\" decoding=\"async\" data-nimg=\"future\" loading=\"lazy\"><\/picture>\n<p><span>Mir\u00e1 tambi\u00e9n<\/span><\/p>\n<hr>\n<h3>El uruguayo que opin\u00f3 distino a Lugano y Abreu<\/h3>\n<\/p>\n<\/section>\n<\/div>\n<div class=\"custom-text \" readability=\"39\">\n<p>A d\u00edas del debut (el s\u00e1bado a las 18) con Uzbekist\u00e1n, Giay ya est\u00e1 hace rato en modo Selecci\u00f3n, concentrado en el predio de Ezeiza. Pero viaj\u00f3 en el tiempo para contar c\u00f3mo fue que vivieron los propios futbolistas esos d\u00edas en que surgi\u00f3 la chance de poder disputar el Mundial. \u201cTenemos un grupo de WhatsApp con los chicos de la Selecci\u00f3n y nos fuimos enterando por ah\u00ed. Cuando sali\u00f3 la noticia te llegaba de un lado y del otro, je\u201d, cuenta el defensor santafesino de 19 a\u00f1os sobre la inesperada clasificaci\u00f3n a la m\u00e1xima competencia.<\/p>\n<\/div>\n<div class=\"custom-text \" readability=\"32\">\n<p><strong>-\u00bfEs muy activo el grupo de WhatsApp?<\/strong><\/p>\n<\/div>\n<div class=\"custom-text \" readability=\"37\">\n<p>-(Sonr\u00ede). S\u00ed, hablamos casi siempre. Realmente tenemos un muy lindo grupo nos llevamos todos muy bien. Obviamente se arma un grupo con cada plantel, pero tambi\u00e9n tenemos por ah\u00ed uno de antes que qued\u00f3, je.<\/p>\n<\/div>\n<div class=\"custom-text \" readability=\"34\">\n<p><strong>-A varios de los que ten\u00e9s de compa\u00f1eros los conoc\u00e9s de enfrentarlos, pero despu\u00e9s est\u00e1n los chicos que vienen de Europa&#8230;<\/strong><\/p>\n<\/div>\n<div class=\"custom-text \" readability=\"41\">\n<p>-S\u00ed, es muy lindo porque jugamos los fines de semana en contra y despu\u00e9s nos encontramos ac\u00e1 en la Selecci\u00f3n. En el Sudamericano concentr\u00e9 con Maestro Puch y nos llevamos muy bien, lo mismo con Valent\u00edn G\u00f3mez y los chicos de V\u00e9lez, como Santi Castro y Juli Fern\u00e1ndez.. Nos conocemos hace mucho y son relaciones que quedan, a veces nos jugamos afuera, a comer o tomar mates, tenemos un grupo de WhatsApp&#8230;<\/p>\n<\/div>\n<div class=\"custom-text \">\n<p><strong>-\u00bfY los Europibes?<\/strong><\/p>\n<\/div>\n<div class=\"custom-text \" readability=\"40\">\n<p>-Tambi\u00e9n, son pibes muy sanos y muy educados, que se incorporaron muy r\u00e1pido. Nosotros los sumamos como uno m\u00e1s y eso se la hace m\u00e1s f\u00e1cil a ellos, para que se adapten y se acomoden r\u00e1pido. Hay un lindo grupo y nos llevamos muy bien entre todos, por eso ellos siempre quieren venir, porque los tratamos bien y se sienten parte.<\/p>\n<\/div>\n<div class=\"custom-text \" readability=\"33\">\n<p><strong>\u00bfPudiste hablar con Paz, Garnacho y Buonanotte que finalmente no pudieron estar?<\/strong><\/p>\n<\/div>\n<div class=\"custom-text \" readability=\"37\">\n<p>-S\u00ed, habl\u00e9. Obviamente que quer\u00edan estar, pero son decisiones que a veces no las toma uno sino el club o el t\u00e9cnico. Fue una cagada para ellos y tambi\u00e9n para nosotros, pero sin dudas van a estar ah\u00ed adelant\u00e1ndonos y van a tener su oportunidad tambi\u00e9n.<\/p>\n<\/div>\n<div class=\"custom-text \" readability=\"32\">\n<p><strong>-\u00bfLes preguntan m\u00e1s ustedes por la vida en Europa o ellos por el mate y por Ke Personaje?<\/strong><\/p>\n<\/div>\n<div class=\"custom-text \" readability=\"39\">\n<p>-(Risas). Las dos cosas&#8230; Ellos preguntan mucho, pero nosotros tambi\u00e9n, je. Cada vez que viene uno le preguntamos de lo que es vivir ah\u00ed, c\u00f3mo son los clubes&#8230; Por lo menos a m\u00ed me gusta meterme, investigar un poco, je.<\/p>\n<\/div>\n<div class=\"sc-a7166897-0 exHLBh\" readability=\"6\">\n<section readability=\"2\"><picture><img alt=\"Las fotos m\u00e1s divertidas de la Sub 20 en la sesi\u00f3n de im\u00e1genes oficiales\" src=\"http:\/\/hoycordobaweb.com\/wp-content\/uploads\/2023\/05\/giay-con-ole-la-revancha-el-cambio-de-mentalidad-y-la-capitania-5.jpg\" width=\"29\" height=\"29\" decoding=\"async\" data-nimg=\"future\" loading=\"lazy\"><\/picture>\n<p><span>Mir\u00e1 tambi\u00e9n<\/span><\/p>\n<hr>\n<h3>Las fotos m\u00e1s divertidas de la Sub 20 en la sesi\u00f3n de im\u00e1genes oficiales<\/h3>\n<\/p>\n<\/section>\n<\/div>\n<div class=\"custom-text \" readability=\"32\">\n<p><strong>-\u00bfY Mascherano? \u00bfQu\u00e9 tipo de entrenador es?<\/strong><\/p>\n<\/div>\n<div class=\"custom-text \" readability=\"38\">\n<p>-Es un t\u00e9cnico que tiene mucha ida y vuelta con el jugador, que para m\u00ed es algo muy importante. Nos pregunta, nos deja dar nuestro punto de vista, en las charlas o antes de los partidos pregunta si se entiende o qu\u00e9 cambiar\u00edamos&#8230; A m\u00ed es algo que me gusta porque as\u00ed fluyen mejor las cosas porque es cuando el fin se entiende y se puede llevar mejor a cabo.<\/p>\n<\/div>\n<p><h2><strong>Giay y la capitan\u00eda<\/strong><\/h2>\n<\/p>\n<div class=\"custom-text \" readability=\"41\">\n<p>Fue la voz de mando del equipo en el Torneo de L&#8217;Alc\u00fadia y el subcapit\u00e1n -detr\u00e1s de Gino Infantino- en el Sudamericano. Ahora, de cara al Mundial, podr\u00eda ser nuevamente quien lleve la cinta. \u201cEs algo muy lindo, tuve la suerte de ser capit\u00e1n varios a\u00f1os en Juveniles, en mi categor\u00eda en el club lo fui casi siempre y <strong>es una responsabilidad muy linda.<\/strong> Para m\u00ed <strong>significa mucho estar en la Selecci\u00f3n, jugar y si adem\u00e1s me toca llevar la cinta&#8230; Es algo que les pasa a pocos y tiene un significado aparte<\/strong>\u201d, asegur\u00f3.<\/p>\n<\/div>\n<div class=\"custom-text \" readability=\"34\">\n<p><strong>-\u00bfHablan con Mascherano del tema, teniendo en cuenta que \u00e9l fue capit\u00e1n de la Selecci\u00f3n muchos a\u00f1os?<\/strong><\/p>\n<\/div>\n<div class=\"custom-text \" readability=\"36\">\n<p>-S\u00ed, quiz\u00e1 en el d\u00eda a d\u00eda vas absorbiendo m\u00e1s de los capitanes o referentes que ten\u00e9s en el club. Pero Javier obviamente que nos hace saber lo que es un capit\u00e1n y lo que es un jugador de Selecci\u00f3n&#8230; Despu\u00e9s, cada uno tiene que demostrar.<\/p>\n<\/div>\n<p><h2><strong>La complicada lesi\u00f3n que sufri\u00f3 un el Sudamericano<\/strong><\/h2>\n<\/p>\n<div class=\"custom-text \" readability=\"44\">\n<p>En el 1-3 ante Brasil, durante la fase de grupos del Sudamericano en Colombia, Giay recibi\u00f3 una patada en su pierna izquierda y sufri\u00f3 un esguince de tobillo que lo termin\u00f3 marginando de la Selecci\u00f3n y un buen tiempo del primer equipo de San Lorenzo. Pero m\u00e1s all\u00e1 del diagn\u00f3stico m\u00e9dico, en el momento estremeci\u00f3 su grito y los profundos gestos de dolor&#8230; \u201c<strong>La vi varias veces la jugada despu\u00e9s, fue una cagada porque fue mi primer lesi\u00f3n<\/strong>, nunca hab\u00eda tenido nada&#8230;<strong> Fue feo, no soy de estar parado y me gusta jugar siempre<\/strong>, si al partido siguiente ya quer\u00eda jugar, pero ten\u00eda el tobillo hinchada de una forma incre\u00edble y no me dejaron\u201d, record\u00f3.<\/p>\n<\/div>\n<div class=\"sc-7ce6049-0 dwIKul\">\n<div class=\"sc-7ce6049-1 bdcBBS videoText\" id=\"contentTitleundefinedXY9KaQsJ\" readability=\"56\"><svg fill=\"#ffffff\"><symbol id=\"play\" viewBox=\"0 0 512 512\"><path d=\"M512 256C512 397.4 397.4 512 256 512C114.6 512 0 397.4 0 256C0 114.6 114.6 0 256 0C397.4 0 512 114.6 512 256zM176 168V344C176 352.7 180.7 360.7 188.3 364.9C195.8 369.2 205.1 369 212.5 364.5L356.5 276.5C363.6 272.1 368 264.4 368 256C368 247.6 363.6 239.9 356.5 235.5L212.5 147.5C205.1 142.1 195.8 142.8 188.3 147.1C180.7 151.3 176 159.3 176 168V168z\" \/><\/symbol><use xlink:href=\"#play\" \/><\/svg><\/p>\n<div class=\"right\" readability=\"7\">\n<p>Agust\u00edn Giay<!-- --> &#8211;<!-- --> <span>19-5-2023<\/span><\/p>\n<h2 class=\"title-vid\">Giay se lesion\u00f3 en el tobillo<\/h2>\n<\/div>\n<\/div>\n<p><span class=\"back\" id=\"spanBackundefinedXY9KaQsJ\"><\/span><\/div>\n<div class=\"custom-text \" readability=\"32\">\n<p><strong>-\u00bfY el despu\u00e9s c\u00f3mo fue? \u00bfTe cost\u00f3 volver?<\/strong><\/p>\n<\/div>\n<div class=\"custom-text \" readability=\"39\">\n<p>-Y&#8230; Estuve m\u00e1s de un mes y medio y cuando arranqu\u00e9 a jugar me molestaba. Dec\u00eda que no, pero la realidad es que me jod\u00eda. Ahora, que ya tuve varios partidos seguidos, me fui soltando cada vez m\u00e1s y me voy sintiendo cada vez mejor. Me llev\u00f3 unos meses ponerme bien, pero creo que ya estoy al 100%.<\/p>\n<\/div>\n<div class=\"custom-text \" readability=\"33\">\n<p><strong>-En el momento, el grito y los gestos de dolor fueron terribles. \u00bfPensaste que te hab\u00edas roto?<\/strong><\/p>\n<\/div>\n<div class=\"custom-text \" readability=\"41\">\n<p>-Fue una sensaci\u00f3n rara, un dolor que no sab\u00e9s qu\u00e9 es lo que te pasa&#8230; Imaginate que yo sent\u00ed que hab\u00eda sido un planchazo, pero en realidad me pega adentro de la pierna y como me muevo, llego a pisar mal. La verdad es que fue un dolor muy feo, pero quer\u00eda seguir&#8230; Pasa que me mir\u00e9 el pie y al toque se me hinch\u00f3 mucho, pero ya est\u00e1. Siempre pueden ser peores las cosas, creo que la saqu\u00e9 demasiado barata.<\/p>\n<\/div>\n<\/div>\n","protected":false},"excerpt":{"rendered":"<p>19\/05\/2023 21:39hs. El Sudamericano Sub 20 qued\u00f3 atr\u00e1s, cuando la FIFA decidi\u00f3 sacarle la organizaci\u00f3n del Mundial a Indonesia por cuestiones socio-pol\u00edticas a Argentina le apareci\u00f3 la posibilidad de vestirse de anfitri\u00f3n y tener la posibilidad de redimirse pronto del mal paso en Colombia. Agust\u00edn Giay, uno de los referentes de esta camada, tom\u00f3 la [&hellip;]<\/p>\n","protected":false},"author":1,"featured_media":60261,"comment_status":"open","ping_status":"closed","sticky":false,"template":"","format":"standard","meta":[],"categories":[16],"tags":[],"_links":{"self":[{"href":"http:\/\/hoycordobaweb.com\/index.php\/wp-json\/wp\/v2\/posts\/60260"}],"collection":[{"href":"http:\/\/hoycordobaweb.com\/index.php\/wp-json\/wp\/v2\/posts"}],"about":[{"href":"http:\/\/hoycordobaweb.com\/index.php\/wp-json\/wp\/v2\/types\/post"}],"author":[{"embeddable":true,"href":"http:\/\/hoycordobaweb.com\/index.php\/wp-json\/wp\/v2\/users\/1"}],"replies":[{"embeddable":true,"href":"http:\/\/hoycordobaweb.com\/index.php\/wp-json\/wp\/v2\/comments?post=60260"}],"version-history":[{"count":0,"href":"http:\/\/hoycordobaweb.com\/index.php\/wp-json\/wp\/v2\/posts\/60260\/revisions"}],"wp:featuredmedia":[{"embeddable":true,"href":"http:\/\/hoycordobaweb.com\/index.php\/wp-json\/wp\/v2\/media\/60261"}],"wp:attachment":[{"href":"http:\/\/hoycordobaweb.com\/index.php\/wp-json\/wp\/v2\/media?parent=60260"}],"wp:term":[{"taxonomy":"category","embeddable":true,"href":"http:\/\/hoycordobaweb.com\/index.php\/wp-json\/wp\/v2\/categories?post=60260"},{"taxonomy":"post_tag","embeddable":true,"href":"http:\/\/hoycordobaweb.com\/index.php\/wp-json\/wp\/v2\/tags?post=60260"}],"curies":[{"name":"wp","href":"https:\/\/api.w.org\/{rel}","templated":true}]}}