{"id":60195,"date":"2023-05-18T19:31:43","date_gmt":"2023-05-18T19:31:43","guid":{"rendered":"http:\/\/hoycordobaweb.com\/index.php\/2023\/05\/18\/cruz-azul-el-argentino-que-tuca-ferretti-le-ha-exigido-a-la-directiva-la-silla-rota\/"},"modified":"2023-05-18T19:31:43","modified_gmt":"2023-05-18T19:31:43","slug":"cruz-azul-el-argentino-que-tuca-ferretti-le-ha-exigido-a-la-directiva-la-silla-rota","status":"publish","type":"post","link":"http:\/\/hoycordobaweb.com\/index.php\/2023\/05\/18\/cruz-azul-el-argentino-que-tuca-ferretti-le-ha-exigido-a-la-directiva-la-silla-rota\/","title":{"rendered":"Cruz Azul: El <b>argentino<\/b> que \u201cTuca\u201d Ferretti le ha exigido a la directiva | La Silla Rota"},"content":{"rendered":"<p>A Cruz Azul podr\u00eda llegar Facundo Garc\u00e9s, defensa de Col\u00f3n, en el <b>futbol argentino<\/b>. La M\u00e1quina ya habr\u00eda preguntado por su ficha anteriormente,&nbsp;&#8230; <\/p>\n","protected":false},"excerpt":{"rendered":"<p>A Cruz Azul podr\u00eda llegar Facundo Garc\u00e9s, defensa de Col\u00f3n, en el futbol argentino. La M\u00e1quina ya habr\u00eda preguntado por su ficha anteriormente,&nbsp;&#8230;<\/p>\n","protected":false},"author":1,"featured_media":0,"comment_status":"closed","ping_status":"closed","sticky":false,"template":"","format":"standard","meta":[],"categories":[22],"tags":[],"_links":{"self":[{"href":"http:\/\/hoycordobaweb.com\/index.php\/wp-json\/wp\/v2\/posts\/60195"}],"collection":[{"href":"http:\/\/hoycordobaweb.com\/index.php\/wp-json\/wp\/v2\/posts"}],"about":[{"href":"http:\/\/hoycordobaweb.com\/index.php\/wp-json\/wp\/v2\/types\/post"}],"author":[{"embeddable":true,"href":"http:\/\/hoycordobaweb.com\/index.php\/wp-json\/wp\/v2\/users\/1"}],"replies":[{"embeddable":true,"href":"http:\/\/hoycordobaweb.com\/index.php\/wp-json\/wp\/v2\/comments?post=60195"}],"version-history":[{"count":0,"href":"http:\/\/hoycordobaweb.com\/index.php\/wp-json\/wp\/v2\/posts\/60195\/revisions"}],"wp:attachment":[{"href":"http:\/\/hoycordobaweb.com\/index.php\/wp-json\/wp\/v2\/media?parent=60195"}],"wp:term":[{"taxonomy":"category","embeddable":true,"href":"http:\/\/hoycordobaweb.com\/index.php\/wp-json\/wp\/v2\/categories?post=60195"},{"taxonomy":"post_tag","embeddable":true,"href":"http:\/\/hoycordobaweb.com\/index.php\/wp-json\/wp\/v2\/tags?post=60195"}],"curies":[{"name":"wp","href":"https:\/\/api.w.org\/{rel}","templated":true}]}}