{"id":60177,"date":"2023-05-18T02:43:00","date_gmt":"2023-05-18T02:43:00","guid":{"rendered":"http:\/\/hoycordobaweb.com\/index.php\/2023\/05\/18\/investigan-al-sobrino-de-bolsonaro-por-los-ataques-del-8-de-enero\/"},"modified":"2023-05-18T02:43:00","modified_gmt":"2023-05-18T02:43:00","slug":"investigan-al-sobrino-de-bolsonaro-por-los-ataques-del-8-de-enero","status":"publish","type":"post","link":"http:\/\/hoycordobaweb.com\/index.php\/2023\/05\/18\/investigan-al-sobrino-de-bolsonaro-por-los-ataques-del-8-de-enero\/","title":{"rendered":"Investigan al sobrino de Bolsonaro por los ataques del 8 de enero"},"content":{"rendered":"<p><img src=\"http:\/\/hoycordobaweb.com\/wp-content\/uploads\/2023\/05\/investigan-al-sobrino-de-bolsonaro-por-los-ataques-del-8-de-enero.jpg\"><\/p>\n<figure class=\"mb-3\"><img loading=\"lazy\" data-src=\"http:\/\/hoycordobaweb.com\/wp-content\/uploads\/2023\/05\/investigan-al-sobrino-de-bolsonaro-por-los-ataques-del-8-de-enero-2.jpg\" src=\"https:\/\/www.telam.com.ar\/assets\/img\/not_image.png\" class=\" lazy \" width=\"100%\" height=\"100%\" alt=\"Foto Julin lvarez\"><figcaption> Foto: Juli\u00e1n \u00c1lvarez. <\/figcaption><\/figure>\n<p>Un sobrino del expresidente Jair Bolsonaro qued\u00f3 incluido este mi\u00e9rcoles en las investigaciones del Supremo Tribunal Federal (STF) de Brasil por los ataques del 8 de enero a las sedes de los tres poderes del Estado, porque la justicia considera que particip\u00f3 de manera \u00ab<strong>activa\u00bb en los \u00abviolentos actos antidemocr\u00e1ticos\u00bb<\/strong> de aquel d\u00eda.<\/p>\n<p><strong>Leonardo Rodrigues de Jesus, conocido como L\u00e9o \u00cdndio, qued\u00f3 dentro de la investigaci\u00f3n por decisi\u00f3n del juez del Supremo Dias Toffoli, que acept\u00f3 una petici\u00f3n enviada la semana pasada por la Procuradur\u00eda General, despu\u00e9s de que se convirtiera en objetivo de las operaciones a finales de enero.<\/strong><\/p>\n<p>Rodrigues, para quien se pide prisi\u00f3n preventiva, lleg\u00f3 incluso a compartir en sus redes sociales alguna de las im\u00e1genes que inmortaliz\u00f3 aquel d\u00eda a las puertas del Congreso, una de las tres sedes vandalizadas, junto a la del STF y la de la Presidencia.<\/p>\n<p>Ahora, ser\u00e1 investigado por un delito de golpe de Estado, seg\u00fan inform\u00f3 la agencia Europa Press.<\/p>\n<p>En aquella foto que Rodrigues subi\u00f3 a su cuenta de Instagram, se lo ve con los ojos enrojecidos como consecuencia de los gases lacrim\u00f3genos que lanzaron las fuerzas de seguridad para intentar detener a la multitud.<\/p>\n<p>El sobrino de Bolsonaro acus\u00f3 a los agentes de atacar a \u00abinocentes\u00bb.<\/p>\n<p>Rodrigues es primo de dos de los tres hijos de Bolsonaro, aunque es m\u00e1s pr\u00f3ximo a Carlos, de quien fue asesor en la Asamblea de R\u00edo de Janeiro, etapa que est\u00e1 bajo investigaci\u00f3n por el esc\u00e1ndalo de las &#8216;rachadinhas&#8217;, una trama de corrupci\u00f3n por la que varios concejales se quedaban con parte del sueldo de sus empleados.<\/p>\n<p>Adem\u00e1s, <strong>ocup\u00f3 cargos de confianza en varios equipos de pol\u00edticos bolsonaristas y pele\u00f3 sin \u00e9xito una diputaci\u00f3n en Brasilia en las elecciones de 2022.<\/strong><\/p>\n<p>Para eso us\u00f3 el apellido Bolsonaro a pesar de no tenerlo, porque se trata del hijo de la hermana de la exmujer del expresidente, Rog\u00e9ria Nantes.<\/p>\n<p><strong>No es la primera vez que Rodrigues es investigado por las autoridades<\/strong>, ya que en 2021, seg\u00fan cont\u00f3 Folha de Sao Paulo,<strong> la Procuradur\u00eda le abri\u00f3 un expediente por la supuesta organizaci\u00f3n y financiaci\u00f3n de manifestaciones ilegales <\/strong>el 7 de septiembre de aquel a\u00f1o, desde las que Bolsonaro lanz\u00f3 amenazas con tintes golpistas contra el Congreso y los jueces del Supremo. <\/p>\n","protected":false},"excerpt":{"rendered":"<p>Foto: Juli\u00e1n \u00c1lvarez. Un sobrino del expresidente Jair Bolsonaro qued\u00f3 incluido este mi\u00e9rcoles en las investigaciones del Supremo Tribunal Federal (STF) de Brasil por los ataques del 8 de enero a las sedes de los tres poderes del Estado, porque la justicia considera que particip\u00f3 de manera \u00abactiva\u00bb en los \u00abviolentos actos antidemocr\u00e1ticos\u00bb de aquel [&hellip;]<\/p>\n","protected":false},"author":1,"featured_media":60178,"comment_status":"open","ping_status":"closed","sticky":false,"template":"","format":"standard","meta":[],"categories":[19],"tags":[],"_links":{"self":[{"href":"http:\/\/hoycordobaweb.com\/index.php\/wp-json\/wp\/v2\/posts\/60177"}],"collection":[{"href":"http:\/\/hoycordobaweb.com\/index.php\/wp-json\/wp\/v2\/posts"}],"about":[{"href":"http:\/\/hoycordobaweb.com\/index.php\/wp-json\/wp\/v2\/types\/post"}],"author":[{"embeddable":true,"href":"http:\/\/hoycordobaweb.com\/index.php\/wp-json\/wp\/v2\/users\/1"}],"replies":[{"embeddable":true,"href":"http:\/\/hoycordobaweb.com\/index.php\/wp-json\/wp\/v2\/comments?post=60177"}],"version-history":[{"count":0,"href":"http:\/\/hoycordobaweb.com\/index.php\/wp-json\/wp\/v2\/posts\/60177\/revisions"}],"wp:featuredmedia":[{"embeddable":true,"href":"http:\/\/hoycordobaweb.com\/index.php\/wp-json\/wp\/v2\/media\/60178"}],"wp:attachment":[{"href":"http:\/\/hoycordobaweb.com\/index.php\/wp-json\/wp\/v2\/media?parent=60177"}],"wp:term":[{"taxonomy":"category","embeddable":true,"href":"http:\/\/hoycordobaweb.com\/index.php\/wp-json\/wp\/v2\/categories?post=60177"},{"taxonomy":"post_tag","embeddable":true,"href":"http:\/\/hoycordobaweb.com\/index.php\/wp-json\/wp\/v2\/tags?post=60177"}],"curies":[{"name":"wp","href":"https:\/\/api.w.org\/{rel}","templated":true}]}}